{"id":14285,"date":"2025-01-23T15:39:32","date_gmt":"2025-01-23T18:39:32","guid":{"rendered":"https:\/\/miltonmarchioli.com.br\/blog\/?p=14285"},"modified":"2026-03-30T15:50:53","modified_gmt":"2026-03-30T18:50:53","slug":"direito-medico-area-de-atuacao-profissional-desafiadora","status":"publish","type":"post","link":"https:\/\/miltonmarchioli.com.br\/blog\/direito-medico-area-de-atuacao-profissional-desafiadora\/","title":{"rendered":"DIREITO M\u00c9DICO. \u00c1rea de atua\u00e7\u00e3o profissional desafiadora!"},"content":{"rendered":"<p><a href=\"https:\/\/miltonmarchioli.com.br\/blog\/wp-content\/uploads\/DIREITO-MEDICO.jpg\"><img loading=\"lazy\" decoding=\"async\" class=\"alignleft size-medium wp-image-14286\" src=\"https:\/\/miltonmarchioli.com.br\/blog\/wp-content\/uploads\/DIREITO-MEDICO-242x300.jpg\" alt=\"\" width=\"242\" height=\"300\" srcset=\"https:\/\/miltonmarchioli.com.br\/blog\/wp-content\/uploads\/DIREITO-MEDICO-242x300.jpg 242w, https:\/\/miltonmarchioli.com.br\/blog\/wp-content\/uploads\/DIREITO-MEDICO.jpg 501w\" sizes=\"auto, (max-width: 242px) 100vw, 242px\" \/><\/a>O <strong>Direito M\u00e9dico <\/strong>\u00e9 o ramo do direito que estabelece leis para regular as atividades dos profissionais e institui\u00e7\u00f5es de sa\u00fade, sendo que o <strong>\u00a0<\/strong>primeiro<strong> CONGRESSO BRASILEIRO DE DIREITO M\u00c9DICO<\/strong> ocorreu em Bras\u00edlia em 2010, organizado pelo Conselho Federal de Medicina.<\/p>\r\n<!-- \/wp:post-content -->\r\n\r\n<!-- wp:paragraph -->\r\n<p>Surgiu com a necessidade de regulamenta\u00e7\u00e3o de demandas judiciais envolvendo a \u00e1rea da sa\u00fade, bem como as de \u00e2mbito administrativo.<\/p>\r\n<!-- \/wp:paragraph -->\r\n\r\n<!-- wp:paragraph -->\r\n<p>Inicialmente, na primeira d\u00e9cada do s\u00e9culo 21, as quest\u00f5es mais comuns eram relativas ao poss\u00edvel ou prov\u00e1vel erro m\u00e9dico quando da atua\u00e7\u00e3o do m\u00e9dico e ou da cobertura do plano de sa\u00fade contratada pelo usu\u00e1rio do plano de sa\u00fade e as limita\u00e7\u00f5es impostas pelo mesmo.<\/p>\r\n<!-- \/wp:paragraph -->\r\n\r\n<!-- wp:paragraph -->\r\n<p>Posteriormente, e mais recentemente, os lit\u00edgios passaram a incluir os pedidos de medicamentos em face do governo\u00a0 municipal e ou estadual e operadoras de sa\u00fade e cooperativas m\u00e9dicas. Existe tamb\u00e9m o\u00a0<strong>Direito M\u00e9dico\u00a0<\/strong>preventivo de modo a evitar a judicializa\u00e7\u00e3o e eliminar as demandas dos usu\u00e1rios em face do SUS e ou das operadoras de sa\u00fade, sejam as mesmas judiciais ou extrajudiciais.<\/p>\r\n<!-- \/wp:paragraph -->\r\n\r\n<!-- wp:paragraph -->\r\n<p>O Direito M\u00e9dico apresenta interface com o direito civil, especialmente em direito das obriga\u00e7\u00f5es e ou responsabilidade civil\u00a0ou nos contratos entre usu\u00e1rios e planos de sa\u00fade.<\/p>\r\n<!-- \/wp:paragraph -->\r\n\r\n<!-- wp:paragraph -->\r\n<p>A Constitui\u00e7\u00e3o Federal de 1988 afirma que <strong>o <\/strong>Estado tem a responsabilidade de promover o acesso ao SUS com cinco princ\u00edpios: universaliza\u00e7\u00e3o, equidade, integralidade, descentraliza\u00e7\u00e3o e participa\u00e7\u00e3o popular.<\/p>\r\n<!-- \/wp:paragraph -->\r\n\r\n<!-- wp:paragraph -->\r\n<p>Os princ\u00edpios constitucionais que norteiam o direito m\u00e9dico e da sa\u00fade est\u00e3o positivados nos artigos 196 e 197 da Constitui\u00e7\u00e3o Federal de 1988:<\/p>\r\n<!-- \/wp:paragraph -->\r\n\r\n<!-- wp:paragraph -->\r\n<p><strong><em>Art. 196<\/em><\/strong><em>. A sa\u00fade \u00e9 direito de todos e dever do Estado, garantido mediante pol\u00edticas sociais e econ\u00f4micas que visem \u00e0 redu\u00e7\u00e3o do risco de doen\u00e7a e de outros agravos e ao acesso universal e igualit\u00e1rio \u00e0s a\u00e7\u00f5es e servi\u00e7os para sua promo\u00e7\u00e3o, prote\u00e7\u00e3o e recupera\u00e7\u00e3o<\/em>.<\/p>\r\n<!-- \/wp:paragraph -->\r\n\r\n<!-- wp:paragraph -->\r\n<p><strong><em>Art. 197<\/em><\/strong><em>. S\u00e3o de relev\u00e2ncia p\u00fablica as a\u00e7\u00f5es e servi\u00e7os de sa\u00fade, cabendo ao Poder P\u00fablico dispor, nos termos da lei, sobre sua regulamenta\u00e7\u00e3o, fiscaliza\u00e7\u00e3o e controle, devendo sua execu\u00e7\u00e3o ser feita diretamente ou atrav\u00e9s de terceiros e, tamb\u00e9m, por pessoa f\u00edsica ou jur\u00eddica de direito privado\u201d<\/em>.<\/p>\r\n<!-- \/wp:paragraph -->\r\n\r\n<!-- wp:paragraph -->\r\n<p>Outrossim,\u00a0s\u00e3o direitos fundamentais com efic\u00e1cia plena.<\/p>\r\n<!-- \/wp:paragraph -->\r\n\r\n<!-- wp:paragraph -->\r\n<p>Ainda n\u00e3o existe uma disciplina de direito m\u00e9dico e ou hospitalar nos cursos de grada\u00e7\u00e3o de direito e ou curso de medicina.<\/p>\r\n<!-- \/wp:paragraph -->\r\n\r\n<!-- wp:paragraph -->\r\n<p>Contudo, \u00e9 imprescind\u00edvel que os egressos dos cursos de medicina aprendam o C\u00f3digo de \u00c9tica M\u00e9dica durante a gradua\u00e7\u00e3o, pois muitos atos m\u00e9dicos com imper\u00edcia, imprud\u00eancia e ou neglig\u00eancia decorrem do n\u00e3o conhecimento dos princ\u00edpios e artigos do mesmo (Resolu\u00e7\u00e3o do Conselho Federal de Medicina 2217\/2018).<\/p>\r\n<!-- \/wp:paragraph -->\r\n\r\n<!-- wp:paragraph -->\r\n<p>Para o pleno exerc\u00edcio do Direito M\u00e9dico pelo advogado \u00e9 mister que o profissional conhe\u00e7a profundamente medicina e direito, pois, assim a a\u00e7\u00e3o judicial ser\u00e1 discutida com mais intensidade e profundidade imprescind\u00edveis para o deslinde de uma causa! <a href=\"https:\/\/miltonmarchioli.com.br\/blog\/wp-content\/uploads\/DIREITO-MEDICO-2-2.jpg\"><img loading=\"lazy\" decoding=\"async\" class=\"aligncenter size-full wp-image-14287\" src=\"https:\/\/miltonmarchioli.com.br\/blog\/wp-content\/uploads\/DIREITO-MEDICO-2-2.jpg\" alt=\"\" width=\"1018\" height=\"449\" srcset=\"https:\/\/miltonmarchioli.com.br\/blog\/wp-content\/uploads\/DIREITO-MEDICO-2-2.jpg 1018w, https:\/\/miltonmarchioli.com.br\/blog\/wp-content\/uploads\/DIREITO-MEDICO-2-2-300x132.jpg 300w, https:\/\/miltonmarchioli.com.br\/blog\/wp-content\/uploads\/DIREITO-MEDICO-2-2-768x339.jpg 768w\" sizes=\"auto, (max-width: 1018px) 100vw, 1018px\" \/><\/a><\/p>","protected":false},"excerpt":{"rendered":"<p>O Direito M\u00e9dico \u00e9 o ramo do direito que estabelece leis para regular as atividades dos profissionais e institui\u00e7\u00f5es de sa\u00fade, sendo que o \u00a0primeiro CONGRESSO BRASILEIRO DE DIREITO M\u00c9DICO ocorreu em Bras\u00edlia em 2010, organizado pelo Conselho Federal de Medicina. Surgiu com a necessidade de regulamenta\u00e7\u00e3o de demandas judiciais envolvendo a \u00e1rea da sa\u00fade, &hellip; <a href=\"https:\/\/miltonmarchioli.com.br\/blog\/direito-medico-area-de-atuacao-profissional-desafiadora\/\" class=\"more-link\">Continue lendo <span class=\"screen-reader-text\">DIREITO M\u00c9DICO. \u00c1rea de atua\u00e7\u00e3o profissional desafiadora!<\/span> <span class=\"meta-nav\">&rarr;<\/span><\/a><\/p>\n","protected":false},"author":2,"featured_media":0,"comment_status":"open","ping_status":"closed","sticky":false,"template":"","format":"standard","meta":{"rop_custom_images_group":[],"rop_custom_messages_group":[],"rop_publish_now":"initial","rop_publish_now_accounts":[],"rop_publish_now_history":[],"rop_publish_now_status":"pending","footnotes":""},"categories":[8,332,13],"tags":[1365],"class_list":["post-14285","post","type-post","status-publish","format-standard","hentry","category-direito-e-saude","category-educacao","category-opiniao","tag-direito-medico-uma-area-de-atuacao-profissional-desafiadora"],"_links":{"self":[{"href":"https:\/\/miltonmarchioli.com.br\/blog\/wp-json\/wp\/v2\/posts\/14285","targetHints":{"allow":["GET"]}}],"collection":[{"href":"https:\/\/miltonmarchioli.com.br\/blog\/wp-json\/wp\/v2\/posts"}],"about":[{"href":"https:\/\/miltonmarchioli.com.br\/blog\/wp-json\/wp\/v2\/types\/post"}],"author":[{"embeddable":true,"href":"https:\/\/miltonmarchioli.com.br\/blog\/wp-json\/wp\/v2\/users\/2"}],"replies":[{"embeddable":true,"href":"https:\/\/miltonmarchioli.com.br\/blog\/wp-json\/wp\/v2\/comments?post=14285"}],"version-history":[{"count":1,"href":"https:\/\/miltonmarchioli.com.br\/blog\/wp-json\/wp\/v2\/posts\/14285\/revisions"}],"predecessor-version":[{"id":14288,"href":"https:\/\/miltonmarchioli.com.br\/blog\/wp-json\/wp\/v2\/posts\/14285\/revisions\/14288"}],"wp:attachment":[{"href":"https:\/\/miltonmarchioli.com.br\/blog\/wp-json\/wp\/v2\/media?parent=14285"}],"wp:term":[{"taxonomy":"category","embeddable":true,"href":"https:\/\/miltonmarchioli.com.br\/blog\/wp-json\/wp\/v2\/categories?post=14285"},{"taxonomy":"post_tag","embeddable":true,"href":"https:\/\/miltonmarchioli.com.br\/blog\/wp-json\/wp\/v2\/tags?post=14285"}],"curies":[{"name":"wp","href":"https:\/\/api.w.org\/{rel}","templated":true}]}}