{"id":1488,"date":"2011-11-26T22:08:18","date_gmt":"2011-11-26T22:08:18","guid":{"rendered":"http:\/\/miltonmarchioli.com.br\/blog\/?p=1488"},"modified":"2022-01-06T20:01:24","modified_gmt":"2022-01-06T23:01:24","slug":"congratuacoes-ao-professor-lafayette-pozzoli","status":"publish","type":"post","link":"https:\/\/miltonmarchioli.com.br\/blog\/congratuacoes-ao-professor-lafayette-pozzoli\/","title":{"rendered":"Homenagem da C\u00e2mara Municipal de Mar\u00edlia ao Professor Lafayette Pozzoli do Univem"},"content":{"rendered":"<p><a href=\"https:\/\/miltonmarchioli.com.br\/blog\/wp-content\/uploads\/PROFESSOR-LAFAYETEE.jpg\"><img loading=\"lazy\" decoding=\"async\" class=\"alignleft wp-image-1489\" title=\"PROFESSOR LAFAYETEE\" src=\"https:\/\/miltonmarchioli.com.br\/blog\/wp-content\/uploads\/PROFESSOR-LAFAYETEE-300x225.jpg\" alt=\"\" width=\"244\" height=\"183\" srcset=\"https:\/\/miltonmarchioli.com.br\/blog\/wp-content\/uploads\/PROFESSOR-LAFAYETEE-300x225.jpg 300w, https:\/\/miltonmarchioli.com.br\/blog\/wp-content\/uploads\/PROFESSOR-LAFAYETEE.jpg 525w\" sizes=\"auto, (max-width: 244px) 100vw, 244px\" \/><\/a>O Coordenador do Mestrado em Direito do Univem, Professor Lafayette Pozzoli, receber\u00e1 o t\u00edtulo de \u2018Cidad\u00e3o Mariliense\u2019\u00a0em comunicado\u00a0 feito no dia 24 deste m\u00eas\u00a0pelo presidente da C\u00e2mara Municipal de Mar\u00edlia, Yoshio Takaoka, acompanhado dos vereadores M\u00e1rio Cora\u00edni e Wilson Alves Damasceno, que se reuniram com o Reitor Luiz Carlos de Macedo Soares.<\/p>\n<p>A iniciativa da propositura foi do vereador M\u00e1rio Cora\u00edni J\u00fanior, professor\u00a0 da disciplina de Direito Tribut\u00e1rio do Univem, \u00a0o qual lembrou que o professor Lafayette \u00e9 nascido em Fernand\u00f3polis, e j\u00e1 orientou v\u00e1rios alunos no mestrado do Univem.<\/p>\n<p>Fui\u00a0 aluno do professor Lafayette neste ano de 2011, na disciplina de Filosofia do Direito, e bastante satisfeito pela homenagem ao educador e professor.<\/p>\n<p>Ser professor \u00e9 um sacerd\u00f3cio acima de tudo.<\/p>\n<p>Um compromisso com o ensino.<\/p>\n<p>Um educador \u00e9 um eterno compromisso com a cidadania.<\/p>\n<p>Congratula\u00e7\u00f5es ao Professor Lafayette Pozzoli !<\/p>\n<p><a href=\"https:\/\/miltonmarchioli.com.br\/blog\/wp-content\/uploads\/Lafayette-Pozzoli.jpg\"><img loading=\"lazy\" decoding=\"async\" class=\"aligncenter wp-image-9335\" src=\"https:\/\/miltonmarchioli.com.br\/blog\/wp-content\/uploads\/Lafayette-Pozzoli.jpg\" alt=\"Lafayette Pozzoli\" width=\"422\" height=\"563\" srcset=\"https:\/\/miltonmarchioli.com.br\/blog\/wp-content\/uploads\/Lafayette-Pozzoli.jpg 480w, https:\/\/miltonmarchioli.com.br\/blog\/wp-content\/uploads\/Lafayette-Pozzoli-225x300.jpg 225w\" sizes=\"auto, (max-width: 422px) 100vw, 422px\" \/><\/a><\/p>\n","protected":false},"excerpt":{"rendered":"<p>O Coordenador do Mestrado em Direito do Univem, Professor Lafayette Pozzoli, receber\u00e1 o t\u00edtulo de \u2018Cidad\u00e3o Mariliense\u2019\u00a0em comunicado\u00a0 feito no dia 24 deste m\u00eas\u00a0pelo presidente da C\u00e2mara Municipal de Mar\u00edlia, Yoshio Takaoka, acompanhado dos vereadores M\u00e1rio Cora\u00edni e Wilson Alves Damasceno, que se reuniram com o Reitor Luiz Carlos de Macedo Soares. A iniciativa da &hellip; <a href=\"https:\/\/miltonmarchioli.com.br\/blog\/congratuacoes-ao-professor-lafayette-pozzoli\/\" class=\"more-link\">Continue lendo <span class=\"screen-reader-text\">Homenagem da C\u00e2mara Municipal de Mar\u00edlia ao Professor Lafayette Pozzoli do Univem<\/span> <span class=\"meta-nav\">&rarr;<\/span><\/a><\/p>\n","protected":false},"author":2,"featured_media":0,"comment_status":"open","ping_status":"open","sticky":false,"template":"","format":"standard","meta":{"rop_custom_images_group":[],"rop_custom_messages_group":[],"rop_publish_now":"initial","rop_publish_now_accounts":[],"rop_publish_now_history":[],"rop_publish_now_status":"pending","footnotes":""},"categories":[18,332,13],"tags":[711,118,415],"class_list":["post-1488","post","type-post","status-publish","format-standard","hentry","category-direito","category-educacao","category-opiniao","tag-homenagem-camara-municipal-de-marilia","tag-professor-lafayette-pozzoli-univem","tag-univem"],"_links":{"self":[{"href":"https:\/\/miltonmarchioli.com.br\/blog\/wp-json\/wp\/v2\/posts\/1488","targetHints":{"allow":["GET"]}}],"collection":[{"href":"https:\/\/miltonmarchioli.com.br\/blog\/wp-json\/wp\/v2\/posts"}],"about":[{"href":"https:\/\/miltonmarchioli.com.br\/blog\/wp-json\/wp\/v2\/types\/post"}],"author":[{"embeddable":true,"href":"https:\/\/miltonmarchioli.com.br\/blog\/wp-json\/wp\/v2\/users\/2"}],"replies":[{"embeddable":true,"href":"https:\/\/miltonmarchioli.com.br\/blog\/wp-json\/wp\/v2\/comments?post=1488"}],"version-history":[{"count":17,"href":"https:\/\/miltonmarchioli.com.br\/blog\/wp-json\/wp\/v2\/posts\/1488\/revisions"}],"predecessor-version":[{"id":13466,"href":"https:\/\/miltonmarchioli.com.br\/blog\/wp-json\/wp\/v2\/posts\/1488\/revisions\/13466"}],"wp:attachment":[{"href":"https:\/\/miltonmarchioli.com.br\/blog\/wp-json\/wp\/v2\/media?parent=1488"}],"wp:term":[{"taxonomy":"category","embeddable":true,"href":"https:\/\/miltonmarchioli.com.br\/blog\/wp-json\/wp\/v2\/categories?post=1488"},{"taxonomy":"post_tag","embeddable":true,"href":"https:\/\/miltonmarchioli.com.br\/blog\/wp-json\/wp\/v2\/tags?post=1488"}],"curies":[{"name":"wp","href":"https:\/\/api.w.org\/{rel}","templated":true}]}}