{"id":1493,"date":"2011-11-27T03:29:47","date_gmt":"2011-11-27T03:29:47","guid":{"rendered":"http:\/\/miltonmarchioli.com.br\/blog\/?p=1493"},"modified":"2022-01-06T20:04:37","modified_gmt":"2022-01-06T23:04:37","slug":"festa-de-confraternizacao-da-nexus-terapia-na-cidade-de-marilia","status":"publish","type":"post","link":"https:\/\/miltonmarchioli.com.br\/blog\/festa-de-confraternizacao-da-nexus-terapia-na-cidade-de-marilia\/","title":{"rendered":"Festa de confraterniza\u00e7\u00e3o da Nexus Terapia na cidade de Mar\u00edlia"},"content":{"rendered":"<p><a href=\"https:\/\/miltonmarchioli.com.br\/blog\/wp-content\/uploads\/nexus-terapia.jpg\"><img loading=\"lazy\" decoding=\"async\" class=\"alignleft wp-image-9330\" src=\"https:\/\/miltonmarchioli.com.br\/blog\/wp-content\/uploads\/nexus-terapia.jpg\" alt=\"nexus terapia\" width=\"309\" height=\"100\" srcset=\"https:\/\/miltonmarchioli.com.br\/blog\/wp-content\/uploads\/nexus-terapia.jpg 518w, https:\/\/miltonmarchioli.com.br\/blog\/wp-content\/uploads\/nexus-terapia-300x97.jpg 300w\" sizes=\"auto, (max-width: 309px) 100vw, 309px\" \/><\/a>Estive\u00a0 no dia 26 de novembro na festa de confraterniza\u00e7\u00e3o do trabalho em grupo de clientes com a Nexus Terapia, na cidade de Mar\u00edlia, e o ambiente foi muito salutar com\u00a0 a presen\u00e7a de todos que l\u00e1 estiveram, \u00a0se confraternizando, e contando um\u00a0 pouco de suas experi\u00eancias.<\/p>\n<p>Eva Alda Vieira Coelho, respons\u00e1vel pela Nexus Terapia na cidade de Mar\u00edlia foi o destaque da festa de encerramento com os alunos presentes.<\/p>\n<p>O belo trabalho de alinhamento emocional- proposta em 21 dias- al\u00e9m de Reik, Florais de Bach, Aromaterapia, Programa\u00e7\u00e3o Neurolingu\u00edstica, pinturas em mandalas, e outras tantas atividades, tornaram a Nexus Terapia na cidade de Mar\u00edlia refer\u00eancia no centro-oeste do Estado de S\u00e3o Paulo.<\/p>\n<p><a href=\"http:\/\/nexusterapia.com.br\/\">No jantar de confraterniza\u00e7\u00e3o houve tamb\u00e9m o lan\u00e7amento do site oficial da Nexus Terapia.<\/a><\/p>\n<p><img loading=\"lazy\" decoding=\"async\" class=\"aligncenter size-full wp-image-11934\" src=\"https:\/\/miltonmarchioli.com.br\/blog\/wp-content\/uploads\/nexus-terapia-rex-thomas.jpg\" alt=\"nexus terapia- rex thomas\" width=\"1126\" height=\"800\" srcset=\"https:\/\/miltonmarchioli.com.br\/blog\/wp-content\/uploads\/nexus-terapia-rex-thomas.jpg 1126w, https:\/\/miltonmarchioli.com.br\/blog\/wp-content\/uploads\/nexus-terapia-rex-thomas-300x213.jpg 300w, https:\/\/miltonmarchioli.com.br\/blog\/wp-content\/uploads\/nexus-terapia-rex-thomas-768x546.jpg 768w, https:\/\/miltonmarchioli.com.br\/blog\/wp-content\/uploads\/nexus-terapia-rex-thomas-1024x728.jpg 1024w\" sizes=\"auto, (max-width: 1126px) 100vw, 1126px\" \/><\/p>\n","protected":false},"excerpt":{"rendered":"<p>Estive\u00a0 no dia 26 de novembro na festa de confraterniza\u00e7\u00e3o do trabalho em grupo de clientes com a Nexus Terapia, na cidade de Mar\u00edlia, e o ambiente foi muito salutar com\u00a0 a presen\u00e7a de todos que l\u00e1 estiveram, \u00a0se confraternizando, e contando um\u00a0 pouco de suas experi\u00eancias. Eva Alda Vieira Coelho, respons\u00e1vel pela Nexus Terapia &hellip; <a href=\"https:\/\/miltonmarchioli.com.br\/blog\/festa-de-confraternizacao-da-nexus-terapia-na-cidade-de-marilia\/\" class=\"more-link\">Continue lendo <span class=\"screen-reader-text\">Festa de confraterniza\u00e7\u00e3o da Nexus Terapia na cidade de Mar\u00edlia<\/span> <span class=\"meta-nav\">&rarr;<\/span><\/a><\/p>\n","protected":false},"author":2,"featured_media":0,"comment_status":"open","ping_status":"open","sticky":false,"template":"","format":"standard","meta":{"rop_custom_images_group":[],"rop_custom_messages_group":[],"rop_publish_now":"initial","rop_publish_now_accounts":[],"rop_publish_now_history":[],"rop_publish_now_status":"pending","footnotes":""},"categories":[332,13,1207],"tags":[712,495,1208],"class_list":["post-1493","post","type-post","status-publish","format-standard","hentry","category-educacao","category-opiniao","category-terapia-holistica","tag-eva-alda-vieira-coelho","tag-marilia","tag-terapia-nexus"],"_links":{"self":[{"href":"https:\/\/miltonmarchioli.com.br\/blog\/wp-json\/wp\/v2\/posts\/1493","targetHints":{"allow":["GET"]}}],"collection":[{"href":"https:\/\/miltonmarchioli.com.br\/blog\/wp-json\/wp\/v2\/posts"}],"about":[{"href":"https:\/\/miltonmarchioli.com.br\/blog\/wp-json\/wp\/v2\/types\/post"}],"author":[{"embeddable":true,"href":"https:\/\/miltonmarchioli.com.br\/blog\/wp-json\/wp\/v2\/users\/2"}],"replies":[{"embeddable":true,"href":"https:\/\/miltonmarchioli.com.br\/blog\/wp-json\/wp\/v2\/comments?post=1493"}],"version-history":[{"count":17,"href":"https:\/\/miltonmarchioli.com.br\/blog\/wp-json\/wp\/v2\/posts\/1493\/revisions"}],"predecessor-version":[{"id":13467,"href":"https:\/\/miltonmarchioli.com.br\/blog\/wp-json\/wp\/v2\/posts\/1493\/revisions\/13467"}],"wp:attachment":[{"href":"https:\/\/miltonmarchioli.com.br\/blog\/wp-json\/wp\/v2\/media?parent=1493"}],"wp:term":[{"taxonomy":"category","embeddable":true,"href":"https:\/\/miltonmarchioli.com.br\/blog\/wp-json\/wp\/v2\/categories?post=1493"},{"taxonomy":"post_tag","embeddable":true,"href":"https:\/\/miltonmarchioli.com.br\/blog\/wp-json\/wp\/v2\/tags?post=1493"}],"curies":[{"name":"wp","href":"https:\/\/api.w.org\/{rel}","templated":true}]}}