{"id":1570,"date":"2011-12-04T18:03:57","date_gmt":"2011-12-04T18:03:57","guid":{"rendered":"http:\/\/miltonmarchioli.com.br\/blog\/?p=1570"},"modified":"2022-01-07T10:50:54","modified_gmt":"2022-01-07T13:50:54","slug":"mestrado-profissionalizante-da-famema-ensino-em-saude-nao-ha-disciplinas-de-direito","status":"publish","type":"post","link":"https:\/\/miltonmarchioli.com.br\/blog\/mestrado-profissionalizante-da-famema-ensino-em-saude-nao-ha-disciplinas-de-direito\/","title":{"rendered":"Mestrado Profissionalizante da Famema &#8211; Ensino em Sa\u00fade."},"content":{"rendered":"<p><a href=\"https:\/\/miltonmarchioli.com.br\/blog\/wp-content\/uploads\/martelo.gif\"><img loading=\"lazy\" decoding=\"async\" class=\"alignleft wp-image-9308\" src=\"https:\/\/miltonmarchioli.com.br\/blog\/wp-content\/uploads\/martelo.gif\" alt=\"martelo\" width=\"258\" height=\"225\" \/><\/a>Ao analisar as disciplinas oferecidas\u00a0 pelo Mestrado Profissionalizante &#8211; &#8216;Ensino em Sa\u00fade&#8217; pela Famema\u00a0&#8211; ano de 2012- \u00a0n\u00e3o se observa temas importantes, como: Constitui\u00e7\u00e3o e SUS, Responsabilidade\u00a0Civil do Profissional de Sa\u00fade, Responsabilidade em Gest\u00e3o de Recursos em Sa\u00fade,\u00a0 Seguridade Social, Lei da Improbidade Administrativa, Direito Administrativo em Institui\u00e7\u00f5es de Sa\u00fade, Antropologia,\u00a0 Sociologia,\u00a0 e Economia.<\/p>\n<p>Por que n\u00e3o existem tais disciplinas ou temas na forma de cr\u00e9ditos nesse mestrado da Famema ?<\/p>\n<p>N\u00e3o s\u00e3o importantes ?<\/p>\n<p>Ao contr\u00e1rio do se possa imaginar, j\u00e1 temos mais de 20 mil processos envolvendo Erro M\u00e9dico no Supremo Tribunal Federal, que \u00e9 a \u00faltima inst\u00e2ncia da justi\u00e7a no Brasil.<\/p>\n<p>Imagine em primeira inst\u00e2ncia&#8230;<\/p>\n<p>Enfim, n\u00e3o discutir temas de sa\u00fade em face do biodireito, da bio\u00e9tica, com os futuros mestrandos no Mestrado Ensino em Sa\u00fade \u00e9 muito prejudicial aos mesmos, j\u00e1 que a litig\u00e2ncia, hoje em dia, entre profissionais de sa\u00fade e usu\u00e1rios do SUS \u00e9 uma constante&#8230;<\/p>\n<p>Quais s\u00e3o os crit\u00e9rios de escolha para os temas nas disciplinas obrigat\u00f3rias ?<\/p>\n<p>Quais s\u00e3o os crit\u00e9rios de escolha do docentes que estar\u00e3o como orientadores no Mestrado Profissionalizante ?<\/p>\n<p>Da forma como parece estar na matriz da grade curricular do mestrado a \u00e1rea de concentra\u00e7\u00e3o que possa ser melhor redirecionada \u00e9 para \u00e1rea de Educa\u00e7\u00e3o em visita futura pela CAPES (Coordena\u00e7\u00e3o de Aperfei\u00e7oamento de Pessoal de N\u00edvel Superior),<\/p>\n<p>A CAPES \u00e9 um \u00f3rg\u00e3o do Governo Federal do Brasil, ligado ao Minist\u00e9rio da Educa\u00e7\u00e3o respons\u00e1vel por esse sistema de avalia\u00e7\u00e3o. Na escala do mestrado, a nota m\u00e1xima \u00e9 5. J\u00e1 para o doutorado, 7 \u00e9 o\u00a0conceito\u00a0m\u00e1ximo<\/p>\n<p>Em defesa de ensino superior com padr\u00e3o de excel\u00eancia.<\/p>\n<p><a href=\"https:\/\/miltonmarchioli.com.br\/blog\/wp-content\/uploads\/direito.jpg\"><img loading=\"lazy\" decoding=\"async\" class=\"aligncenter wp-image-9306\" src=\"https:\/\/miltonmarchioli.com.br\/blog\/wp-content\/uploads\/direito.jpg\" alt=\"direito\" width=\"549\" height=\"495\" srcset=\"https:\/\/miltonmarchioli.com.br\/blog\/wp-content\/uploads\/direito.jpg 650w, https:\/\/miltonmarchioli.com.br\/blog\/wp-content\/uploads\/direito-300x270.jpg 300w\" sizes=\"auto, (max-width: 549px) 100vw, 549px\" \/><\/a><span class=\"whole-read-more\" data-can-replace-url=\"phrase\" data-url-param-0=\"ronald-reagan-o-homem-pode-ser-livre-a-medida-qu-1\" data-query=\"utm_source=internal&amp;utm_medium=link&amp;utm_campaign=phrase_snippet_wholetext\">\u201cO homem pode ser livre \u00e0 medida que o governo tenha limites; quando cresce o governo, diminui a liberdade.<\/span><\/p>\n<p style=\"text-align: center;\">Ronald Reagan<\/p>\n","protected":false},"excerpt":{"rendered":"<p>Ao analisar as disciplinas oferecidas\u00a0 pelo Mestrado Profissionalizante &#8211; &#8216;Ensino em Sa\u00fade&#8217; pela Famema\u00a0&#8211; ano de 2012- \u00a0n\u00e3o se observa temas importantes, como: Constitui\u00e7\u00e3o e SUS, Responsabilidade\u00a0Civil do Profissional de Sa\u00fade, Responsabilidade em Gest\u00e3o de Recursos em Sa\u00fade,\u00a0 Seguridade Social, Lei da Improbidade Administrativa, Direito Administrativo em Institui\u00e7\u00f5es de Sa\u00fade, Antropologia,\u00a0 Sociologia,\u00a0 e Economia. Por &hellip; <a href=\"https:\/\/miltonmarchioli.com.br\/blog\/mestrado-profissionalizante-da-famema-ensino-em-saude-nao-ha-disciplinas-de-direito\/\" class=\"more-link\">Continue lendo <span class=\"screen-reader-text\">Mestrado Profissionalizante da Famema &#8211; Ensino em Sa\u00fade.<\/span> <span class=\"meta-nav\">&rarr;<\/span><\/a><\/p>\n","protected":false},"author":2,"featured_media":0,"comment_status":"open","ping_status":"open","sticky":false,"template":"","format":"standard","meta":{"rop_custom_images_group":[],"rop_custom_messages_group":[],"rop_publish_now":"initial","rop_publish_now_accounts":[],"rop_publish_now_history":[],"rop_publish_now_status":"pending","footnotes":""},"categories":[18,8,332,13,9],"tags":[1210,202,1211],"class_list":["post-1570","post","type-post","status-publish","format-standard","hentry","category-direito","category-direito-e-saude","category-educacao","category-opiniao","category-saude-publica","tag-ensino-em-saude","tag-famema","tag-mestrado-profissionaluzane"],"_links":{"self":[{"href":"https:\/\/miltonmarchioli.com.br\/blog\/wp-json\/wp\/v2\/posts\/1570","targetHints":{"allow":["GET"]}}],"collection":[{"href":"https:\/\/miltonmarchioli.com.br\/blog\/wp-json\/wp\/v2\/posts"}],"about":[{"href":"https:\/\/miltonmarchioli.com.br\/blog\/wp-json\/wp\/v2\/types\/post"}],"author":[{"embeddable":true,"href":"https:\/\/miltonmarchioli.com.br\/blog\/wp-json\/wp\/v2\/users\/2"}],"replies":[{"embeddable":true,"href":"https:\/\/miltonmarchioli.com.br\/blog\/wp-json\/wp\/v2\/comments?post=1570"}],"version-history":[{"count":20,"href":"https:\/\/miltonmarchioli.com.br\/blog\/wp-json\/wp\/v2\/posts\/1570\/revisions"}],"predecessor-version":[{"id":13472,"href":"https:\/\/miltonmarchioli.com.br\/blog\/wp-json\/wp\/v2\/posts\/1570\/revisions\/13472"}],"wp:attachment":[{"href":"https:\/\/miltonmarchioli.com.br\/blog\/wp-json\/wp\/v2\/media?parent=1570"}],"wp:term":[{"taxonomy":"category","embeddable":true,"href":"https:\/\/miltonmarchioli.com.br\/blog\/wp-json\/wp\/v2\/categories?post=1570"},{"taxonomy":"post_tag","embeddable":true,"href":"https:\/\/miltonmarchioli.com.br\/blog\/wp-json\/wp\/v2\/tags?post=1570"}],"curies":[{"name":"wp","href":"https:\/\/api.w.org\/{rel}","templated":true}]}}