{"id":173,"date":"2011-03-09T19:57:03","date_gmt":"2011-03-09T19:57:03","guid":{"rendered":"http:\/\/miltonmarchioli.com.br\/blog\/?p=173"},"modified":"2022-01-02T10:35:53","modified_gmt":"2022-01-02T13:35:53","slug":"quem-deve-questionar-a-pericia-medica-nos-autos-na-justica-do-trabalho","status":"publish","type":"post","link":"https:\/\/miltonmarchioli.com.br\/blog\/quem-deve-questionar-a-pericia-medica-nos-autos-na-justica-do-trabalho\/","title":{"rendered":"Quem deve questionar a per\u00edcia m\u00e9dica nos autos na Justi\u00e7a do Trabalho ?"},"content":{"rendered":"<p><a href=\"https:\/\/miltonmarchioli.com.br\/blog\/wp-content\/uploads\/advogado-confuso.jpg\"><img loading=\"lazy\" decoding=\"async\" class=\"alignleft wp-image-9390\" src=\"https:\/\/miltonmarchioli.com.br\/blog\/wp-content\/uploads\/advogado-confuso-300x200.jpg\" alt=\"advogado confuso\" width=\"282\" height=\"188\" srcset=\"https:\/\/miltonmarchioli.com.br\/blog\/wp-content\/uploads\/advogado-confuso-300x200.jpg 300w, https:\/\/miltonmarchioli.com.br\/blog\/wp-content\/uploads\/advogado-confuso.jpg 400w\" sizes=\"auto, (max-width: 282px) 100vw, 282px\" \/><\/a>A Justi\u00e7a do Trabalho \u00e9 a mais dif\u00edcil de se feita, pois envolve o lado hipossuficiente, e do outro lado o empregador.<\/p>\n<p>O perito do ju\u00edzo sempre procura observar os nexos t\u00e9cnicos nas per\u00edcias a serem realizadas (atividade e risco, risco e les\u00e3o, les\u00e3o e incapacidade laborativa).<\/p>\n<p>Ou mais recentemente o NTEP \u2013 Nexo T\u00e9cnico Epidemiol\u00f3gico Previdenci\u00e1rio \u2013 por meio da Lei n. 11.430\/2006.<\/p>\n<p>O que acho estranho n\u00e3o \u00e9 o assistente t\u00e9cnico da empresa reclamada querendo impugnar o laudo pericial, mas o advogado da empresa acreditando que per\u00edcia m\u00e9dica \u00e9 mat\u00e9ria de direito material, ou processual, e n\u00e3o da medicina.<\/p>\n<p>A\u00ed \u00e9 demais&#8230;<\/p>\n<p>Ent\u00e3o, como em um momento de profunda reflex\u00e3o&#8230;<\/p>\n<p>O advogado apresenta quest\u00f5es suplementares ao perito m\u00e9dico, e n\u00e3o o assistente t\u00e9cnico da reclamada, pois sendo o mesmo m\u00e9dico pode apresentar questionamentos suplementares&#8230;<\/p>\n<p>Deveria ser!<\/p>\n<p>Mas o advogado faz os quesitos suplementares.<\/p>\n<p>\u00c9 lament\u00e1vel&#8230;<\/p>\n<p>Estamos no Brasil de Lima Barreto &#8220;Triste Fim de Policarpo Quaresma&#8221;.<\/p>\n<p>A falta de exames de imagem tem se tornado para os peritos motivo de preocupa\u00e7\u00e3o para conclus\u00e3o de laudos periciais, pois o Estado \u00e9 lento na realiza\u00e7\u00e3o desses exames.<\/p>\n<p>A Emenda\u00a0 Constitucional\u00a0 (EC) 45 mudou o Brasil.<\/p>\n<p>Danos morais e materiais sendo questionados concomitantemente com a luta por sal\u00e1rios n\u00e3o pagos no ultimo contrato de trabalho rompido entre reclamante e reclamada.<\/p>\n<p>O Brasil nunca mais ser\u00e1 o mesmo depois da EC 45.<\/p>\n<p>Se o &#8220;modus operandi&#8221; \u00e9 esse, ent\u00e3o, o perito do ju\u00edzo poder\u00e1 utilizar o Princ\u00edpio de Maquiavel.<\/p>\n<p>O perito m\u00e9dico questiona\u00a0 a mat\u00e9ria f\u00e1tica do processo, ainda que o mesmo n\u00e3o seja advogado.<\/p>\n<p>O advogado questiona a per\u00edcia, mesmo que\u00a0 n\u00e3o seja m\u00e9dico.<\/p>\n<p>Na luta pelo direito material do trabalho vale tudo ?<\/p>\n<p>\u00c9 no m\u00ednimo surreal&#8230;<\/p>\n<p>Vamos pensar, e refletir com \u00e9tica a rela\u00e7\u00e3o ideal entre perito do ju\u00edzo e os advogados no\u00a0 direito processual nas lides trabalhistas.<\/p>\n<p>Impugna\u00e7\u00e3o de laudo por advogado e n\u00e3o pelo assistente t\u00e9cnico \u00e9 inconceb\u00edvel.<\/p>\n<p>Ser\u00e1 que extrapolamos ?<\/p>\n<p><a href=\"https:\/\/miltonmarchioli.com.br\/blog\/wp-content\/uploads\/homem-questionando1.jpg\"><img loading=\"lazy\" decoding=\"async\" class=\"aligncenter wp-image-9389\" src=\"https:\/\/miltonmarchioli.com.br\/blog\/wp-content\/uploads\/homem-questionando1-1024x719.jpg\" alt=\"homem questionando\" width=\"604\" height=\"424\" srcset=\"https:\/\/miltonmarchioli.com.br\/blog\/wp-content\/uploads\/homem-questionando1-1024x719.jpg 1024w, https:\/\/miltonmarchioli.com.br\/blog\/wp-content\/uploads\/homem-questionando1-300x211.jpg 300w\" sizes=\"auto, (max-width: 604px) 100vw, 604px\" \/><\/a><\/p>\n","protected":false},"excerpt":{"rendered":"<p>A Justi\u00e7a do Trabalho \u00e9 a mais dif\u00edcil de se feita, pois envolve o lado hipossuficiente, e do outro lado o empregador. O perito do ju\u00edzo sempre procura observar os nexos t\u00e9cnicos nas per\u00edcias a serem realizadas (atividade e risco, risco e les\u00e3o, les\u00e3o e incapacidade laborativa). Ou mais recentemente o NTEP \u2013 Nexo T\u00e9cnico &hellip; <a href=\"https:\/\/miltonmarchioli.com.br\/blog\/quem-deve-questionar-a-pericia-medica-nos-autos-na-justica-do-trabalho\/\" class=\"more-link\">Continue lendo <span class=\"screen-reader-text\">Quem deve questionar a per\u00edcia m\u00e9dica nos autos na Justi\u00e7a do Trabalho ?<\/span> <span class=\"meta-nav\">&rarr;<\/span><\/a><\/p>\n","protected":false},"author":2,"featured_media":0,"comment_status":"open","ping_status":"open","sticky":false,"template":"","format":"standard","meta":{"rop_custom_images_group":[],"rop_custom_messages_group":[],"rop_publish_now":"initial","rop_publish_now_accounts":[],"rop_publish_now_history":[],"rop_publish_now_status":"pending","footnotes":""},"categories":[18,8,332,13],"tags":[288,17],"class_list":["post-173","post","type-post","status-publish","format-standard","hentry","category-direito","category-direito-e-saude","category-educacao","category-opiniao","tag-assistente-tecnico-na-pericia-do-trabalho","tag-pericia-na-justica-do-trabalho"],"_links":{"self":[{"href":"https:\/\/miltonmarchioli.com.br\/blog\/wp-json\/wp\/v2\/posts\/173","targetHints":{"allow":["GET"]}}],"collection":[{"href":"https:\/\/miltonmarchioli.com.br\/blog\/wp-json\/wp\/v2\/posts"}],"about":[{"href":"https:\/\/miltonmarchioli.com.br\/blog\/wp-json\/wp\/v2\/types\/post"}],"author":[{"embeddable":true,"href":"https:\/\/miltonmarchioli.com.br\/blog\/wp-json\/wp\/v2\/users\/2"}],"replies":[{"embeddable":true,"href":"https:\/\/miltonmarchioli.com.br\/blog\/wp-json\/wp\/v2\/comments?post=173"}],"version-history":[{"count":20,"href":"https:\/\/miltonmarchioli.com.br\/blog\/wp-json\/wp\/v2\/posts\/173\/revisions"}],"predecessor-version":[{"id":10059,"href":"https:\/\/miltonmarchioli.com.br\/blog\/wp-json\/wp\/v2\/posts\/173\/revisions\/10059"}],"wp:attachment":[{"href":"https:\/\/miltonmarchioli.com.br\/blog\/wp-json\/wp\/v2\/media?parent=173"}],"wp:term":[{"taxonomy":"category","embeddable":true,"href":"https:\/\/miltonmarchioli.com.br\/blog\/wp-json\/wp\/v2\/categories?post=173"},{"taxonomy":"post_tag","embeddable":true,"href":"https:\/\/miltonmarchioli.com.br\/blog\/wp-json\/wp\/v2\/tags?post=173"}],"curies":[{"name":"wp","href":"https:\/\/api.w.org\/{rel}","templated":true}]}}