{"id":183,"date":"2011-03-14T15:51:34","date_gmt":"2011-03-14T15:51:34","guid":{"rendered":"http:\/\/miltonmarchioli.com.br\/blog\/?p=183"},"modified":"2022-01-07T11:21:24","modified_gmt":"2022-01-07T14:21:24","slug":"manejo-farmacologico-da-epilepsia","status":"publish","type":"post","link":"https:\/\/miltonmarchioli.com.br\/blog\/manejo-farmacologico-da-epilepsia\/","title":{"rendered":"Manejo Farmacol\u00f3gico da Epilepsia"},"content":{"rendered":"<p><a href=\"https:\/\/miltonmarchioli.com.br\/blog\/wp-content\/uploads\/drogas2.jpg\"><img loading=\"lazy\" decoding=\"async\" class=\"alignleft wp-image-10062\" src=\"https:\/\/miltonmarchioli.com.br\/blog\/wp-content\/uploads\/drogas2-300x169.jpg\" alt=\"drogas\" width=\"259\" height=\"146\" srcset=\"https:\/\/miltonmarchioli.com.br\/blog\/wp-content\/uploads\/drogas2-300x169.jpg 300w, https:\/\/miltonmarchioli.com.br\/blog\/wp-content\/uploads\/drogas2.jpg 620w\" sizes=\"auto, (max-width: 259px) 100vw, 259px\" \/><\/a>Esse artigo publicado em 2008 faz uma revis\u00e3o do conceito de <a href=\"https:\/\/miltonmarchioli.com.br\/blog\/wp-content\/uploads\/Initial-Management-of-Epilepsy.pdf\" target=\"_blank\">epilepsia e de drogas antiepil\u00e9pticas <\/a>usadas no tratamento das crises convulsivas, sejam focais ou generalizadas.\u00a0 Ainda, se discute nesse artigo os efeitos adversos provocados pelas drogas antiepil\u00e9pticas.<\/p>\n<p>Sem conhecimento de farmacologia das drogas anticonvulsivantes h\u00e1 s\u00e9rio risco de ser escolher f\u00e1rmacos com mecanismos de a\u00e7\u00e3o semelhantes, e menos efetividade nos resultados esperados em tratamento proposto.<\/p>\n<p>O Ambulat\u00f3rio de Neurologia atende encaminhamentos de usu\u00e1rios do Departamento Regional de Sa\u00fade IX do Estado de S\u00e3o Paulo.<\/p>\n<p>Lutemos por uma Sa\u00fade P\u00fablica com qualidade !<\/p>\n<p>Em defesa do SUS !<\/p>\n<p><a href=\"https:\/\/miltonmarchioli.com.br\/blog\/wp-content\/uploads\/drogas-21.jpg\"><img loading=\"lazy\" decoding=\"async\" class=\"aligncenter size-full wp-image-10063\" src=\"https:\/\/miltonmarchioli.com.br\/blog\/wp-content\/uploads\/drogas-21.jpg\" alt=\"drogas 2\" width=\"600\" height=\"298\" srcset=\"https:\/\/miltonmarchioli.com.br\/blog\/wp-content\/uploads\/drogas-21.jpg 600w, https:\/\/miltonmarchioli.com.br\/blog\/wp-content\/uploads\/drogas-21-300x149.jpg 300w\" sizes=\"auto, (max-width: 600px) 100vw, 600px\" \/><\/a><\/p>\n","protected":false},"excerpt":{"rendered":"<p>Esse artigo publicado em 2008 faz uma revis\u00e3o do conceito de epilepsia e de drogas antiepil\u00e9pticas usadas no tratamento das crises convulsivas, sejam focais ou generalizadas.\u00a0 Ainda, se discute nesse artigo os efeitos adversos provocados pelas drogas antiepil\u00e9pticas. Sem conhecimento de farmacologia das drogas anticonvulsivantes h\u00e1 s\u00e9rio risco de ser escolher f\u00e1rmacos com mecanismos de &hellip; <a href=\"https:\/\/miltonmarchioli.com.br\/blog\/manejo-farmacologico-da-epilepsia\/\" class=\"more-link\">Continue lendo <span class=\"screen-reader-text\">Manejo Farmacol\u00f3gico da Epilepsia<\/span> <span class=\"meta-nav\">&rarr;<\/span><\/a><\/p>\n","protected":false},"author":2,"featured_media":0,"comment_status":"open","ping_status":"open","sticky":false,"template":"","format":"standard","meta":{"rop_custom_images_group":[],"rop_custom_messages_group":[],"rop_publish_now":"initial","rop_publish_now_accounts":[],"rop_publish_now_history":[],"rop_publish_now_status":"pending","footnotes":""},"categories":[332,4,13,9],"tags":[591],"class_list":["post-183","post","type-post","status-publish","format-standard","hentry","category-educacao","category-neurologia","category-opiniao","category-saude-publica","tag-ambulatorio-cefaleia-ambulatorio-mario-covas-famema"],"_links":{"self":[{"href":"https:\/\/miltonmarchioli.com.br\/blog\/wp-json\/wp\/v2\/posts\/183","targetHints":{"allow":["GET"]}}],"collection":[{"href":"https:\/\/miltonmarchioli.com.br\/blog\/wp-json\/wp\/v2\/posts"}],"about":[{"href":"https:\/\/miltonmarchioli.com.br\/blog\/wp-json\/wp\/v2\/types\/post"}],"author":[{"embeddable":true,"href":"https:\/\/miltonmarchioli.com.br\/blog\/wp-json\/wp\/v2\/users\/2"}],"replies":[{"embeddable":true,"href":"https:\/\/miltonmarchioli.com.br\/blog\/wp-json\/wp\/v2\/comments?post=183"}],"version-history":[{"count":18,"href":"https:\/\/miltonmarchioli.com.br\/blog\/wp-json\/wp\/v2\/posts\/183\/revisions"}],"predecessor-version":[{"id":10064,"href":"https:\/\/miltonmarchioli.com.br\/blog\/wp-json\/wp\/v2\/posts\/183\/revisions\/10064"}],"wp:attachment":[{"href":"https:\/\/miltonmarchioli.com.br\/blog\/wp-json\/wp\/v2\/media?parent=183"}],"wp:term":[{"taxonomy":"category","embeddable":true,"href":"https:\/\/miltonmarchioli.com.br\/blog\/wp-json\/wp\/v2\/categories?post=183"},{"taxonomy":"post_tag","embeddable":true,"href":"https:\/\/miltonmarchioli.com.br\/blog\/wp-json\/wp\/v2\/tags?post=183"}],"curies":[{"name":"wp","href":"https:\/\/api.w.org\/{rel}","templated":true}]}}