{"id":1920,"date":"2011-12-07T22:24:56","date_gmt":"2011-12-07T22:24:56","guid":{"rendered":"http:\/\/miltonmarchioli.com.br\/blog\/?p=1920"},"modified":"2022-01-07T14:29:02","modified_gmt":"2022-01-07T17:29:02","slug":"ggreve-dos-medicos-que-atuam-em-usf-em-marilia-alunos-do-curso-de-medicina-da-famema-deslocam-se-para-garca-desde-2009","status":"publish","type":"post","link":"https:\/\/miltonmarchioli.com.br\/blog\/ggreve-dos-medicos-que-atuam-em-usf-em-marilia-alunos-do-curso-de-medicina-da-famema-deslocam-se-para-garca-desde-2009\/","title":{"rendered":"Greve dos m\u00e9dicos que atuam em USF em Mar\u00edlia. Alunos do curso de medicina da Famema deslocam-se para Gar\u00e7a desde 2009"},"content":{"rendered":"<p><a href=\"https:\/\/miltonmarchioli.com.br\/blog\/wp-content\/uploads\/cidade-de-marilia.jpg\"><img loading=\"lazy\" decoding=\"async\" class=\"alignleft wp-image-1923\" title=\"cidade de marilia\" src=\"https:\/\/miltonmarchioli.com.br\/blog\/wp-content\/uploads\/cidade-de-marilia-300x196.jpg\" alt=\"\" width=\"237\" height=\"155\" srcset=\"https:\/\/miltonmarchioli.com.br\/blog\/wp-content\/uploads\/cidade-de-marilia-300x196.jpg 300w, https:\/\/miltonmarchioli.com.br\/blog\/wp-content\/uploads\/cidade-de-marilia.jpg 600w\" sizes=\"auto, (max-width: 237px) 100vw, 237px\" \/><\/a>Hoje se completa 10 meses de greve dos m\u00e9dicos que trabalham em USF(s) na cidade de Mar\u00edlia.<\/p>\n<p>E por qu\u00ea?<\/p>\n<p>Por falta de verbas da Prefeitura de Mar\u00edlia n\u00e3o deve ser, pois o munic\u00edpio tem arrecada\u00e7\u00e3o superior a\u00a0 500 milh\u00f5es de reais, e para 2012 deve passar de 600 milh\u00f5es de reais.<\/p>\n<p>Mas a resposta \u00e9 bem mais simples&#8230;<\/p>\n<p>Pela incompet\u00eancia do Secret\u00e1rio Municipal de Sa\u00fade de Mar\u00edlia, que n\u00e3o toma qualquer posi\u00e7\u00e3o, n\u00e3o discute com a sociedade alternativas para o certame, e ainda parece blindar o chefe do executivo de Mar\u00edlia.<\/p>\n<p>O Secret\u00e1rio Municipal de Sa\u00fade de Mar\u00edlia parece mais o Inspetor Jacques Clouseau no filme &#8220;A Pantera Cor de Rosa&#8221;.<\/p>\n<p>Intempestivo, e pouco eficiente&#8230;<a href=\"https:\/\/miltonmarchioli.com.br\/blog\/wp-content\/uploads\/a-pantera-cor-de-rosa1.jpg\"><img loading=\"lazy\" decoding=\"async\" class=\"alignright wp-image-5830\" title=\"a pantera cor de rosa\" src=\"https:\/\/miltonmarchioli.com.br\/blog\/wp-content\/uploads\/a-pantera-cor-de-rosa1.jpg\" alt=\"\" width=\"257\" height=\"257\" srcset=\"https:\/\/miltonmarchioli.com.br\/blog\/wp-content\/uploads\/a-pantera-cor-de-rosa1.jpg 300w, https:\/\/miltonmarchioli.com.br\/blog\/wp-content\/uploads\/a-pantera-cor-de-rosa1-150x150.jpg 150w\" sizes=\"auto, (max-width: 257px) 100vw, 257px\" \/><\/a><\/p>\n<p>Precisa urgentemente tomar provid\u00eancias administrativas, atender \u00e0s quest\u00f5es dos m\u00e9dicos, melhorar\u00a0\u00e0 infraestrutura das\u00a0USF,\u00a0 e exigir o cumprimento das 8 horas de atendimento dia.<\/p>\n<p>Ali\u00e1s, o\u00a0 pr\u00f3prio secret\u00e1rio orientou o Chefe do Executivo\u00a0 Municipal de Mar\u00edlia para redu\u00e7\u00e3o da carga de hor\u00e1rios dos m\u00e9dicos\u00a0que trabalham em UBS(s)\u00a0 para 3 horas por dia&#8230;<\/p>\n<p>N\u00e3o d\u00e1 para acreditar em tal decis\u00e3o.<\/p>\n<p>Em passado recente, em 2009, o Secret\u00e1rio Municipal de Sa\u00fade impediu que os alunos do curso de medicina Famema\u00a0 cumprissem est\u00e1gio em Unidades de Sa\u00fade da Fam\u00edlia na cidade de Mar\u00edlia.<\/p>\n<p>O Secret\u00e1rio Municipal de Sa\u00fade \u00e9 docente da Famema.<\/p>\n<p>Fato \u00e9 que o Secret\u00e1rio Municipal de Sa\u00fade incendiou o rompimento com a Diretoria Geral da Famema, quando a mesma afirmou que s\u00f3 atenderia casos cl\u00ednicos \u00a0de m\u00e9dia e alta complexidade encaminhados da rede b\u00e1sica de sa\u00fade .<\/p>\n<p>Ali\u00e1s,\u00a0ato administrativo inicial do ent\u00e3o nova Diretoria de Gradua\u00e7\u00e3o.<\/p>\n<p>Motivo ?\u00a0 Diminuir os gastos com sa\u00fade que deveriam ser arcados\u00a0pelo munic\u00edpio de Mar\u00edlia.<\/p>\n<p><a href=\"https:\/\/miltonmarchioli.com.br\/blog\/wp-content\/uploads\/pink-panter.jpg\"><img loading=\"lazy\" decoding=\"async\" class=\"alignleft wp-image-10427\" src=\"https:\/\/miltonmarchioli.com.br\/blog\/wp-content\/uploads\/pink-panter-300x200.jpg\" alt=\"pink panter\" width=\"263\" height=\"175\" srcset=\"https:\/\/miltonmarchioli.com.br\/blog\/wp-content\/uploads\/pink-panter-300x200.jpg 300w, https:\/\/miltonmarchioli.com.br\/blog\/wp-content\/uploads\/pink-panter.jpg 470w\" sizes=\"auto, (max-width: 263px) 100vw, 263px\" \/><\/a>O Secret\u00e1rio Municipal de Mar\u00edlia retaliou em um contra-ataque &#8220;cir\u00fargico&#8221; nos cursos de gradua\u00e7\u00e3o da Famema,\u00a0\u00a0no \u00a0meio do ano letivo.<\/p>\n<p>Tese:<\/p>\n<p>Ou o Hospital da Cl\u00ednicas de Mar\u00edlia recebe usu\u00e1rios do SUS da cidade de Mar\u00edlia, todos sem exce\u00e7\u00e3o,\u00a0 e n\u00e3o apenas os de m\u00e9dia e ou alta complexidade, ou os alunos ficar\u00e3o sem est\u00e1gio em USF(s) !<\/p>\n<p>A Diretoria Geral da Famema n\u00e3o recuou, e o Secret\u00e1rio Municipal de Sa\u00fade proibiu por Portaria\u00a0 da Secretaria Municipal de Sa\u00fade de Mar\u00edlia que todo profissional de sa\u00fade &#8211;\u00a0da rede de\u00a0 aten\u00e7\u00e3o b\u00e1sica de Marilia\u00a0 &#8211; n\u00e3o poderia\u00a0 orientar os alunos em consulta m\u00e9dica, procedimento ou visita domiciliar que ocorressem em tais cen\u00e1rios de ensino-aprendizagem, ou seja, em USF.<\/p>\n<p>O Secret\u00e1rio de Sa\u00fade \u00e9 concidentemente docente do curso de Medicina da Famema.<\/p>\n<p>Diante de tal fato,\u00a0 em 2009, os alunos da 4\u00ba ano do curso de medicina tiveram que ir para a cidade de Gar\u00e7a para realizarem o que estava posto na grade curricular do Manual\u00a04\u00ba ano\u00a0 do Curso de Medicina.<\/p>\n<p>A cidade de Gar\u00e7a passou\u00a0 a receber\u00a0 80 alunos do curso de medicina\u00a0 da Famema\u00a0 em USF(s), realizando consultas, visitas domiciliares e procedimento em seus mun\u00edcipes.<\/p>\n<p>Nota zero para o Chefe do Executivo- Prefeito Municipal de Mar\u00edlia &#8211; que homologou essa posi\u00e7\u00e3o delirante do Secret\u00e1rio Municipal de Sa\u00fade.<\/p>\n<p>10 meses de atendimento\u00a0 na forma\u00a0 de greve na cidade de Mar\u00edlia.<\/p>\n<p>21 m\u00e9dicos j\u00e1 pediram demiss\u00e3o, 7 devem entregar o cargo nas pr\u00f3ximas horas.<\/p>\n<p>\u00c9 a pior not\u00edcia que se tem em Mar\u00edlia em termos de Sa\u00fade P\u00fablica desde que me formei em 1988.<\/p>\n<p>Muita incompet\u00eancia na pasta da Secretaria de Sa\u00fade do Munic\u00edpio de Mar\u00edlia !<\/p>\n<p><a href=\"https:\/\/miltonmarchioli.com.br\/blog\/wp-content\/uploads\/pink-panter-2.jpg\"><img loading=\"lazy\" decoding=\"async\" class=\"aligncenter size-full wp-image-10428\" src=\"https:\/\/miltonmarchioli.com.br\/blog\/wp-content\/uploads\/pink-panter-2.jpg\" alt=\"pink panter 2\" width=\"539\" height=\"458\" srcset=\"https:\/\/miltonmarchioli.com.br\/blog\/wp-content\/uploads\/pink-panter-2.jpg 539w, https:\/\/miltonmarchioli.com.br\/blog\/wp-content\/uploads\/pink-panter-2-300x255.jpg 300w\" sizes=\"auto, (max-width: 539px) 100vw, 539px\" \/><\/a><\/p>\n","protected":false},"excerpt":{"rendered":"<p>Hoje se completa 10 meses de greve dos m\u00e9dicos que trabalham em USF(s) na cidade de Mar\u00edlia. E por qu\u00ea? Por falta de verbas da Prefeitura de Mar\u00edlia n\u00e3o deve ser, pois o munic\u00edpio tem arrecada\u00e7\u00e3o superior a\u00a0 500 milh\u00f5es de reais, e para 2012 deve passar de 600 milh\u00f5es de reais. Mas a resposta &hellip; <a href=\"https:\/\/miltonmarchioli.com.br\/blog\/ggreve-dos-medicos-que-atuam-em-usf-em-marilia-alunos-do-curso-de-medicina-da-famema-deslocam-se-para-garca-desde-2009\/\" class=\"more-link\">Continue lendo <span class=\"screen-reader-text\">Greve dos m\u00e9dicos que atuam em USF em Mar\u00edlia. Alunos do curso de medicina da Famema deslocam-se para Gar\u00e7a desde 2009<\/span> <span class=\"meta-nav\">&rarr;<\/span><\/a><\/p>\n","protected":false},"author":2,"featured_media":0,"comment_status":"open","ping_status":"open","sticky":false,"template":"","format":"standard","meta":{"rop_custom_images_group":[],"rop_custom_messages_group":[],"rop_publish_now":"initial","rop_publish_now_accounts":[],"rop_publish_now_history":[],"rop_publish_now_status":"pending","footnotes":""},"categories":[8,332,13,9],"tags":[1215],"class_list":["post-1920","post","type-post","status-publish","format-standard","hentry","category-direito-e-saude","category-educacao","category-opiniao","category-saude-publica","tag-greve-de-medicos-na-cidade-de-marilia"],"_links":{"self":[{"href":"https:\/\/miltonmarchioli.com.br\/blog\/wp-json\/wp\/v2\/posts\/1920","targetHints":{"allow":["GET"]}}],"collection":[{"href":"https:\/\/miltonmarchioli.com.br\/blog\/wp-json\/wp\/v2\/posts"}],"about":[{"href":"https:\/\/miltonmarchioli.com.br\/blog\/wp-json\/wp\/v2\/types\/post"}],"author":[{"embeddable":true,"href":"https:\/\/miltonmarchioli.com.br\/blog\/wp-json\/wp\/v2\/users\/2"}],"replies":[{"embeddable":true,"href":"https:\/\/miltonmarchioli.com.br\/blog\/wp-json\/wp\/v2\/comments?post=1920"}],"version-history":[{"count":25,"href":"https:\/\/miltonmarchioli.com.br\/blog\/wp-json\/wp\/v2\/posts\/1920\/revisions"}],"predecessor-version":[{"id":13506,"href":"https:\/\/miltonmarchioli.com.br\/blog\/wp-json\/wp\/v2\/posts\/1920\/revisions\/13506"}],"wp:attachment":[{"href":"https:\/\/miltonmarchioli.com.br\/blog\/wp-json\/wp\/v2\/media?parent=1920"}],"wp:term":[{"taxonomy":"category","embeddable":true,"href":"https:\/\/miltonmarchioli.com.br\/blog\/wp-json\/wp\/v2\/categories?post=1920"},{"taxonomy":"post_tag","embeddable":true,"href":"https:\/\/miltonmarchioli.com.br\/blog\/wp-json\/wp\/v2\/tags?post=1920"}],"curies":[{"name":"wp","href":"https:\/\/api.w.org\/{rel}","templated":true}]}}