{"id":2161,"date":"2011-12-17T20:22:55","date_gmt":"2011-12-17T20:22:55","guid":{"rendered":"http:\/\/miltonmarchioli.com.br\/blog\/?p=2161"},"modified":"2022-01-07T14:31:48","modified_gmt":"2022-01-07T17:31:48","slug":"confraternizacao-de-final-do-ano-dos-servidores-no-ambulatorio-mario-covas","status":"publish","type":"post","link":"https:\/\/miltonmarchioli.com.br\/blog\/confraternizacao-de-final-do-ano-dos-servidores-no-ambulatorio-mario-covas\/","title":{"rendered":"Confraterniza\u00e7\u00e3o  de final do ano dos servidores no Ambulat\u00f3rio Mario Covas"},"content":{"rendered":"<p><img loading=\"lazy\" decoding=\"async\" class=\"alignleft size-medium wp-image-11959\" src=\"https:\/\/miltonmarchioli.com.br\/blog\/wp-content\/uploads\/confraterniza\u00e7\u00e3o-3-300x225.jpg\" alt=\"confraterniza\u00e7\u00e3o 3\" width=\"300\" height=\"225\" srcset=\"https:\/\/miltonmarchioli.com.br\/blog\/wp-content\/uploads\/confraterniza\u00e7\u00e3o-3-300x225.jpg 300w, https:\/\/miltonmarchioli.com.br\/blog\/wp-content\/uploads\/confraterniza\u00e7\u00e3o-3.jpg 640w\" sizes=\"auto, (max-width: 300px) 100vw, 300px\" \/>No dia 16-12-2011, os funcion\u00e1rios do Ambulat\u00f3rio Mario Covas &#8211; Complexo Famema &#8211; tiveram uma bela confraterniza\u00e7\u00e3o nas depend\u00eancias do mesmo.<\/p>\n<p>Os funcion\u00e1rios aproveitaram o momento para conversar, e se motivarem para o ano de 2012.<\/p>\n<p>Um momento de entretenimento para os valorosos trabalhadores da sa\u00fade p\u00fablica nesse\u00a0 pa\u00eds.<\/p>\n<p>Estivemos ao lado do doutor Werner Garcia de Souza (foto \u00e0 direita) parabenizando a todos os valorosos servidores da Fumes e Famar, pertencentes\u00a0 \u00a0autarquia Famema.<img loading=\"lazy\" decoding=\"async\" class=\"alignright size-medium wp-image-11957\" src=\"https:\/\/miltonmarchioli.com.br\/blog\/wp-content\/uploads\/marchioli-e-werner-festa-de-confraterniza\u00e7\u00e3o-mario-covas-16-12-20113-300x225-300x225.jpg\" alt=\"marchioli-e-werner-festa-de-confraterniza\u00e7\u00e3o-mario-covas-16-12-20113-300x225\" width=\"300\" height=\"225\" \/><\/p>\n<p>Sinceros votos de\u00a0 um\u00a0 Feliz Natal maravilhoso para todos que trabalham conosco no atendimento do SUS.<\/p>\n<p>Que\u00a0a motiva\u00e7\u00e3o desse ano seja ainda maior para o pr\u00f3ximo ano de 2012.<\/p>\n<p>Os funcion\u00e1rios da Sa\u00fade P\u00fablica s\u00e3o pessoas especiais que fazem a diferen\u00e7a nesse pa\u00eds marcado por tantas desigualdades sociais.<\/p>\n<p>Anos sem reajuste, sem plano de carreira, e esquecidos pela autoridades governantes.<\/p>\n<p>Trabalham com dedica\u00e7\u00e3o e esmero no atendimento de todos os pacientes encaminhados do DRS IX do Estado de S\u00e3o Paulo.<\/p>\n<p>Poucos recursos para a Sa\u00fade P\u00fablica nesse Brasil de dimens\u00f5es continentais.<\/p>\n<p>Efici\u00eancia e efetividade s\u00e3o as ferramentas\u00a0dos funcion\u00e1rios p\u00fablicos para os poucos recursos destinados\u00a0 para atender 200 milh\u00f5es de brasileiros.<\/p>\n<p>Que a PEC 29 seja aprovada com urg\u00eancia\u00a0 pelo Senado Federal para termos mais recursos \u00e0 sa\u00fade.<\/p>\n<p>Os pol\u00edticos brasileiros n\u00e3o podem defender destina\u00e7\u00e3o de poucos recursos na Sa\u00fade P\u00fablica, pois a sa\u00fade \u00e9 um direito de todos, e dever do Estado, como est\u00e1 posto na Constitui\u00e7\u00e3o Federal de 1988.<\/p>\n<p>Lutemos por um Brasil melhor !<\/p>\n<p>Mais justo, mais solid\u00e1rio !<\/p>\n<p>Mais \u00e9tico.<\/p>\n<p>Os bons gestores pensam na\u00a0 pr\u00f3xima gera\u00e7\u00e3o.<\/p>\n<p>Os maus pol\u00edticos na pr\u00f3xima elei\u00e7\u00e3o.<\/p>\n<p>Em defesa da Sa\u00fade P\u00fablica !<\/p>\n<p><img loading=\"lazy\" decoding=\"async\" class=\"aligncenter size-full wp-image-11958\" src=\"https:\/\/miltonmarchioli.com.br\/blog\/wp-content\/uploads\/festa-mario-covas-confraterniza\u00e7\u00e3o-geral-16-12-2011.jpg\" alt=\"festa - mario covas - confraterniza\u00e7\u00e3o geral 16 12 2011\" width=\"960\" height=\"720\" srcset=\"https:\/\/miltonmarchioli.com.br\/blog\/wp-content\/uploads\/festa-mario-covas-confraterniza\u00e7\u00e3o-geral-16-12-2011.jpg 960w, https:\/\/miltonmarchioli.com.br\/blog\/wp-content\/uploads\/festa-mario-covas-confraterniza\u00e7\u00e3o-geral-16-12-2011-300x225.jpg 300w, https:\/\/miltonmarchioli.com.br\/blog\/wp-content\/uploads\/festa-mario-covas-confraterniza\u00e7\u00e3o-geral-16-12-2011-768x576.jpg 768w\" sizes=\"auto, (max-width: 960px) 100vw, 960px\" \/><\/p>\n<div style=\"text-align: left;\">&#8220;No car\u00e1ter, na conduta, no estilo, em todas as coisas, a simplicidade \u00a0a suprema virtude&#8221;.<\/div>\n<div style=\"text-align: center;\">Henry Ford<\/div>\n","protected":false},"excerpt":{"rendered":"<p>No dia 16-12-2011, os funcion\u00e1rios do Ambulat\u00f3rio Mario Covas &#8211; Complexo Famema &#8211; tiveram uma bela confraterniza\u00e7\u00e3o nas depend\u00eancias do mesmo. Os funcion\u00e1rios aproveitaram o momento para conversar, e se motivarem para o ano de 2012. Um momento de entretenimento para os valorosos trabalhadores da sa\u00fade p\u00fablica nesse\u00a0 pa\u00eds. Estivemos ao lado do doutor Werner &hellip; <a href=\"https:\/\/miltonmarchioli.com.br\/blog\/confraternizacao-de-final-do-ano-dos-servidores-no-ambulatorio-mario-covas\/\" class=\"more-link\">Continue lendo <span class=\"screen-reader-text\">Confraterniza\u00e7\u00e3o  de final do ano dos servidores no Ambulat\u00f3rio Mario Covas<\/span> <span class=\"meta-nav\">&rarr;<\/span><\/a><\/p>\n","protected":false},"author":2,"featured_media":0,"comment_status":"open","ping_status":"open","sticky":false,"template":"","format":"standard","meta":{"rop_custom_images_group":[],"rop_custom_messages_group":[],"rop_publish_now":"initial","rop_publish_now_accounts":[],"rop_publish_now_history":[],"rop_publish_now_status":"pending","footnotes":""},"categories":[332,13,9],"tags":[202,496,193,640],"class_list":["post-2161","post","type-post","status-publish","format-standard","hentry","category-educacao","category-opiniao","category-saude-publica","tag-famema","tag-festa-de-confraternizacao-mario-covas-famema","tag-milton-marchioli","tag-werner-garcia-de-souza"],"_links":{"self":[{"href":"https:\/\/miltonmarchioli.com.br\/blog\/wp-json\/wp\/v2\/posts\/2161","targetHints":{"allow":["GET"]}}],"collection":[{"href":"https:\/\/miltonmarchioli.com.br\/blog\/wp-json\/wp\/v2\/posts"}],"about":[{"href":"https:\/\/miltonmarchioli.com.br\/blog\/wp-json\/wp\/v2\/types\/post"}],"author":[{"embeddable":true,"href":"https:\/\/miltonmarchioli.com.br\/blog\/wp-json\/wp\/v2\/users\/2"}],"replies":[{"embeddable":true,"href":"https:\/\/miltonmarchioli.com.br\/blog\/wp-json\/wp\/v2\/comments?post=2161"}],"version-history":[{"count":31,"href":"https:\/\/miltonmarchioli.com.br\/blog\/wp-json\/wp\/v2\/posts\/2161\/revisions"}],"predecessor-version":[{"id":13507,"href":"https:\/\/miltonmarchioli.com.br\/blog\/wp-json\/wp\/v2\/posts\/2161\/revisions\/13507"}],"wp:attachment":[{"href":"https:\/\/miltonmarchioli.com.br\/blog\/wp-json\/wp\/v2\/media?parent=2161"}],"wp:term":[{"taxonomy":"category","embeddable":true,"href":"https:\/\/miltonmarchioli.com.br\/blog\/wp-json\/wp\/v2\/categories?post=2161"},{"taxonomy":"post_tag","embeddable":true,"href":"https:\/\/miltonmarchioli.com.br\/blog\/wp-json\/wp\/v2\/tags?post=2161"}],"curies":[{"name":"wp","href":"https:\/\/api.w.org\/{rel}","templated":true}]}}