{"id":2240,"date":"2011-12-21T13:48:25","date_gmt":"2011-12-21T13:48:25","guid":{"rendered":"http:\/\/miltonmarchioli.com.br\/blog\/?p=2240"},"modified":"2022-01-07T14:33:58","modified_gmt":"2022-01-07T17:33:58","slug":"confraternizacao-dos-residentes-de-neurologia-da-famema","status":"publish","type":"post","link":"https:\/\/miltonmarchioli.com.br\/blog\/confraternizacao-dos-residentes-de-neurologia-da-famema\/","title":{"rendered":"Confraterniza\u00e7\u00e3o de final de ano dos Residentes de Neurologia da Famema"},"content":{"rendered":"<p><img loading=\"lazy\" decoding=\"async\" class=\"alignleft size-medium wp-image-11969\" src=\"https:\/\/miltonmarchioli.com.br\/blog\/wp-content\/uploads\/confraterniza\u00e7\u00e3o-de-fim-de-ano-300x150.png\" alt=\"confraterniza\u00e7\u00e3o de fim de ano\" width=\"300\" height=\"150\" srcset=\"https:\/\/miltonmarchioli.com.br\/blog\/wp-content\/uploads\/confraterniza\u00e7\u00e3o-de-fim-de-ano-300x150.png 300w, https:\/\/miltonmarchioli.com.br\/blog\/wp-content\/uploads\/confraterniza\u00e7\u00e3o-de-fim-de-ano-768x384.png 768w, https:\/\/miltonmarchioli.com.br\/blog\/wp-content\/uploads\/confraterniza\u00e7\u00e3o-de-fim-de-ano-1024x512.png 1024w, https:\/\/miltonmarchioli.com.br\/blog\/wp-content\/uploads\/confraterniza\u00e7\u00e3o-de-fim-de-ano.png 1292w\" sizes=\"auto, (max-width: 300px) 100vw, 300px\" \/>Estive\u00a0 ontem no jantar de confraterniza\u00e7\u00e3o dos Residentes de Neurologia da Famema\u00a0 em comemora\u00e7\u00e3o ao belo trabalho exercidos por esses jovens e talentosos \u00a0m\u00e9dicos.<\/p>\n<p>A disciplina de Neurologia em parceria com a disciplina Educa\u00e7\u00e3o em Ci\u00eancias da Sa\u00fade, e ainda com a prestimosa colabora\u00e7\u00e3o do Dr. Reinaldo Haddad\u00a0 que tem procurado, ao lado desses Residentes de Neurologia, atender todos os pacientes encaminhados do Departamento Regional de Sa\u00fade IX do Estado de S\u00e3o Paulo ao Ambulat\u00f3rio Mario Covas.<\/p>\n<p>Muitos munic\u00edpios do Estado de S\u00e3o Paulo encaminham pacientes para a cidade de Mar\u00edlia.<\/p>\n<p>A disciplina conta com os seguintes ambulat\u00f3rios &#8211; Ambulat\u00f3rio de Cefaleia, Ambulat\u00f3rio de Doen\u00e7as Neurovasculares,\u00a0 Ambulat\u00f3rio de Esclerose M\u00faltipla, Ambulat\u00f3rio de Doen\u00e7as Neuromusculares.<\/p>\n<p>Uma equipe de profissionais de sa\u00fade comprometidos com o SUS.<\/p>\n<p>O SUS \u00e9 na teoria o melhor sistema de sa\u00fade do mundo, mas precisa de profissionais comprometidos com o seu funcionamento eficaz e efetivo.<\/p>\n<p>L\u00e1 estiveram os\u00a0 residentes &#8211; Dr. Werner Garcia de Souza, e sua esposa Dra. Laila Regina Bitencourt de Souza, Dr. F\u00e1bio de Ara\u00fajo Pereira, e Dra. Vanessa Vieira.<\/p>\n<p>Eva Alda Vieira Coelho me acompanhou nesse momento t\u00e3o importante que se projeta na parceria entre as disciplinas de Neurologia\u00a0 e Educa\u00e7\u00e3o em Ci\u00eancias da Sa\u00fade para a cidade de Mar\u00edlia.<\/p>\n<p>Um abra\u00e7\u00e3o a todos os Residente da Neurologia.<\/p>\n<p>Parab\u00e9ns aos Residentes de Neurologia pelo belo trabalho no ano de 2011!<\/p>\n<p>Obrigado pelo conv\u00edvio\u00a0\u00a0ao longo do ano de 2011.<\/p>\n<p>Lutemos por uma Sa\u00fade P\u00fablica com qualidade !<\/p>\n<p><a href=\"https:\/\/miltonmarchioli.com.br\/blog\/wp-content\/uploads\/dona-olivva-22.jpg\"><img loading=\"lazy\" decoding=\"async\" class=\"aligncenter wp-image-2247\" title=\"dona olivva 2\" src=\"https:\/\/miltonmarchioli.com.br\/blog\/wp-content\/uploads\/dona-olivva-22.jpg\" alt=\"\" width=\"408\" height=\"337\" \/><\/a><\/p>\n","protected":false},"excerpt":{"rendered":"<p>Estive\u00a0 ontem no jantar de confraterniza\u00e7\u00e3o dos Residentes de Neurologia da Famema\u00a0 em comemora\u00e7\u00e3o ao belo trabalho exercidos por esses jovens e talentosos \u00a0m\u00e9dicos. A disciplina de Neurologia em parceria com a disciplina Educa\u00e7\u00e3o em Ci\u00eancias da Sa\u00fade, e ainda com a prestimosa colabora\u00e7\u00e3o do Dr. Reinaldo Haddad\u00a0 que tem procurado, ao lado desses Residentes &hellip; <a href=\"https:\/\/miltonmarchioli.com.br\/blog\/confraternizacao-dos-residentes-de-neurologia-da-famema\/\" class=\"more-link\">Continue lendo <span class=\"screen-reader-text\">Confraterniza\u00e7\u00e3o de final de ano dos Residentes de Neurologia da Famema<\/span> <span class=\"meta-nav\">&rarr;<\/span><\/a><\/p>\n","protected":false},"author":2,"featured_media":0,"comment_status":"open","ping_status":"open","sticky":false,"template":"","format":"standard","meta":{"rop_custom_images_group":[],"rop_custom_messages_group":[],"rop_publish_now":"initial","rop_publish_now_accounts":[],"rop_publish_now_history":[],"rop_publish_now_status":"pending","footnotes":""},"categories":[13],"tags":[726,727,1006,1004,193,1005,640],"class_list":["post-2240","post","type-post","status-publish","format-standard","hentry","category-opiniao","tag-disciplina-educacao-em-ciencias-da-saude","tag-disciplina-neurologia","tag-eva-alda-vieira-colho","tag-laila-regina-bitencourt-de-souza","tag-milton-marchioli","tag-vanessa-vieira","tag-werner-garcia-de-souza"],"_links":{"self":[{"href":"https:\/\/miltonmarchioli.com.br\/blog\/wp-json\/wp\/v2\/posts\/2240","targetHints":{"allow":["GET"]}}],"collection":[{"href":"https:\/\/miltonmarchioli.com.br\/blog\/wp-json\/wp\/v2\/posts"}],"about":[{"href":"https:\/\/miltonmarchioli.com.br\/blog\/wp-json\/wp\/v2\/types\/post"}],"author":[{"embeddable":true,"href":"https:\/\/miltonmarchioli.com.br\/blog\/wp-json\/wp\/v2\/users\/2"}],"replies":[{"embeddable":true,"href":"https:\/\/miltonmarchioli.com.br\/blog\/wp-json\/wp\/v2\/comments?post=2240"}],"version-history":[{"count":24,"href":"https:\/\/miltonmarchioli.com.br\/blog\/wp-json\/wp\/v2\/posts\/2240\/revisions"}],"predecessor-version":[{"id":11976,"href":"https:\/\/miltonmarchioli.com.br\/blog\/wp-json\/wp\/v2\/posts\/2240\/revisions\/11976"}],"wp:attachment":[{"href":"https:\/\/miltonmarchioli.com.br\/blog\/wp-json\/wp\/v2\/media?parent=2240"}],"wp:term":[{"taxonomy":"category","embeddable":true,"href":"https:\/\/miltonmarchioli.com.br\/blog\/wp-json\/wp\/v2\/categories?post=2240"},{"taxonomy":"post_tag","embeddable":true,"href":"https:\/\/miltonmarchioli.com.br\/blog\/wp-json\/wp\/v2\/tags?post=2240"}],"curies":[{"name":"wp","href":"https:\/\/api.w.org\/{rel}","templated":true}]}}