{"id":2296,"date":"2011-12-25T15:28:23","date_gmt":"2011-12-25T15:28:23","guid":{"rendered":"http:\/\/miltonmarchioli.com.br\/blog\/?p=2296"},"modified":"2022-01-07T20:31:30","modified_gmt":"2022-01-07T23:31:30","slug":"camelodromo-40-graus-cidade-maravilha-purgatorio-da-beleza-e-do-caos","status":"publish","type":"post","link":"https:\/\/miltonmarchioli.com.br\/blog\/camelodromo-40-graus-cidade-maravilha-purgatorio-da-beleza-e-do-caos\/","title":{"rendered":"Camel\u00f3dromo 40 graus. Cidade maravilha. Purgat\u00f3rio da beleza. E do caos !"},"content":{"rendered":"<p><a href=\"https:\/\/miltonmarchioli.com.br\/blog\/wp-content\/uploads\/camelodromo-22.bmp\"><img loading=\"lazy\" decoding=\"async\" class=\"alignleft wp-image-2299\" title=\"camelodromo 2\" src=\"https:\/\/miltonmarchioli.com.br\/blog\/wp-content\/uploads\/camelodromo-22.bmp\" alt=\"\" width=\"243\" height=\"162\" \/><\/a>Nos dias que\u00a0antecederam o dia de Natal, estive fazendo compras, e gosto de\u00a0caminhar pelos boxes do Camel\u00f3dromo de Mar\u00edlia.<\/p>\n<p>Mas, no dia 23 de dezembro.<\/p>\n<p>N\u00e3o consegui caminhar&#8230;<\/p>\n<p>N\u00e3o porque houvesse muitas pessoas.<\/p>\n<p>Mas, 40 graus Celsius de temperatura nas depend\u00eancias do Camel\u00f3dromo.<\/p>\n<p>Banheiros em p\u00e9ssimo estado de conserva\u00e7\u00e3o, sujos, pouca ventila\u00e7\u00e3o, e pior, sem possibilidade de revers\u00e3o do quadro atual.<\/p>\n<p>&nbsp;<\/p>\n<p>Contudo em meio ao caos se pode dar nota 10\u00a0para os homens e mulheres lojistas que, apesar dos 40 graus, atendem muito bem, e sempre com um sorriso de boas-vindas, de cortesia, de simplicidade.<\/p>\n<p>Fernanda Abreu j\u00e1 cantou\u00a0 nos anos 80:<\/p>\n<p>&#8220;Rio 40 graus<br \/>\nCidade maravilha<br \/>\nPurgat\u00f3rio da beleza<br \/>\nE do caos&#8230;&#8221;<\/p>\n<p>Fernanda Abreu cantou, e a Prefeitura Municipal de Mar\u00edlia\u00a0 implantou o Camel\u00f3dromo de Mar\u00edlia com seus 40 graus.<\/p>\n<p><a href=\"https:\/\/miltonmarchioli.com.br\/blog\/wp-content\/uploads\/camelodromo.bmp\"><img loading=\"lazy\" decoding=\"async\" class=\"alignright wp-image-2304\" title=\"camelodromo\" src=\"https:\/\/miltonmarchioli.com.br\/blog\/wp-content\/uploads\/camelodromo.bmp\" alt=\"\" width=\"228\" height=\"152\" \/><\/a><\/p>\n<p>\u00c9 bom lembrar que\u00a0no ano de 2011, o Prefeito Municipal\u00a0 de Mar\u00edlia\u00a0 M\u00e1rio Bulgarelli\u00a0 se comprometeu com o Minist\u00e9rio P\u00fablico Estadual (Termo de Ajusta\u00a0e Conduta)\u00a0&#8211;\u00a0Promotor Jos\u00e9 Alfredo Santana &#8211; a cria\u00e7\u00e3o de brigada de inc\u00eandio e \u00a0reforma na parte el\u00e9trica do camel\u00f3dromo.<\/p>\n<p>Mas, n\u00e3o se comprometeu em reformar, ou criar um novo espa\u00e7o para o camel\u00f3dromo.<\/p>\n<p>O ato administrativo de dif\u00edcil realiza\u00e7\u00e3o, o prefeito n\u00e3o se compromete.<\/p>\n<p>Al\u00e9m disso, a Uni\u00e3o quer vender o espa\u00e7o, onde est\u00e1 instalado o Camel\u00f3dromo\u00a0para a Prefeitura de Mar\u00edlia para saldar d\u00edvidas\u00a0\u00a0da privatiza\u00e7\u00e3o da ferrovia nos anos 90.<\/p>\n<p>O recurso gerado pela venda seria integrado ao Fundo de Contingente da Rede Ferrovi\u00e1ria Federal S\/A (RFFSA), criado para ressarcir antigos s\u00f3cios da extinta estatal e outras d\u00edvidas, e tem passivo total estimado em R$ 1 bilh\u00e3o.<\/p>\n<p>Enquanto n\u00e3o h\u00e1 o Camel\u00f3dromo dos nossos sonhos&#8230;<\/p>\n<p>Melhor \u00e9 se hidratar com muita \u00e1gua gelada&#8230;<\/p>\n<p>Esquecer do casos\u00a0 promovidos por banheiros em p\u00e9ssimo estado de conserva\u00e7\u00e3o.<\/p>\n<p>Estar pr\u00f3ximo de um ar-condicionado.<\/p>\n<p>Por fim,\u00a0 a cidade de Mar\u00edlia \u00e9 linda mesma, e isso n\u00e3o se discute!<\/p>\n<p>Ent\u00e3o&#8230;<\/p>\n<p>Camel\u00f3dromo 40 graus na cidade maravilha, no purgat\u00f3rio da beleza e do caos !<\/p>\n<p><a href=\"https:\/\/miltonmarchioli.com.br\/blog\/wp-content\/uploads\/marilia-40-graus.jpg\"><img loading=\"lazy\" decoding=\"async\" class=\"aligncenter size-full wp-image-10485\" src=\"https:\/\/miltonmarchioli.com.br\/blog\/wp-content\/uploads\/marilia-40-graus.jpg\" alt=\"marilia 40 graus\" width=\"800\" height=\"439\" srcset=\"https:\/\/miltonmarchioli.com.br\/blog\/wp-content\/uploads\/marilia-40-graus.jpg 800w, https:\/\/miltonmarchioli.com.br\/blog\/wp-content\/uploads\/marilia-40-graus-300x165.jpg 300w\" sizes=\"auto, (max-width: 800px) 100vw, 800px\" \/><\/a><\/p>\n","protected":false},"excerpt":{"rendered":"<p>Nos dias que\u00a0antecederam o dia de Natal, estive fazendo compras, e gosto de\u00a0caminhar pelos boxes do Camel\u00f3dromo de Mar\u00edlia. Mas, no dia 23 de dezembro. N\u00e3o consegui caminhar&#8230; N\u00e3o porque houvesse muitas pessoas. Mas, 40 graus Celsius de temperatura nas depend\u00eancias do Camel\u00f3dromo. Banheiros em p\u00e9ssimo estado de conserva\u00e7\u00e3o, sujos, pouca ventila\u00e7\u00e3o, e pior, sem &hellip; <a href=\"https:\/\/miltonmarchioli.com.br\/blog\/camelodromo-40-graus-cidade-maravilha-purgatorio-da-beleza-e-do-caos\/\" class=\"more-link\">Continue lendo <span class=\"screen-reader-text\">Camel\u00f3dromo 40 graus. Cidade maravilha. Purgat\u00f3rio da beleza. E do caos !<\/span> <span class=\"meta-nav\">&rarr;<\/span><\/a><\/p>\n","protected":false},"author":2,"featured_media":0,"comment_status":"open","ping_status":"open","sticky":false,"template":"","format":"standard","meta":{"rop_custom_images_group":[],"rop_custom_messages_group":[],"rop_publish_now":"initial","rop_publish_now_accounts":[],"rop_publish_now_history":[],"rop_publish_now_status":"pending","footnotes":""},"categories":[13,366],"tags":[1221,1220],"class_list":["post-2296","post","type-post","status-publish","format-standard","hentry","category-opiniao","category-politica","tag-40-graus-celsius","tag-camelodromo-de-marilia"],"_links":{"self":[{"href":"https:\/\/miltonmarchioli.com.br\/blog\/wp-json\/wp\/v2\/posts\/2296","targetHints":{"allow":["GET"]}}],"collection":[{"href":"https:\/\/miltonmarchioli.com.br\/blog\/wp-json\/wp\/v2\/posts"}],"about":[{"href":"https:\/\/miltonmarchioli.com.br\/blog\/wp-json\/wp\/v2\/types\/post"}],"author":[{"embeddable":true,"href":"https:\/\/miltonmarchioli.com.br\/blog\/wp-json\/wp\/v2\/users\/2"}],"replies":[{"embeddable":true,"href":"https:\/\/miltonmarchioli.com.br\/blog\/wp-json\/wp\/v2\/comments?post=2296"}],"version-history":[{"count":23,"href":"https:\/\/miltonmarchioli.com.br\/blog\/wp-json\/wp\/v2\/posts\/2296\/revisions"}],"predecessor-version":[{"id":13516,"href":"https:\/\/miltonmarchioli.com.br\/blog\/wp-json\/wp\/v2\/posts\/2296\/revisions\/13516"}],"wp:attachment":[{"href":"https:\/\/miltonmarchioli.com.br\/blog\/wp-json\/wp\/v2\/media?parent=2296"}],"wp:term":[{"taxonomy":"category","embeddable":true,"href":"https:\/\/miltonmarchioli.com.br\/blog\/wp-json\/wp\/v2\/categories?post=2296"},{"taxonomy":"post_tag","embeddable":true,"href":"https:\/\/miltonmarchioli.com.br\/blog\/wp-json\/wp\/v2\/tags?post=2296"}],"curies":[{"name":"wp","href":"https:\/\/api.w.org\/{rel}","templated":true}]}}