{"id":2322,"date":"2011-12-27T13:58:45","date_gmt":"2011-12-27T13:58:45","guid":{"rendered":"http:\/\/miltonmarchioli.com.br\/blog\/?p=2322"},"modified":"2022-01-07T20:43:14","modified_gmt":"2022-01-07T23:43:14","slug":"quem-nao-tem-colirio-usa-oculos-escuros-abaixo-a-lei-de-gerson","status":"publish","type":"post","link":"https:\/\/miltonmarchioli.com.br\/blog\/quem-nao-tem-colirio-usa-oculos-escuros-abaixo-a-lei-de-gerson\/","title":{"rendered":"Quem n\u00e3o tem col\u00edrio usa \u00f3culos escuros. Abaixo a Lei de Gerson !"},"content":{"rendered":"<p><img loading=\"lazy\" decoding=\"async\" class=\"alignleft wp-image-11980\" src=\"https:\/\/miltonmarchioli.com.br\/blog\/wp-content\/uploads\/raul-seixas-oculos-escuros.jpg\" alt=\"raul seixas- oculos escuros\" width=\"199\" height=\"274\" srcset=\"https:\/\/miltonmarchioli.com.br\/blog\/wp-content\/uploads\/raul-seixas-oculos-escuros.jpg 255w, https:\/\/miltonmarchioli.com.br\/blog\/wp-content\/uploads\/raul-seixas-oculos-escuros-219x300.jpg 219w\" sizes=\"auto, (max-width: 199px) 100vw, 199px\" \/>Nos anos 70\u00a0 era sucesso absoluto.<\/p>\n<p>Quem n\u00e3o tem col\u00edrio.\u00a0 Usa \u00f3culos\u00a0\u00a0escuros &#8211; m\u00fasica de Raul Seixas, que embalou uma gera\u00e7\u00e3o de adolescentes.<\/p>\n<p>Gostaria que em 2012 nas faculdades de medicina\u00a0 p\u00fablicas modelo &#8220;PBL made in Brasil&#8221; nem se usasse col\u00edrio tampouco \u00f3culos escuros.<\/p>\n<p>Desejo sucesso na administra\u00e7\u00e3o, mas muita transpar\u00eancia nos atos administrativos.<\/p>\n<p>As Diretorias Gerais dessas faculdades devem aceitar mudan\u00e7as, e assegurar\u00a0melhorias estudantis como bolsas de aux\u00edlio financeiro.<\/p>\n<p>S\u00f3 assim teremos institui\u00e7\u00f5es melhores e mais qualificadas com inclus\u00e3o de alunos carentes.<\/p>\n<p>Cria\u00e7\u00e3o de Restaurante Universit\u00e1rio para alunos e docentes que trabalham na institui\u00e7\u00e3o.<\/p>\n<p>Fim dos cargos bi\u00f4nicos, e os cargos de Coordenadores de Medicina e de Enfermagem, e da Diretoria de Gradua\u00e7\u00e3o\u00a0 serem ocupados por docentes votados por seus pares.<\/p>\n<p>Fim dos cargos bi\u00f4nicos!<\/p>\n<p>Cargos com elei\u00e7\u00e3o pelos pares.<\/p>\n<p>Sinal de Democracia !<\/p>\n<p>N\u00e3o\u00a0 mais\u00a0 a &#8220;Lei de Gerson&#8221; !<\/p>\n<p>Levar sempre vantagem, custe o que custar&#8230;<\/p>\n<p><a href=\"https:\/\/www.youtube.com\/watch?v=J6brObB-3Ow\">A Lei de Gerson<\/a> acabou sendo usada para exprimir tra\u00e7os bastante caracter\u00edsticos, e pouco lisonjeiros do car\u00e1ter midi\u00e1tico nacional, associados \u00e0 dissemina\u00e7\u00e3o da corrup\u00e7\u00e3o, e ao desrespeito a regras de conv\u00edvio para a obten\u00e7\u00e3o de vantagens pessoais.<\/p>\n<p>A express\u00e3o originou-se em uma propaganda de 1976 criada pela Caio Domingues &amp; Associados, que havia sido contratada pela fabricante de cigarros J. Reynolds, propriet\u00e1ria da marca de cigarros Vila Rica, para a divulga\u00e7\u00e3o do produto.<\/p>\n<p>E\u00a0o \u00a0meia-armador Gerson da sele\u00e7\u00e3o de 70 dizia \u00e0 \u00e9poca: &#8220;Por que pagar mais caro se o Vila me d\u00e1 tudo aquilo de um bom cigarro, gosto de levar vantagem em tudo, certo? Leve vantagem voc\u00ea tamb\u00e9m, leve Vila Rica!&#8221;.<\/p>\n<p>Ent\u00e3o, vamos banir a vantagem, e intensificar a \u00e9tica institucional !<\/p>\n<p>Vamos banir os cargos bi\u00f4nicos !<\/p>\n<p>Coordena\u00e7\u00e3o de s\u00e9rie e coordena\u00e7\u00e3o de curso com elei\u00e7\u00e3o pelos seus pares !<\/p>\n<p>Votos para eleger o Diretor de Gradua\u00e7\u00e3o!<\/p>\n<p>Em defesa da \u00e9tica nas institui\u00e7\u00f5es p\u00fablicas.<\/p>\n<p>Em defesa da Democracia nas institui\u00e7\u00f5es de Ensino Superior!<\/p>\n<p><a href=\"https:\/\/miltonmarchioli.com.br\/blog\/wp-content\/uploads\/gerson-lei-de-gerson.bmp\"><img loading=\"lazy\" decoding=\"async\" class=\"aligncenter size-full wp-image-10489\" src=\"https:\/\/miltonmarchioli.com.br\/blog\/wp-content\/uploads\/gerson-lei-de-gerson.bmp\" alt=\"gerson- lei de gerson\" width=\"388\" height=\"478\" \/><\/a><\/p>\n","protected":false},"excerpt":{"rendered":"<p>Nos anos 70\u00a0 era sucesso absoluto. Quem n\u00e3o tem col\u00edrio.\u00a0 Usa \u00f3culos\u00a0\u00a0escuros &#8211; m\u00fasica de Raul Seixas, que embalou uma gera\u00e7\u00e3o de adolescentes. Gostaria que em 2012 nas faculdades de medicina\u00a0 p\u00fablicas modelo &#8220;PBL made in Brasil&#8221; nem se usasse col\u00edrio tampouco \u00f3culos escuros. Desejo sucesso na administra\u00e7\u00e3o, mas muita transpar\u00eancia nos atos administrativos. As &hellip; <a href=\"https:\/\/miltonmarchioli.com.br\/blog\/quem-nao-tem-colirio-usa-oculos-escuros-abaixo-a-lei-de-gerson\/\" class=\"more-link\">Continue lendo <span class=\"screen-reader-text\">Quem n\u00e3o tem col\u00edrio usa \u00f3culos escuros. Abaixo a Lei de Gerson !<\/span> <span class=\"meta-nav\">&rarr;<\/span><\/a><\/p>\n","protected":false},"author":2,"featured_media":0,"comment_status":"open","ping_status":"open","sticky":false,"template":"","format":"standard","meta":{"rop_custom_images_group":[],"rop_custom_messages_group":[],"rop_publish_now":"initial","rop_publish_now_accounts":[],"rop_publish_now_history":[],"rop_publish_now_status":"pending","footnotes":""},"categories":[332,13,9],"tags":[1222,1223,1225,1224],"class_list":["post-2322","post","type-post","status-publish","format-standard","hentry","category-educacao","category-opiniao","category-saude-publica","tag-democracia-nas-faculdades-publicas","tag-voto-para-cargos-de-coordenadores-de-medicina-e-de-enfermagem","tag-voto-para-chefias-de-disciplina","tag-voto-para-o-cargo-de-diretoria-de-graduacao"],"_links":{"self":[{"href":"https:\/\/miltonmarchioli.com.br\/blog\/wp-json\/wp\/v2\/posts\/2322","targetHints":{"allow":["GET"]}}],"collection":[{"href":"https:\/\/miltonmarchioli.com.br\/blog\/wp-json\/wp\/v2\/posts"}],"about":[{"href":"https:\/\/miltonmarchioli.com.br\/blog\/wp-json\/wp\/v2\/types\/post"}],"author":[{"embeddable":true,"href":"https:\/\/miltonmarchioli.com.br\/blog\/wp-json\/wp\/v2\/users\/2"}],"replies":[{"embeddable":true,"href":"https:\/\/miltonmarchioli.com.br\/blog\/wp-json\/wp\/v2\/comments?post=2322"}],"version-history":[{"count":34,"href":"https:\/\/miltonmarchioli.com.br\/blog\/wp-json\/wp\/v2\/posts\/2322\/revisions"}],"predecessor-version":[{"id":13517,"href":"https:\/\/miltonmarchioli.com.br\/blog\/wp-json\/wp\/v2\/posts\/2322\/revisions\/13517"}],"wp:attachment":[{"href":"https:\/\/miltonmarchioli.com.br\/blog\/wp-json\/wp\/v2\/media?parent=2322"}],"wp:term":[{"taxonomy":"category","embeddable":true,"href":"https:\/\/miltonmarchioli.com.br\/blog\/wp-json\/wp\/v2\/categories?post=2322"},{"taxonomy":"post_tag","embeddable":true,"href":"https:\/\/miltonmarchioli.com.br\/blog\/wp-json\/wp\/v2\/tags?post=2322"}],"curies":[{"name":"wp","href":"https:\/\/api.w.org\/{rel}","templated":true}]}}