{"id":2403,"date":"2012-01-09T02:19:00","date_gmt":"2012-01-09T02:19:00","guid":{"rendered":"http:\/\/miltonmarchioli.com.br\/blog\/?p=2403"},"modified":"2022-01-08T10:15:21","modified_gmt":"2022-01-08T13:15:21","slug":"caso-mengele-museu-de-anatomia-localizado-no-hospital-das-clinicas-de-marilia-descaso-com-acervo-historico","status":"publish","type":"post","link":"https:\/\/miltonmarchioli.com.br\/blog\/caso-mengele-museu-de-anatomia-localizado-no-hospital-das-clinicas-de-marilia-descaso-com-acervo-historico\/","title":{"rendered":"Caso Mengele.  Museu de Anatomia localizado no Hospital das Cl\u00ednicas de Mar\u00edlia. Descaso com acervo hist\u00f3rico !"},"content":{"rendered":"<p><a href=\"https:\/\/miltonmarchioli.com.br\/blog\/wp-content\/uploads\/josef-mengele.jpg\"><img loading=\"lazy\" decoding=\"async\" class=\"alignleft size-medium wp-image-2405\" title=\"josef-mengele\" src=\"https:\/\/miltonmarchioli.com.br\/blog\/wp-content\/uploads\/josef-mengele-226x300.jpg\" alt=\"\" width=\"226\" height=\"300\" srcset=\"https:\/\/miltonmarchioli.com.br\/blog\/wp-content\/uploads\/josef-mengele-226x300.jpg 226w, https:\/\/miltonmarchioli.com.br\/blog\/wp-content\/uploads\/josef-mengele.jpg 231w\" sizes=\"auto, (max-width: 226px) 100vw, 226px\" \/><\/a>Em 1985, na cidade de S\u00e3o Paulo, o professor doutor Ram\u00f3n Sabat\u00e9 Manubens &#8211; \u00e0 \u00e9poca, professor de anatomia da Famema (1968-1986)\u00a0&#8211; ao lado de outros profissionais da Secretaria de Seguran\u00e7a\u00a0 P\u00fablica de S\u00e3o Paulo, entre\u00a0os quais, \u00a0o Professor Daniel Romero Mu\u00f1oz (USP), concedia entrevista coletiva aos jornalistas do Brasil e do mundo.<\/p>\n<p>Afirmava, antes mesmo da utiliza\u00e7\u00e3o do DNA para investiga\u00e7\u00e3o de identidades suspeitas em medicina forense, que o esqueleto de um homem sepultado no Cemit\u00e9rio do Ros\u00e1rio, cidade de Embu das Artes &#8211; Estado de\u00a0S\u00e3o\u00a0 Paulo- era do fugitivo m\u00e9dico nazista Josef Mengele, o qual trabalhava no campo de concentra\u00e7\u00e3o de\u00a0Auschwitz.<\/p>\n<p>Para a surpresa do Servi\u00e7o Secreto\u00a0 de\u00a0 Intelig\u00eancia de Israel &#8211; Mossad\u00a0 (que procurou\u00a0por nazistas foragidos\u00a0da Segunda Guerra Mundial) tratava-se dos ossos do m\u00e9dico nazista\u00a0\u00a0Josef Mengele.<\/p>\n<p>Josef Mengele (G\u00fcnzburg, 16 de mar\u00e7o de 1911 \u2014 Bertioga 7 de fevereiro de 1979) foi um m\u00e9dico alem\u00e3o que se tornou conhecido por ter atuado durante o regime nazista.<\/p>\n<p>O apelido de Mengele era <em>Beppo<\/em>, mas\u00a0era conhecido como <em>Todesengel<\/em>, &#8220;O Anjo da Morte&#8221;, no campo de concentra\u00e7\u00e3o.<\/p>\n<p>Morreu em 1979.<\/p>\n<p>Aparentemente, estava no mar e teve um derrame cerebral ou infarto do mioc\u00e1rdio.<\/p>\n<p>Estava em uma praia de Bertioga (SP), com conhecidos seus, um casal de austr\u00edacos, que \u00a0alegaram que\u00a0quando descobriram quem\u00a0o indiv\u00edduo era, j\u00e1 tinham feito amizade com o mesmo, e ficaram com medo de denunci\u00e1-lo.<\/p>\n<p>Nesta \u00e9poca, usava a identidade falsa de outro conhecido, Wolfgang Gerhard.<a href=\"https:\/\/miltonmarchioli.com.br\/blog\/wp-content\/uploads\/josef-mengele-no-brasil.jpg\"><img loading=\"lazy\" decoding=\"async\" class=\"alignright size-medium wp-image-2406\" title=\"josef mengele-no-brasil\" src=\"https:\/\/miltonmarchioli.com.br\/blog\/wp-content\/uploads\/josef-mengele-no-brasil-226x300.jpg\" alt=\"\" width=\"226\" height=\"300\" srcset=\"https:\/\/miltonmarchioli.com.br\/blog\/wp-content\/uploads\/josef-mengele-no-brasil-226x300.jpg 226w, https:\/\/miltonmarchioli.com.br\/blog\/wp-content\/uploads\/josef-mengele-no-brasil.jpg 231w\" sizes=\"auto, (max-width: 226px) 100vw, 226px\" \/><\/a><\/p>\n<p>A pol\u00edcia alem\u00e3 s\u00f3 descobriu que Mengele estivera no Brasil em 1985, e a investiga\u00e7\u00e3o levou ao casal de amigos, que confessou e apontou o t\u00famulo.<\/p>\n<p>Uma exuma\u00e7\u00e3o de \u201cWolfgang Gerhard\u201d, em 1985, confirmou que tratava-se, efetivamente, do m\u00e9dico nazista.<\/p>\n<p>A an\u00e1lise foi confirmada por DNA, anos depois.<\/p>\n<p>A hist\u00f3ria \u00e9 do conhecimento de todos.<\/p>\n<p>Mas h\u00e1 uma hist\u00f3ria\u00a0que n\u00e3o \u00e9 do conhecimento de todos.<\/p>\n<p>Todo o trabalho de fotografias do professor Ram\u00f3n Sabat\u00e9 Manubens est\u00e1 se deteriorando em uma pequena sala nos por\u00f5es do Hospital das Cl\u00ednicas de Mar\u00edlia.<\/p>\n<p>Lastim\u00e1vel que a disciplina de anatomia da Famema tenha t\u00e3o\u00a0pouco zelo com o trabalho brilhante\u00a0que o professor Ramon prestou\u00a0 \u00e0 sociedade\u00a0 mundial.<\/p>\n<p>O Mossad (Servi\u00e7o Secreto de Israel) at\u00e9 duvidou da descoberta\u00a0 dos m\u00e9dicos brasileiros em 1985.<\/p>\n<p>Presenciei\u00a0 este acervo fotogr\u00e1fico nos por\u00f5es do\u00a0Hospital das\u00a0\u00a0Cl\u00ednicas de Mar\u00edlia (guardado em caixas de papel\u00a0em sala fechada, n\u00e3o exposta ao p\u00fablico e se deteriorando), \u00a0e constatei mais de 50 quadros que o professor fotografou em seu trabalho de exuma\u00e7\u00e3o, mas que agora devem se deteriorar em pouco tempo, pois s\u00e3o fotos, e sendo papel, \u00a0logo ir\u00e3o se deteriorar.<\/p>\n<p>As caixas est\u00e3o no ch\u00e3o em uma sala em contato com umidade proveniente da limpeza que ocorre no corredor de acesso ao laborat\u00f3rio de anatomia.<\/p>\n<p>Parte do acervo dessa exuma\u00e7\u00e3o est\u00e1 na Unicamp, como as reconstitui\u00e7\u00f5es em resina de partes do cr\u00e2nio para estudos de acidentes anat\u00f4micos, e suas correspond\u00eancias nas fotos.<\/p>\n<p>O trabalho era de 1985, e n\u00e3o havia a tomografia e resson\u00e2ncia magn\u00e9tica como h\u00e1 nos dias atuais.<\/p>\n<p>A dificuldade era grande.<\/p>\n<p>Ent\u00e3o, se pode imaginar a beleza desse \u00a0trabalho em\u00a0afirmar, \u00e0 \u00e9poca, que era o esqueleto\u00a0 do\u00a0m\u00e9dico nazista Josef Mengele.<\/p>\n<p>Um marco\u00a0 de efici\u00eancia\u00a0para a disciplina de anatomia \u00a0da Faculdade de Medicina de Mar\u00edlia, mas que\u00a0infelizmente\u00a0est\u00e1 todo o acervo se deteriorando nos por\u00f5es do Hospital das Cl\u00ednicas de Mar\u00edlia.<\/p>\n<p>Lament\u00e1vel.<\/p>\n<p>Tempos depois (1992),\u00a0em \u00a0pesquisa posterior com DNA (an\u00e1lise de material gen\u00e9tico do filho de Josef Mengele e\u00a0a ossada exumada) confirmou-se o que apontavam os anatomistas brasileiros &#8211; Professor Ram\u00f3n Sabat\u00e9 Manubens (Famema)\u00a0\u00a0e Professor Daniel Romero Mu\u00f1oz (USP) &#8211; a ossada exumada era de Josef Mengele.<\/p>\n<p>Mas enquanto isso na Famema&#8230;<\/p>\n<p>O trabalho de quase 30 anos est\u00e1 nos por\u00f5es do\u00a0Hospital das Cl\u00ednicas da Famema.<\/p>\n<p>Fiz requerimento em 2011, e at\u00e9 agora quase dez meses depois nada mudou, e apontei a import\u00e2ncia da perda das fotos.<\/p>\n<p>A docente respons\u00e1vel pela Laborat\u00f3rio de Anatomia &#8211;\u00a0 Professora Teresa Prado da Silva, em conversa pessoal comigo, e com a Diretoria Geral de Gradua\u00e7\u00e3o,\u00a0 se comprometeram a resolver a situa\u00e7\u00e3o.<\/p>\n<p>Contudo, estive recentemente pelas instala\u00e7\u00f5es do Labotat\u00f3rio de Anatomia, Hospital das Cl\u00ednicas de Mar\u00edlia, onde funciona a disciplina de anatomia, e nada de exposi\u00e7\u00e3o do acervo.<\/p>\n<p>Alunos da Gradua\u00e7\u00e3o\u00a0 da Famema nem sabem desse acervo.<\/p>\n<p>\u00c9 bom lembrar que a Constitui\u00e7\u00e3o Federal regulamenta a preserva\u00e7\u00e3o de acervos, e no caso, em tela, \u00e9 exemplo cabal do desrespeito da Famema\u00a0\u00e0 Carta Magna do Brasil.<\/p>\n<p>Assim fiz o requerimento.<\/p>\n<p><em>&#8220;ILMO. SR. PROF. EVERTON SANDOVAL GIGLIO<\/em><\/p>\n<p><em>Diretor Acad\u00eamico da Faculdade de Medicina de Mar\u00edlia<\/em><\/p>\n<p style=\"text-align: center;\"><em>\u00a0<\/em><em>REQUERIMENTO<\/em><\/p>\n<p align=\"center\"><em><br \/>\n<\/em><\/p>\n<p><em>\u00a0\u00a0\u00a0\u00a0\u00a0\u00a0\u00a0\u00a0 Eu, Milton Marchioli, professor da disciplina da Educa\u00e7\u00e3o em Ci\u00eancias da Sa\u00fade, venho requerer e propor o que se segue:<\/em><\/p>\n<p><em><span style=\"text-decoration: underline;\">Dos fatos:<\/span><\/em><\/p>\n<p style=\"text-align: left;\"><em>\u00a0\u00a0\u00a0\u00a0\u00a0\u00a0\u00a0\u00a0 Ao visitar o museu de anatomia da Famema pude observar em minha estada recente no museu de anatomia total desleixo em rela\u00e7\u00e3o \u00e0 manuten\u00e7\u00e3o de pe\u00e7as que deveriam ser expostas no mesmo.<\/em><\/p>\n<p style=\"text-align: left;\"><em>\u00a0\u00a0\u00a0\u00a0\u00a0\u00a0\u00a0\u00a0 \u00a0H\u00e1 uma de s\u00e9rie de quadros de medicina legal, do famoso caso de Josef Mengele, m\u00e9dico nazista exumado em junho de 1985 no Brasil, e tendo seu esqueleto montado pelo ex-professor doutor da disciplina de anatomia da Famema \u2013 Ram\u00f3n Sabat\u00e9 Manubens, totalmente guardados em CAIXAS DE PAPEL\u00c3O, e N\u00c3O EXPOSTOS no referido museu.<\/em><\/p>\n<p style=\"text-align: left;\"><em>\u00a0\u00a0\u00a0\u00a0\u00a0\u00a0\u00a0\u00a0 Ao conversar com dois funcion\u00e1rios do museu percebi que nenhuma \u201cordem\u201d ou \u201corienta\u00e7\u00e3o\u201d fora passada aos mesmos para que os quadros fossem expostos no museu, e sendo assim, \u00a0pudessem, n\u00e3o somente servirem de acervo para estudos em temas de medicina legal, como tamb\u00e9m registrar fato de grandeza acad\u00eamica a Famema e ao professor doutor Ram\u00f3n Sabat\u00e9 Manubens, que ao lado do professor Daniel\u00a0 Romero Mun\u00f5z &#8211; Universidade de S\u00e3o Paulo, selou a t\u00e3o \u2018ca\u00e7a\u2019 ao \u00a0paradeiro do m\u00e9dico foragido da Alemanha, e morto no Brasil em 1979, mas exumado em 1985. \u00c0 \u00e9poca dos fatos, os professores sem a tecnologia dispon\u00edvel hoje, tal como, tomografia computadorizada, resson\u00e2ncia magn\u00e9tica e DNA afirmaram categoricamente ser o esqueleto do m\u00e9dico nazista.<\/em><\/p>\n<p style=\"text-align: left;\"><em>\u00a0\u00a0\u00a0\u00a0\u00a0\u00a0\u00a0\u00a0 H\u00e1 uma grande sala ao lado do museu que poderia ser usada para a exposi\u00e7\u00e3o dos quadros, e ampliar o acervo do museu com esse marco para a medicina legal de Mar\u00edlia, pois \u00e9 fato que os alunos do curso de medicina nada saibam de tal fato- O CASO MENGELE, de repercuss\u00e3o internacional nos anos 80, e que permanecem CAIXAS DE PAPEL\u00c3O nos por\u00f5es do Hospital das Cl\u00ednicas,e que chegara no ano de 1985 ao seu encerramento com a exuma\u00e7\u00e3o de Josef Mengele e medicina legal aplicada ao caso com a participa\u00e7\u00e3o do professor Ram\u00f3n Sabat\u00e9 Manubens.<\/em><\/p>\n<p style=\"text-align: left;\"><em><span style=\"text-decoration: underline;\">Do Pedido:<\/span><\/em><\/p>\n<p style=\"text-align: left;\"><em>\u00a0\u00a0\u00a0\u00a0\u00a0\u00a0\u00a0\u00a0 Providenciar URGENTEMENTE recupera\u00e7\u00e3o ao acervo e exposi\u00e7\u00e3o dos quadros do \u2013 O CASO MENGELE &#8211; em sala ao lado do museu para os alunos de medicina atentarem a import\u00e2ncia da medicina legal na cultura m\u00e9dica ao longo do curso de medicina.<\/em><\/p>\n<p align=\"center\"><em>\u00a0Nestes termos,<\/em><\/p>\n<p align=\"center\"><em>Pede Deferimento,<\/em><\/p>\n<p align=\"center\"><em>\u00a0Mar\u00edlia, 25 de Fevereiro de 2011<\/em><\/p>\n<p align=\"center\">Prof. Dr. Milton Marchioli &#8220;<\/p>\n<p style=\"text-align: left;\" align=\"center\">Lamento informar que at\u00e9 agora\u00a0 nada mudou&#8230;<\/p>\n<p style=\"text-align: left;\" align=\"center\">A Famema se orgulha do seu modelo ensino &#8220;PBL made in Brasil&#8221; , mas a verdade nua e crua \u00e9 que na quest\u00e3o administrativa somos ineficientes.<\/p>\n<p style=\"text-align: left;\" align=\"center\">Assim, reitero a Diretoria Geral de Gradua\u00e7\u00e3o , ou a quem seja respons\u00e1vel, que urgentemente tome provid\u00eancias neste caso, sem solu\u00e7\u00e3o at\u00e9 o presente momento.<\/p>\n<p style=\"text-align: left;\" align=\"center\">O Servi\u00e7o Secreto de Intelig\u00eancia de\u00a0 Israel &#8211; Mossad \u00a0duvidou do Professor Ram\u00f3n Sabat\u00e9 Manubens em 1985.<\/p>\n<p style=\"text-align: left;\" align=\"center\">Mas, tiveram que\u00a0 se calar com a confirma\u00e7\u00e3o pelos teste de DNA &#8211; obtido de seu filho que residia na Europa, e confrontado com material gen\u00e9tica da ossada exumada no Brasil.<\/p>\n<p style=\"text-align: left;\" align=\"center\">Nossa pequena homenagem nesse blog ao Professor\u00a0 Ramon, pois fui seu aluno em 1983, e\u00a0sei de sua compet\u00eancia, que ali\u00e1s, criou o Museu de Anatomia da Faculdade de Medicina de Mar\u00edlia (Famema).<\/p>\n<p style=\"text-align: left;\" align=\"center\"><a href=\"https:\/\/miltonmarchioli.com.br\/blog\/wp-content\/uploads\/jose-mengele-e-2-medicos1.jpg\"><img loading=\"lazy\" decoding=\"async\" class=\"aligncenter wp-image-2410\" title=\"jose mengele e 2 medicos\" src=\"https:\/\/miltonmarchioli.com.br\/blog\/wp-content\/uploads\/jose-mengele-e-2-medicos1.jpg\" alt=\"\" width=\"541\" height=\"408\" srcset=\"https:\/\/miltonmarchioli.com.br\/blog\/wp-content\/uploads\/jose-mengele-e-2-medicos1.jpg 506w, https:\/\/miltonmarchioli.com.br\/blog\/wp-content\/uploads\/jose-mengele-e-2-medicos1-300x225.jpg 300w\" sizes=\"auto, (max-width: 541px) 100vw, 541px\" \/><\/a>&#8220;Uma crian\u00e7a, cega de nascen\u00e7a, s\u00f3 sabe de sua cegueira se algu\u00e9m lhe conta&#8221;.<\/p>\n<div style=\"text-align: center;\">Martin Luther King<\/div>\n","protected":false},"excerpt":{"rendered":"<p>Em 1985, na cidade de S\u00e3o Paulo, o professor doutor Ram\u00f3n Sabat\u00e9 Manubens &#8211; \u00e0 \u00e9poca, professor de anatomia da Famema (1968-1986)\u00a0&#8211; ao lado de outros profissionais da Secretaria de Seguran\u00e7a\u00a0 P\u00fablica de S\u00e3o Paulo, entre\u00a0os quais, \u00a0o Professor Daniel Romero Mu\u00f1oz (USP), concedia entrevista coletiva aos jornalistas do Brasil e do mundo. Afirmava, antes &hellip; <a href=\"https:\/\/miltonmarchioli.com.br\/blog\/caso-mengele-museu-de-anatomia-localizado-no-hospital-das-clinicas-de-marilia-descaso-com-acervo-historico\/\" class=\"more-link\">Continue lendo <span class=\"screen-reader-text\">Caso Mengele.  Museu de Anatomia localizado no Hospital das Cl\u00ednicas de Mar\u00edlia. Descaso com acervo hist\u00f3rico !<\/span> <span class=\"meta-nav\">&rarr;<\/span><\/a><\/p>\n","protected":false},"author":2,"featured_media":0,"comment_status":"open","ping_status":"open","sticky":false,"template":"","format":"standard","meta":{"rop_custom_images_group":[],"rop_custom_messages_group":[],"rop_publish_now":"initial","rop_publish_now_accounts":[],"rop_publish_now_history":[],"rop_publish_now_status":"pending","footnotes":""},"categories":[18,8,332,13],"tags":[202,713,1012,730,731],"class_list":["post-2403","post","type-post","status-publish","format-standard","hentry","category-direito","category-direito-e-saude","category-educacao","category-opiniao","tag-famema","tag-hospital-das-clinicas-de-marilia","tag-josef-mengele","tag-museu-de-anatomia-da-famema","tag-ramon-sabate-manubens"],"_links":{"self":[{"href":"https:\/\/miltonmarchioli.com.br\/blog\/wp-json\/wp\/v2\/posts\/2403","targetHints":{"allow":["GET"]}}],"collection":[{"href":"https:\/\/miltonmarchioli.com.br\/blog\/wp-json\/wp\/v2\/posts"}],"about":[{"href":"https:\/\/miltonmarchioli.com.br\/blog\/wp-json\/wp\/v2\/types\/post"}],"author":[{"embeddable":true,"href":"https:\/\/miltonmarchioli.com.br\/blog\/wp-json\/wp\/v2\/users\/2"}],"replies":[{"embeddable":true,"href":"https:\/\/miltonmarchioli.com.br\/blog\/wp-json\/wp\/v2\/comments?post=2403"}],"version-history":[{"count":34,"href":"https:\/\/miltonmarchioli.com.br\/blog\/wp-json\/wp\/v2\/posts\/2403\/revisions"}],"predecessor-version":[{"id":13524,"href":"https:\/\/miltonmarchioli.com.br\/blog\/wp-json\/wp\/v2\/posts\/2403\/revisions\/13524"}],"wp:attachment":[{"href":"https:\/\/miltonmarchioli.com.br\/blog\/wp-json\/wp\/v2\/media?parent=2403"}],"wp:term":[{"taxonomy":"category","embeddable":true,"href":"https:\/\/miltonmarchioli.com.br\/blog\/wp-json\/wp\/v2\/categories?post=2403"},{"taxonomy":"post_tag","embeddable":true,"href":"https:\/\/miltonmarchioli.com.br\/blog\/wp-json\/wp\/v2\/tags?post=2403"}],"curies":[{"name":"wp","href":"https:\/\/api.w.org\/{rel}","templated":true}]}}