{"id":2714,"date":"2012-02-18T04:29:26","date_gmt":"2012-02-18T04:29:26","guid":{"rendered":"http:\/\/miltonmarchioli.com.br\/blog\/?p=2714"},"modified":"2016-06-12T20:22:00","modified_gmt":"2016-06-12T23:22:00","slug":"trombose-venosa-cerebral","status":"publish","type":"post","link":"https:\/\/miltonmarchioli.com.br\/blog\/trombose-venosa-cerebral\/","title":{"rendered":"Trombose Venosa Cerebral. Ambulat\u00f3rio Neurovascular da Famema"},"content":{"rendered":"<p><a href=\"https:\/\/miltonmarchioli.com.br\/blog\/wp-content\/uploads\/trombose-venosa.gif\"><img loading=\"lazy\" decoding=\"async\" class=\"alignleft wp-image-10538\" src=\"https:\/\/miltonmarchioli.com.br\/blog\/wp-content\/uploads\/trombose-venosa-300x185.gif\" alt=\"trombose venosa\" width=\"285\" height=\"176\" \/><\/a><a href=\"https:\/\/miltonmarchioli.com.br\/blog\/wp-content\/uploads\/Trombose-venosa-VANESSA-VIEIRA-1.ppt\">Semin\u00e1rio apresentado pela Residente de Neurologia &#8211;\u00a0 Dra. Vanessa\u00a0 Vieira &#8211; Servi\u00e7o de Neurologia &#8211; Faculdade de Medicina de Mar\u00edlia em revis\u00e3o sobre a epidemiologia, quadro cl\u00ednico e tratamento da Trombose Venosa dos Seios Cerebrais.<\/a><\/p>\n<p>O semin\u00e1rio aconteceu no Ambulat\u00f3rio Neurovascular- disciplinas Neurologia e Educa\u00e7\u00e3o em Ci\u00eancias da Sa\u00fade- Famema.<\/p>\n<p>A revis\u00e3o do tema passa por exames de imagem da Trombose Venosa Cerebral, bem como a discuss\u00e3o da anticoagula\u00e7\u00e3o na fase aguda, e o tempo de tratamento ap\u00f3s o diagn\u00f3stico.<\/p>\n<p>Ao final\u00a0 do semin\u00e1rio h\u00e1 uma\u00a0 correla\u00e7\u00e3o de pontos tormentosos e indica\u00e7\u00f5es de condutas frente as mais variadas situa\u00e7\u00f5es cl\u00ednicas que podem acontecer na evolu\u00e7\u00e3o da enfermidade.<\/p>\n<p>Os fatores de\u00a0 risco na revis\u00e3o foram: hipertens\u00e3o, tabagismo, diabetes mellitus e dislipidemia.<\/p>\n<p>Em defesa do SUS !<\/p>\n<p><a href=\"https:\/\/miltonmarchioli.com.br\/blog\/wp-content\/uploads\/seios-venosos-cerebrais.jpg\"><img loading=\"lazy\" decoding=\"async\" class=\"aligncenter size-full wp-image-10539\" src=\"https:\/\/miltonmarchioli.com.br\/blog\/wp-content\/uploads\/seios-venosos-cerebrais.jpg\" alt=\"seios venosos cerebrais\" width=\"750\" height=\"450\" srcset=\"https:\/\/miltonmarchioli.com.br\/blog\/wp-content\/uploads\/seios-venosos-cerebrais.jpg 750w, https:\/\/miltonmarchioli.com.br\/blog\/wp-content\/uploads\/seios-venosos-cerebrais-300x180.jpg 300w\" sizes=\"auto, (max-width: 750px) 100vw, 750px\" \/><\/a><\/p>\n","protected":false},"excerpt":{"rendered":"<p>Semin\u00e1rio apresentado pela Residente de Neurologia &#8211;\u00a0 Dra. Vanessa\u00a0 Vieira &#8211; Servi\u00e7o de Neurologia &#8211; Faculdade de Medicina de Mar\u00edlia em revis\u00e3o sobre a epidemiologia, quadro cl\u00ednico e tratamento da Trombose Venosa dos Seios Cerebrais. O semin\u00e1rio aconteceu no Ambulat\u00f3rio Neurovascular- disciplinas Neurologia e Educa\u00e7\u00e3o em Ci\u00eancias da Sa\u00fade- Famema. A revis\u00e3o do tema passa &hellip; <a href=\"https:\/\/miltonmarchioli.com.br\/blog\/trombose-venosa-cerebral\/\" class=\"more-link\">Continue lendo <span class=\"screen-reader-text\">Trombose Venosa Cerebral. Ambulat\u00f3rio Neurovascular da Famema<\/span> <span class=\"meta-nav\">&rarr;<\/span><\/a><\/p>\n","protected":false},"author":2,"featured_media":0,"comment_status":"open","ping_status":"open","sticky":false,"template":"","format":"standard","meta":{"rop_custom_images_group":[],"rop_custom_messages_group":[],"rop_publish_now":"initial","rop_publish_now_accounts":[],"rop_publish_now_history":[],"rop_publish_now_status":"pending","footnotes":""},"categories":[4,13,9],"tags":[164,193,163,1005],"class_list":["post-2714","post","type-post","status-publish","format-standard","hentry","category-neurologia","category-opiniao","category-saude-publica","tag-famema-ambulatorio-neurovascular","tag-milton-marchioli","tag-trombose-venosa-dos-seios-cerebrais","tag-vanessa-vieira"],"_links":{"self":[{"href":"https:\/\/miltonmarchioli.com.br\/blog\/wp-json\/wp\/v2\/posts\/2714","targetHints":{"allow":["GET"]}}],"collection":[{"href":"https:\/\/miltonmarchioli.com.br\/blog\/wp-json\/wp\/v2\/posts"}],"about":[{"href":"https:\/\/miltonmarchioli.com.br\/blog\/wp-json\/wp\/v2\/types\/post"}],"author":[{"embeddable":true,"href":"https:\/\/miltonmarchioli.com.br\/blog\/wp-json\/wp\/v2\/users\/2"}],"replies":[{"embeddable":true,"href":"https:\/\/miltonmarchioli.com.br\/blog\/wp-json\/wp\/v2\/comments?post=2714"}],"version-history":[{"count":11,"href":"https:\/\/miltonmarchioli.com.br\/blog\/wp-json\/wp\/v2\/posts\/2714\/revisions"}],"predecessor-version":[{"id":11998,"href":"https:\/\/miltonmarchioli.com.br\/blog\/wp-json\/wp\/v2\/posts\/2714\/revisions\/11998"}],"wp:attachment":[{"href":"https:\/\/miltonmarchioli.com.br\/blog\/wp-json\/wp\/v2\/media?parent=2714"}],"wp:term":[{"taxonomy":"category","embeddable":true,"href":"https:\/\/miltonmarchioli.com.br\/blog\/wp-json\/wp\/v2\/categories?post=2714"},{"taxonomy":"post_tag","embeddable":true,"href":"https:\/\/miltonmarchioli.com.br\/blog\/wp-json\/wp\/v2\/tags?post=2714"}],"curies":[{"name":"wp","href":"https:\/\/api.w.org\/{rel}","templated":true}]}}