{"id":2761,"date":"2012-02-23T02:27:33","date_gmt":"2012-02-23T02:27:33","guid":{"rendered":"http:\/\/miltonmarchioli.com.br\/blog\/?p=2761"},"modified":"2022-01-08T19:04:02","modified_gmt":"2022-01-08T22:04:02","slug":"lei-da-ficha-limpa-pode-tornar-medicos-condenados-em-conselhos-regionais-de-medicina-inelegiveis","status":"publish","type":"post","link":"https:\/\/miltonmarchioli.com.br\/blog\/lei-da-ficha-limpa-pode-tornar-medicos-condenados-em-conselhos-regionais-de-medicina-inelegiveis\/","title":{"rendered":"Lei da Ficha Limpa pode tornar m\u00e9dicos condenados em Conselhos  Regionais de Medicina ineleg\u00edveis"},"content":{"rendered":"<p><a href=\"https:\/\/miltonmarchioli.com.br\/blog\/wp-content\/uploads\/Supremo_Tribunal_Federal-2.jpg\"><img loading=\"lazy\" decoding=\"async\" class=\"alignleft wp-image-2764\" title=\"Supremo_Tribunal_Federal 2\" src=\"https:\/\/miltonmarchioli.com.br\/blog\/wp-content\/uploads\/Supremo_Tribunal_Federal-2-300x225.jpg\" alt=\"\" width=\"263\" height=\"197\" srcset=\"https:\/\/miltonmarchioli.com.br\/blog\/wp-content\/uploads\/Supremo_Tribunal_Federal-2-300x225.jpg 300w, https:\/\/miltonmarchioli.com.br\/blog\/wp-content\/uploads\/Supremo_Tribunal_Federal-2-1024x768.jpg 1024w\" sizes=\"auto, (max-width: 263px) 100vw, 263px\" \/><\/a>A lei da &#8216;Ficha Limpa&#8217; aprovada pelo Supremo tribunal Federal por 7 a 4 trar\u00e1 repercuss\u00f5es \u00e0 classe m\u00e9dica.<\/p>\n<p>Pelo dispositivo, m\u00e9dico condenado em processo administrativo pelo Conselho Regional de Medicina e confirmada a condena\u00e7\u00e3o, \u00a0de forma definitiva ap\u00f3s procedimento recursal no Conselho Federal de Medicina, \u00a0torna-se o mesmo ineleg\u00edvel por oito anos.<\/p>\n<p>Sendo assim, recomendo aos nossos alunos da Famema leitura di\u00e1ria do C\u00f3digo de \u00c9tica M\u00e9dica de 2009, e com\u00a0 <em>vacatio legis<\/em> de 180 dias, em vigor no Brasil desde 2010.<\/p>\n<p>N\u00e3o\u00a0observo no modelo\u00a0de ensino-aprendizagem \u00a0&#8220;PBL made in Brazil&#8221;, defendido com unhas e dentes pelos seus idealizadores,\u00a0discuss\u00e3o de todos os artigos do C\u00f3digo de \u00c9tica M\u00e9dica, com \u00eanfase na excludentes de ilicitude penal, na Responsabilidade Civil M\u00e9dica, e no processo \u00e9tico-disciplinar,\u00a0 ap\u00f3s a den\u00fancia ser encaminhada aos conselheiros dos Conselhos Regionais.<\/p>\n<p>As den\u00fancias al\u00e9m de ocorrerem no Conselho Regional, poder\u00e3o ser\u00a0julgadas pelo Poder\u00a0Judici\u00e1rio na esfera do Direito Penal, e ou Direito Civil.<\/p>\n<p>A Responsabilidade M\u00e9dica j\u00e1 \u00e9 enorme, e agora,\u00a0soma-se para os m\u00e9dicos com pretens\u00f5es pol\u00edticas &#8211;\u00a0legislativas ou executiva &#8211;\u00a0 serem considerados ineleg\u00edveis se condenados nos Conselhos Regionais de Medicina.<\/p>\n<p>Vale lembrar que na condena\u00e7\u00e3o &#8211; senten\u00e7a penal condenat\u00f3ria &#8211;\u00a0de pena\u00a0\u00a0menor de quatro anos n\u00e3o\u00a0acarreta pris\u00e3o em regime fechado, mas a senten\u00e7a condenat\u00f3ria no processo penal \u00e9 <strong>t\u00edtulo executivo<\/strong>, o qual poder\u00e1 ser apresentando na Vara C\u00edvel, e se discutir futura indeniza\u00e7\u00e3o e lucros cessantes.<\/p>\n<p>Portanto, \u00e9 urgente no ensino nas faculdades de medicina, abordagem do C\u00f3digo de\u00a0 \u00c9tica\u00a0 M\u00e9dica em Casos\u00a0 Cl\u00ednicos preparados e discutindo com os alunos todos os artigos e cap\u00edtulos.<\/p>\n<p>Todos os cap\u00edtulos !<\/p>\n<p>N\u00e3o discutir o atual C\u00f3digo de\u00a0\u00c9tica M\u00e9dica com os\u00a0 alunos, e ainda, \u00a0sem confer\u00eancias atualizadas e s\u00f3lidas de conhecimentos na \u00f3rbita jur\u00eddica relacionados\u00a0\u00e0s\u00a0 conduta\u00a0m\u00e9dicas \u00e9 neglig\u00eancia no ensino.<\/p>\n<p>Espero que\u00a0 haja discuss\u00e3o exaustiva do C\u00f3digo de \u00c9tica\u00a0 M\u00e9dica (n\u00e3o se confunda com bio\u00e9tica, a qual aponta princ\u00edpios\u00a0 basilares\u00a0na elabora\u00e7\u00e3o de todos os c\u00f3digos de profissionais de sa\u00fade &#8211; enfermagem, fisioterapia, odontologia, nutri\u00e7\u00e3o, farmacologia, etc).<\/p>\n<p>Sugest\u00e3o ao alunos do primeiro ano do curso de medicina que fa\u00e7am uma leitura\u00a0 e discuss\u00e3o exaustiva de todos os artigos que s\u00e3o positivados\u00a0no atual C\u00f3digo de \u00c9tica\u00a0 M\u00e9dica, e ainda a\u00a0 an\u00e1lise e reflex\u00e3o das garantias individuais insculpidas na Constitui\u00e7\u00e3o Federal de 1988,\u00a0com \u00eanfase no artigos que versem sobre\u00a0sa\u00fade no Brasil (196-200), al\u00e9m\u00a0 do pr\u00f3prio artigo 6\u00ba (direitos sociais, na qual a sa\u00fade se insere).<\/p>\n<p>N\u00e3o sei\u00a0 se o\u00a0 sino vai badalar alertando\u00a0a necessidade do \u00a0in\u00edcio\u00a0da discuss\u00e3o de temas do C\u00f3digo de \u00c9tica M\u00e9dica.<\/p>\n<p>Aulas n\u00e3o podem\u00a0se ministradas no &#8220;PBL made in Brazil&#8221;.<\/p>\n<p>E agora ?<\/p>\n<p>Que n\u00f3 de gravata apertado.<\/p>\n<p>Ser\u00e1 que o &#8220;Super Pedagogo&#8221;\u00a0 ou &#8220;Pedagogo Mor&#8221; que criou o &#8220;PBL made in Brazil&#8221; teria resposta do porqu\u00ea\u00a0 da disciplina de \u00c9tica Profissional n\u00e3o ser debatida no curso de\u00a0 medicina?<\/p>\n<p>Enquanto a resposta n\u00e3o vem&#8230;<\/p>\n<p>Sugiro aos alunos a leitura do C\u00f3digo de \u00c9tica M\u00e9dica.<\/p>\n<p><a href=\"http:\/\/www.miltonmarchioli.com.br\/blog\/wp-content\/uploads\/c\u00f3digo-de-\u00e9tica-1.jpg\"><img loading=\"lazy\" decoding=\"async\" class=\"aligncenter size-full wp-image-13540\" src=\"http:\/\/www.miltonmarchioli.com.br\/blog\/wp-content\/uploads\/c\u00f3digo-de-\u00e9tica-1.jpg\" alt=\"c\u00f3digo de \u00e9tica\" width=\"626\" height=\"454\" srcset=\"https:\/\/miltonmarchioli.com.br\/blog\/wp-content\/uploads\/c\u00f3digo-de-\u00e9tica-1.jpg 626w, https:\/\/miltonmarchioli.com.br\/blog\/wp-content\/uploads\/c\u00f3digo-de-\u00e9tica-1-300x218.jpg 300w\" sizes=\"auto, (max-width: 626px) 100vw, 626px\" \/><\/a><\/p>\n<p>&nbsp;<\/p>\n<p style=\"text-align: center;\">&#8220;A ci\u00eancia consiste em substituir o saber que parecia seguro por uma teoria, ou seja, por algo problem\u00e1tico&#8221;.<\/p>\n<p style=\"text-align: center;\">Jos\u00e9 Saramago<\/p>\n","protected":false},"excerpt":{"rendered":"<p>A lei da &#8216;Ficha Limpa&#8217; aprovada pelo Supremo tribunal Federal por 7 a 4 trar\u00e1 repercuss\u00f5es \u00e0 classe m\u00e9dica. Pelo dispositivo, m\u00e9dico condenado em processo administrativo pelo Conselho Regional de Medicina e confirmada a condena\u00e7\u00e3o, \u00a0de forma definitiva ap\u00f3s procedimento recursal no Conselho Federal de Medicina, \u00a0torna-se o mesmo ineleg\u00edvel por oito anos. Sendo assim, &hellip; <a href=\"https:\/\/miltonmarchioli.com.br\/blog\/lei-da-ficha-limpa-pode-tornar-medicos-condenados-em-conselhos-regionais-de-medicina-inelegiveis\/\" class=\"more-link\">Continue lendo <span class=\"screen-reader-text\">Lei da Ficha Limpa pode tornar m\u00e9dicos condenados em Conselhos  Regionais de Medicina ineleg\u00edveis<\/span> <span class=\"meta-nav\">&rarr;<\/span><\/a><\/p>\n","protected":false},"author":2,"featured_media":0,"comment_status":"open","ping_status":"open","sticky":false,"template":"","format":"standard","meta":{"rop_custom_images_group":[],"rop_custom_messages_group":[],"rop_publish_now":"initial","rop_publish_now_accounts":[],"rop_publish_now_history":[],"rop_publish_now_status":"pending","footnotes":""},"categories":[18,13],"tags":[168,1019,1021],"class_list":["post-2761","post","type-post","status-publish","format-standard","hentry","category-direito","category-opiniao","tag-codigo-de-etica-medica","tag-lei-da-ficha-limpa","tag-supremo-tribunal-federal"],"_links":{"self":[{"href":"https:\/\/miltonmarchioli.com.br\/blog\/wp-json\/wp\/v2\/posts\/2761","targetHints":{"allow":["GET"]}}],"collection":[{"href":"https:\/\/miltonmarchioli.com.br\/blog\/wp-json\/wp\/v2\/posts"}],"about":[{"href":"https:\/\/miltonmarchioli.com.br\/blog\/wp-json\/wp\/v2\/types\/post"}],"author":[{"embeddable":true,"href":"https:\/\/miltonmarchioli.com.br\/blog\/wp-json\/wp\/v2\/users\/2"}],"replies":[{"embeddable":true,"href":"https:\/\/miltonmarchioli.com.br\/blog\/wp-json\/wp\/v2\/comments?post=2761"}],"version-history":[{"count":42,"href":"https:\/\/miltonmarchioli.com.br\/blog\/wp-json\/wp\/v2\/posts\/2761\/revisions"}],"predecessor-version":[{"id":13544,"href":"https:\/\/miltonmarchioli.com.br\/blog\/wp-json\/wp\/v2\/posts\/2761\/revisions\/13544"}],"wp:attachment":[{"href":"https:\/\/miltonmarchioli.com.br\/blog\/wp-json\/wp\/v2\/media?parent=2761"}],"wp:term":[{"taxonomy":"category","embeddable":true,"href":"https:\/\/miltonmarchioli.com.br\/blog\/wp-json\/wp\/v2\/categories?post=2761"},{"taxonomy":"post_tag","embeddable":true,"href":"https:\/\/miltonmarchioli.com.br\/blog\/wp-json\/wp\/v2\/tags?post=2761"}],"curies":[{"name":"wp","href":"https:\/\/api.w.org\/{rel}","templated":true}]}}