{"id":2792,"date":"2012-02-25T03:10:07","date_gmt":"2012-02-25T03:10:07","guid":{"rendered":"http:\/\/miltonmarchioli.com.br\/blog\/?p=2792"},"modified":"2022-01-08T18:42:16","modified_gmt":"2022-01-08T21:42:16","slug":"direitos-sociais-avancos-e-desafios-do-sistema-unico-de-saude","status":"publish","type":"post","link":"https:\/\/miltonmarchioli.com.br\/blog\/direitos-sociais-avancos-e-desafios-do-sistema-unico-de-saude\/","title":{"rendered":"Direitos Sociais &#8211; Avan\u00e7os e Desafios do Sistema \u00danico de Sa\u00fade"},"content":{"rendered":"<p><a href=\"https:\/\/miltonmarchioli.com.br\/blog\/wp-content\/uploads\/DIREITOS-SOCIAIS.jpg\"><img loading=\"lazy\" decoding=\"async\" class=\"alignleft size-medium wp-image-2793\" title=\"DIREITOS SOCIAIS\" src=\"https:\/\/miltonmarchioli.com.br\/blog\/wp-content\/uploads\/DIREITOS-SOCIAIS-193x300.jpg\" alt=\"\" width=\"193\" height=\"300\" srcset=\"https:\/\/miltonmarchioli.com.br\/blog\/wp-content\/uploads\/DIREITOS-SOCIAIS-193x300.jpg 193w, https:\/\/miltonmarchioli.com.br\/blog\/wp-content\/uploads\/DIREITOS-SOCIAIS.jpg 460w\" sizes=\"auto, (max-width: 193px) 100vw, 193px\" \/><\/a>A sa\u00fade \u00e9 um direito social, e est\u00e1 garantida como cl\u00e1usula p\u00e9trea na Carta Magna em seu artigo 6\u00ba como direito inalien\u00e1vel de todo cidad\u00e3o brasileiro, pois o Estado n\u00e3o pode se omitir em fornecer sa\u00fade a todo cidad\u00e3o brasileiro.<\/p>\n<p>Sem sa\u00fade o povo envelhece, empobrece, e morre com baixa estimativa de vida.<\/p>\n<p>Portanto o conhecimento do SUS &#8211; Sistema \u00danico de Sa\u00fade- \u00e9 fundamental para todo aluno de direito e aluno de medicina compreenderem o gigantismo do mesmo, seus avan\u00e7os desde a sua positiva\u00e7\u00e3o na Constitui\u00e7\u00e3o Federal de 88 at\u00e9 os dias de hoje (21 anos em vigor).<\/p>\n<p>Houve avan\u00e7os, e al\u00e9m dos conceitos de equidade, integralidade, acessibilidade, e universalidade\u00a0\u00a0insculpidos \u00a0na Constitui\u00e7\u00e3o Federal, somam-se os de longitudinalidade do cuidado, e porta de entrada do SUS.<\/p>\n<p>O SUS evoluiu, mais a insufici\u00eancia de recursos em sua implementa\u00e7\u00e3o torna-o ainda com graves perdas em efic\u00e1cia e efetividade, mas n\u00e3o em efici\u00eancia, pois, mesmo com poucos recursos, ainda\u00a0 assim, se faz muito pelos menos favorecidos economicamente no Brasil.<\/p>\n<p>Sugiro a leitura do livro como um todo, e do cap\u00edtulo 11, no qual a Professora Doutora Maria Jos\u00e9 Sanches Marin e eu fizemos uma an\u00e1lise do tema\u00a0: Avan\u00e7os e Desafios do Sistema \u00danico de Sa\u00fade.<\/p>\n<p>Uma boa leitura a todos os alunos do Univem e da Famema.<\/p>\n<p><a href=\"https:\/\/miltonmarchioli.com.br\/blog\/wp-content\/uploads\/SUS1.jpg\"><img loading=\"lazy\" decoding=\"async\" class=\"aligncenter size-full wp-image-2797\" title=\"SUS\" src=\"https:\/\/miltonmarchioli.com.br\/blog\/wp-content\/uploads\/SUS1.jpg\" alt=\"\" width=\"566\" height=\"285\" srcset=\"https:\/\/miltonmarchioli.com.br\/blog\/wp-content\/uploads\/SUS1.jpg 566w, https:\/\/miltonmarchioli.com.br\/blog\/wp-content\/uploads\/SUS1-300x151.jpg 300w\" sizes=\"auto, (max-width: 566px) 100vw, 566px\" \/><\/a><\/p>\n","protected":false},"excerpt":{"rendered":"<p>A sa\u00fade \u00e9 um direito social, e est\u00e1 garantida como cl\u00e1usula p\u00e9trea na Carta Magna em seu artigo 6\u00ba como direito inalien\u00e1vel de todo cidad\u00e3o brasileiro, pois o Estado n\u00e3o pode se omitir em fornecer sa\u00fade a todo cidad\u00e3o brasileiro. Sem sa\u00fade o povo envelhece, empobrece, e morre com baixa estimativa de vida. Portanto o &hellip; <a href=\"https:\/\/miltonmarchioli.com.br\/blog\/direitos-sociais-avancos-e-desafios-do-sistema-unico-de-saude\/\" class=\"more-link\">Continue lendo <span class=\"screen-reader-text\">Direitos Sociais &#8211; Avan\u00e7os e Desafios do Sistema \u00danico de Sa\u00fade<\/span> <span class=\"meta-nav\">&rarr;<\/span><\/a><\/p>\n","protected":false},"author":2,"featured_media":0,"comment_status":"open","ping_status":"open","sticky":false,"template":"","format":"standard","meta":{"rop_custom_images_group":[],"rop_custom_messages_group":[],"rop_publish_now":"initial","rop_publish_now_accounts":[],"rop_publish_now_history":[],"rop_publish_now_status":"pending","footnotes":""},"categories":[18,8,13,9],"tags":[170,169,202,743],"class_list":["post-2792","post","type-post","status-publish","format-standard","hentry","category-direito","category-direito-e-saude","category-opiniao","category-saude-publica","tag-direitos-sociais","tag-direitos-sociais-maria-jose-sanches-marin-e-milton-marchioli","tag-famema","tag-mestrado-univem"],"_links":{"self":[{"href":"https:\/\/miltonmarchioli.com.br\/blog\/wp-json\/wp\/v2\/posts\/2792","targetHints":{"allow":["GET"]}}],"collection":[{"href":"https:\/\/miltonmarchioli.com.br\/blog\/wp-json\/wp\/v2\/posts"}],"about":[{"href":"https:\/\/miltonmarchioli.com.br\/blog\/wp-json\/wp\/v2\/types\/post"}],"author":[{"embeddable":true,"href":"https:\/\/miltonmarchioli.com.br\/blog\/wp-json\/wp\/v2\/users\/2"}],"replies":[{"embeddable":true,"href":"https:\/\/miltonmarchioli.com.br\/blog\/wp-json\/wp\/v2\/comments?post=2792"}],"version-history":[{"count":10,"href":"https:\/\/miltonmarchioli.com.br\/blog\/wp-json\/wp\/v2\/posts\/2792\/revisions"}],"predecessor-version":[{"id":13538,"href":"https:\/\/miltonmarchioli.com.br\/blog\/wp-json\/wp\/v2\/posts\/2792\/revisions\/13538"}],"wp:attachment":[{"href":"https:\/\/miltonmarchioli.com.br\/blog\/wp-json\/wp\/v2\/media?parent=2792"}],"wp:term":[{"taxonomy":"category","embeddable":true,"href":"https:\/\/miltonmarchioli.com.br\/blog\/wp-json\/wp\/v2\/categories?post=2792"},{"taxonomy":"post_tag","embeddable":true,"href":"https:\/\/miltonmarchioli.com.br\/blog\/wp-json\/wp\/v2\/tags?post=2792"}],"curies":[{"name":"wp","href":"https:\/\/api.w.org\/{rel}","templated":true}]}}