{"id":2869,"date":"2012-03-04T01:08:22","date_gmt":"2012-03-04T01:08:22","guid":{"rendered":"http:\/\/miltonmarchioli.com.br\/blog\/?p=2869"},"modified":"2022-01-08T20:37:09","modified_gmt":"2022-01-08T23:37:09","slug":"famema-2012-15-anos-depois-da-implementacao-do-pbl-na-famema","status":"publish","type":"post","link":"https:\/\/miltonmarchioli.com.br\/blog\/famema-2012-15-anos-depois-da-implementacao-do-pbl-na-famema\/","title":{"rendered":"Famema 2012. 15 anos depois da implementa\u00e7\u00e3o do PBL na Famema"},"content":{"rendered":"<p><a href=\"https:\/\/miltonmarchioli.com.br\/blog\/wp-content\/uploads\/famema-carmelo2.jpg\"><img loading=\"lazy\" decoding=\"async\" class=\"alignleft wp-image-2930\" title=\"famema -carmelo\" src=\"https:\/\/miltonmarchioli.com.br\/blog\/wp-content\/uploads\/famema-carmelo2-300x200.jpg\" alt=\"\" width=\"254\" height=\"169\" srcset=\"https:\/\/miltonmarchioli.com.br\/blog\/wp-content\/uploads\/famema-carmelo2-300x200.jpg 300w, https:\/\/miltonmarchioli.com.br\/blog\/wp-content\/uploads\/famema-carmelo2.jpg 450w\" sizes=\"auto, (max-width: 254px) 100vw, 254px\" \/><\/a> Em apertada s\u00edntese, tento mostrar que o PBL da Famema vai de mal a pior.<\/p>\n<p>Sem aulas magnas.<\/p>\n<p>Sem laborat\u00f3rios\u00a0 de\u00a0 ensino.<\/p>\n<p>Sem\u00a0tutorias em tempo superior a 3 horas \u00a0que os idealizadores do PBL tanto gostam.<\/p>\n<p>Uma delas, uma aluna do segundo ano de medicina me disse,\u00a0\u00a0demorou menos de\u00a0 uma hora.<\/p>\n<p>Sem confer\u00eancias atualizadas para temas de sa\u00fade\u00a0 importantes para a forma\u00e7\u00e3o m\u00e9dica.<\/p>\n<p>Os alunos cansaram do &#8220;PBL made in Famema&#8221;. <a href=\"https:\/\/miltonmarchioli.com.br\/blog\/wp-content\/uploads\/famema-autodidata1.jpg\"><img loading=\"lazy\" decoding=\"async\" class=\"alignright wp-image-2877\" title=\"famema- autodidata\" src=\"https:\/\/miltonmarchioli.com.br\/blog\/wp-content\/uploads\/famema-autodidata1-300x225.jpg\" alt=\"\" width=\"260\" height=\"195\" srcset=\"https:\/\/miltonmarchioli.com.br\/blog\/wp-content\/uploads\/famema-autodidata1-300x225.jpg 300w, https:\/\/miltonmarchioli.com.br\/blog\/wp-content\/uploads\/famema-autodidata1.jpg 960w\" sizes=\"auto, (max-width: 260px) 100vw, 260px\" \/><\/a><\/p>\n<p>O\u00a0PBL como ferramenta de ensino \u00e9 mais uma op\u00e7\u00e3o de ensino.<\/p>\n<p>N\u00e3o um fim em si mesmo.<\/p>\n<p>Nada contra o PBL.<\/p>\n<p>Mas, o PBL da Famema n\u00e3o posso aceitar.<\/p>\n<p>Imposs\u00edvel se calar e n\u00e3o entrar na luta conjuntamente com os alunos para um ensino superior de qualidade em uma faculdade p\u00fablica, ou seja, mantida com recursos p\u00fablicos.<\/p>\n<p><a href=\"https:\/\/miltonmarchioli.com.br\/blog\/wp-content\/uploads\/famema-mumias2.jpg\"><img loading=\"lazy\" decoding=\"async\" class=\"alignright wp-image-2878\" title=\"famema - mumias\" src=\"https:\/\/miltonmarchioli.com.br\/blog\/wp-content\/uploads\/famema-mumias2-300x225.jpg\" alt=\"\" width=\"262\" height=\"197\" srcset=\"https:\/\/miltonmarchioli.com.br\/blog\/wp-content\/uploads\/famema-mumias2-300x225.jpg 300w, https:\/\/miltonmarchioli.com.br\/blog\/wp-content\/uploads\/famema-mumias2.jpg 960w\" sizes=\"auto, (max-width: 262px) 100vw, 262px\" \/><\/a>A mudan\u00e7a na pedagogia implementada na Famema acarreta invariavelmente a resist\u00eancia por docentes da\u00a0 institui\u00e7\u00e3o\u00a0 pelo modelo tradicional de ensino,\u00a0 contudo o fato de se n\u00e3o corrigir o atual modelo PBL implantado na Famema determinou ruptura entre alunos e a Diretoria de Gradua\u00e7\u00e3o em 2011.<\/p>\n<p>Quero deixar claro aos alunos da Famema, e ex-alunos, que fazer um curso de Medicina \u00e9 muita responsabilidade, e n\u00e3o se pode oferecer\u00a0 conte\u00fados m\u00ednimos de ensino, mas\u00a0 sim o indispens\u00e1vel, e da melhor qualidade para os futuros profissionais de sa\u00fade .<\/p>\n<p>Professores capacitados.<\/p>\n<p>E n\u00e3o apenas simp\u00e1ticos.<\/p>\n<p>Comprometidos, e n\u00e3o licenciosos &#8230;<\/p>\n<p>S\u00e9rios em ensinar.<\/p>\n<p>S\u00e9rios em cobrar resultados por meio de provas e atividades pr\u00e1ticas, e n\u00e3o somente aplicar conceitos subjetivos de avalia\u00e7\u00e3o: conceito satisfat\u00f3rio e ou conceito insatisfat\u00f3rio.<\/p>\n<p>Educa\u00e7\u00e3o em Ensino Superior \u00e9\u00a0 muita responsabilidade para o professor universit\u00e1rio.<\/p>\n<p>Tivemos grandes alunos formados aqui no modelo tradicional.<\/p>\n<p>Vamos declinar:<a href=\"https:\/\/miltonmarchioli.com.br\/blog\/wp-content\/uploads\/famema-passeata-11.jpg\"><img loading=\"lazy\" decoding=\"async\" class=\"alignright wp-image-2926\" title=\"famema - passeata 1\" src=\"https:\/\/miltonmarchioli.com.br\/blog\/wp-content\/uploads\/famema-passeata-11-300x225.jpg\" alt=\"\" width=\"260\" height=\"195\" srcset=\"https:\/\/miltonmarchioli.com.br\/blog\/wp-content\/uploads\/famema-passeata-11-300x225.jpg 300w, https:\/\/miltonmarchioli.com.br\/blog\/wp-content\/uploads\/famema-passeata-11-1024x768.jpg 1024w\" sizes=\"auto, (max-width: 260px) 100vw, 260px\" \/><\/a><\/p>\n<p style=\"text-align: justify;\">Ramon Sabat\u00e9 Manub\u00e9ns (docente de anatomia aposentado), Jackson Cioni Bittencourt (docente de anatomia &#8211; USP), Gerson Chadi (docente de anatomia USP), Olavo Ribeiro Rodrigues (docente &#8211; Faculdade de Mogi das Cruzes &#8211;\u00a0disciplina \u00a0t\u00f3rax), Orlando de Castro Silva e\u00a0 J\u00fanior\u00a0 (docente gastroenterologia &#8211; USP), e tantos outros not\u00e1veis ex-alunos.<\/p>\n<p>Alguns companheiros da turma de 1988, inclusive, e que hoje s\u00e3o docentes aqui:<\/p>\n<p>Osmi Hamamoto, Maria Isabel\u00a0 Gon\u00e7alves,\u00a0 e outros profissionais que aqui trabalham na institui\u00e7\u00e3o.<\/p>\n<p>Grandes profissionais.<a href=\"https:\/\/miltonmarchioli.com.br\/blog\/wp-content\/uploads\/famema-nova-movimento-1.jpg\"><img loading=\"lazy\" decoding=\"async\" class=\"alignright wp-image-2881\" title=\"famema - nova movimento 1\" src=\"https:\/\/miltonmarchioli.com.br\/blog\/wp-content\/uploads\/famema-nova-movimento-1-300x225.jpg\" alt=\"\" width=\"260\" height=\"195\" srcset=\"https:\/\/miltonmarchioli.com.br\/blog\/wp-content\/uploads\/famema-nova-movimento-1-300x225.jpg 300w, https:\/\/miltonmarchioli.com.br\/blog\/wp-content\/uploads\/famema-nova-movimento-1.jpg 720w\" sizes=\"auto, (max-width: 260px) 100vw, 260px\" \/><\/a><\/p>\n<p>Formados no modelo tradicional.<\/p>\n<p>Eu me formei assim&#8230;<\/p>\n<p>N\u00e3o temos nada contra o PBL,\u00a0 ou ABP\u00a0 como queiram.<\/p>\n<p>Mas, o PBL\u00a0 da Famema traduz\u00a0sucateamento da educa\u00e7\u00e3o.<\/p>\n<p>Poucos\u00a0 professores, sem salas de aulas (s\u00f3 tem um local de confer\u00eancia), professores sem salas individuais de trabalho, sem laborat\u00f3rios\u00a0 de ensino\u00a0 (patologia,\u00a0imunologia, parasitologia, histologia, microbiologia, farmacologia, etc.).<\/p>\n<p>O\u00a0 laborat\u00f3rio de anatomia funciona nos por\u00f5es do Hospital das Cl\u00ednicas de Mar\u00edlia.<\/p>\n<p>Ali\u00e1s, todos os pr\u00e9dios s\u00e3o alugados.<\/p>\n<p>Ainda, somado a isso, uma d\u00edvida de aproximadamente de R$ 500 milh\u00f5es com o Estado, em an\u00e1lise da CNPJ da Fumes e CNPJ Famema.<\/p>\n<p>Apesar de tudo, a Famema ainda consegue fazer assist\u00eancia com efici\u00eancia (fazer muito com pouco dinheiro).<\/p>\n<p>Ser\u00e1 que existem pr\u00e9dios pr\u00f3prios para ensino na autarquia Famema ?<\/p>\n<p>O\u00a0 pr\u00e9dio da antiga CPFL, no qual funciona a Secretaria Geral e a Unidade de Educa\u00e7\u00e3o \u00e9 alugado, da mesma maneira como o Carmelo, o qual \u00e9 alugado da Curia Diocesana de Mar\u00edlia. Outrossim, o Ambulat\u00f3rio Mario\u00a0 Covas \u00e9 tamb\u00e9m alugado, e algumas resid\u00eancias alugadas ao derredor do Hospital das\u00a0 Cl\u00ednicas de Mar\u00edlia.<a href=\"https:\/\/miltonmarchioli.com.br\/blog\/wp-content\/uploads\/famema-chega-de-descaso.jpg\"><img loading=\"lazy\" decoding=\"async\" class=\"alignright wp-image-5786\" title=\"famema - chega de descaso\" src=\"https:\/\/miltonmarchioli.com.br\/blog\/wp-content\/uploads\/famema-chega-de-descaso.jpg\" alt=\"\" width=\"266\" height=\"199\" \/><\/a><\/p>\n<p>Fiz aqui minha gradua\u00e7\u00e3o aqui na Famema.<\/p>\n<p>Foi \u00f3timo ter sido orientado pelos professores da \u00e9poca aqui 1983-1988.<\/p>\n<p>Alguns ainda est\u00e3o conosco:\u00a0\u00a0Paulo Borini, Fred Ellinger, Luis Carlos da Silva, Spencer de Domenico Sornas, Daher Sabbag Filho, Djalma Vasquez e tantos outros.<\/p>\n<p>Esses docentes que t\u00eam tanto conhecimento em suas disciplinas est\u00e3o impedidos de\u00a0 ensinar em aulas magnas.<\/p>\n<p>\u00c9 contra o m\u00e9todo&#8230;<img loading=\"lazy\" decoding=\"async\" class=\"alignright size-medium wp-image-12009\" src=\"https:\/\/miltonmarchioli.com.br\/blog\/wp-content\/uploads\/reclama\u00e7\u00e3o-5-300x225.jpg\" alt=\"reclama\u00e7\u00e3o 5\" width=\"300\" height=\"225\" srcset=\"https:\/\/miltonmarchioli.com.br\/blog\/wp-content\/uploads\/reclama\u00e7\u00e3o-5-300x225.jpg 300w, https:\/\/miltonmarchioli.com.br\/blog\/wp-content\/uploads\/reclama\u00e7\u00e3o-5-768x576.jpg 768w, https:\/\/miltonmarchioli.com.br\/blog\/wp-content\/uploads\/reclama\u00e7\u00e3o-5-1024x768.jpg 1024w\" sizes=\"auto, (max-width: 300px) 100vw, 300px\" \/>Por qu\u00ea ?<\/p>\n<p>N\u00e3o tenho resposta&#8230;.<\/p>\n<p>Fere\u00a0 de morte o m\u00e9todo\u00a0\u00a0&#8220;PBL made in Famema&#8221;\u00a0?<\/p>\n<p>S\u00e3o professores de grande capacidade.<\/p>\n<p>Gostaria de ter aulas, semin\u00e1rios, e quem sabe a desej\u00e1vel reuni\u00e3o an\u00e1tomo-cl\u00ednica.<\/p>\n<p>Implementada por mim, e pelo Dr Daher Sabbag Filho, em 2011, \u00a0e j\u00e1\u00a0 foi abortada na decolagem pela coordenadoria do curso de medicina.<\/p>\n<p>Os docentes convidados gostaram\u00a0 muito de terem ido\u00a0\u00e0s reuni\u00f5es.<\/p>\n<p>Eu feri de morte o m\u00e9todo\u00a0 &#8220;PBL made in Famema&#8221; ao realizar semin\u00e1rios no Ambulat\u00f3rio Mario Covas e nas reuni\u00f5es an\u00e1tomo-cl\u00ednicas.<a href=\"https:\/\/miltonmarchioli.com.br\/blog\/wp-content\/uploads\/famema-pbl-charge5.jpg\"><img loading=\"lazy\" decoding=\"async\" class=\"alignright wp-image-2929\" title=\"famema - pbl charge\" src=\"https:\/\/miltonmarchioli.com.br\/blog\/wp-content\/uploads\/famema-pbl-charge5-300x225.jpg\" alt=\"\" width=\"264\" height=\"198\" srcset=\"https:\/\/miltonmarchioli.com.br\/blog\/wp-content\/uploads\/famema-pbl-charge5-300x225.jpg 300w, https:\/\/miltonmarchioli.com.br\/blog\/wp-content\/uploads\/famema-pbl-charge5-1024x768.jpg 1024w\" sizes=\"auto, (max-width: 264px) 100vw, 264px\" \/><\/a><\/p>\n<p>Muitos casos cl\u00ednicos discutidos no segundo semestre de 2011.<\/p>\n<p>A reuni\u00e3o an\u00e1tomo-clinica \u00e9 fundamental no ensino-aprendizagem.<\/p>\n<p>Por que n\u00e3o existe mais ?<\/p>\n<p>N\u00e3o tenho resposta.<\/p>\n<p>Fere\u00a0de morte o m\u00e9todo\u00a0 &#8220;PBL made in\u00a0Famema&#8221;\u00a0?<\/p>\n<p>Bem, \u00a0diante de tanta insatisfa\u00e7\u00e3o na faculdade, os alunos se reuniram e solicitaram melhorias no processo ensino-aprendizagem.<\/p>\n<p>Tomaram uma decis\u00e3o dr\u00e1stica !<\/p>\n<p>Foram \u00e0 dire\u00e7\u00e3o.<a href=\"https:\/\/miltonmarchioli.com.br\/blog\/wp-content\/uploads\/famema-alunos-movimento42.jpg\"><img loading=\"lazy\" decoding=\"async\" class=\"alignright wp-image-7243\" title=\"famema-alunos-movimento4\" src=\"https:\/\/miltonmarchioli.com.br\/blog\/wp-content\/uploads\/famema-alunos-movimento42.jpg\" alt=\"\" width=\"265\" height=\"199\" \/><\/a><\/p>\n<p>Procuraram as redes sociais, postaram convoca\u00e7\u00f5es nas redes sociais&#8230;<\/p>\n<p>Foram in\u00fameras as convoca\u00e7\u00f5es&#8230;.<\/p>\n<p>Os alunos queriam melhorias.<\/p>\n<p>Convocaram assembleia pelo DACA.<\/p>\n<p>Demos apoio aos alunos da gradua\u00e7\u00e3o.<\/p>\n<p>Alguns docentes &#8211; defensores ufanistas\u00a0 do PBL da Famema, e n\u00e3o do original PBL modelo McMaster, n\u00e3o aceitam mudan\u00e7as no ensino de gradua\u00e7\u00e3o com aulas magnas e associando-se o PBL a outras ferramentas de ensino.\u00a0<a href=\"https:\/\/miltonmarchioli.com.br\/blog\/wp-content\/uploads\/famema-passeata-37.jpg\"><img loading=\"lazy\" decoding=\"async\" class=\"alignright wp-image-2934\" title=\"famema - passeata 3\" src=\"https:\/\/miltonmarchioli.com.br\/blog\/wp-content\/uploads\/famema-passeata-37-300x225.jpg\" alt=\"\" width=\"266\" height=\"200\" srcset=\"https:\/\/miltonmarchioli.com.br\/blog\/wp-content\/uploads\/famema-passeata-37-300x225.jpg 300w, https:\/\/miltonmarchioli.com.br\/blog\/wp-content\/uploads\/famema-passeata-37-1024x768.jpg 1024w\" sizes=\"auto, (max-width: 266px) 100vw, 266px\" \/><\/a><\/p>\n<p>O DACA pressionou politicamente\u00a0\u00e0 Diretoria Acad\u00eamica por mudan\u00e7as, ap\u00f3s convoca\u00e7\u00e3o pela rede social (facebook) por melhorias de ensino&#8230;<\/p>\n<p>A temperatura do di\u00e1logo entre Diretoria de Gradua\u00e7\u00e3o e alunos subiu e foi rompida em algum momento at\u00e9 a marcha dos alunos pela cidade de Mar\u00edlia.<\/p>\n<p>Mudar o PBL da Famema era impens\u00e1vel .<\/p>\n<p>Nem pensar, diriam os\u00a0 mais incautos.<\/p>\n<p>Por qu\u00ea ?<\/p>\n<p>Nota excelente no Enade.<\/p>\n<p>Simples, a nota excelente no Enade.<a href=\"https:\/\/miltonmarchioli.com.br\/blog\/wp-content\/uploads\/FAMEMA-ASSEMBLEIA-03-10-20112.jpg\"><img loading=\"lazy\" decoding=\"async\" class=\"alignright size-medium wp-image-2936\" title=\"FAMEMA - ASSEMBLEIA - 03-10-2011\" src=\"https:\/\/miltonmarchioli.com.br\/blog\/wp-content\/uploads\/FAMEMA-ASSEMBLEIA-03-10-20112-300x156.jpg\" alt=\"\" width=\"300\" height=\"156\" srcset=\"https:\/\/miltonmarchioli.com.br\/blog\/wp-content\/uploads\/FAMEMA-ASSEMBLEIA-03-10-20112-300x156.jpg 300w, https:\/\/miltonmarchioli.com.br\/blog\/wp-content\/uploads\/FAMEMA-ASSEMBLEIA-03-10-20112.jpg 960w\" sizes=\"auto, (max-width: 300px) 100vw, 300px\" \/><\/a><\/p>\n<p>Simples, \u00a0nota excelente no Enade.<\/p>\n<p>Simples, \u00a0nota excelente no Enade.<\/p>\n<p>E\u00a0bom que se diga\u00a0 que os alunos, ao se inscreverem, devem obrigatoriamente colocar o nome da institui\u00e7\u00e3o, na qual voc\u00ea faz o sexto ano do curso de medicina.<\/p>\n<p>Como os alunos s\u00e3o muito inteligentes na Famema, pois j\u00e1 passaram no vestibular, e ainda como fazem o Med Curso &#8211; curso preparat\u00f3rio para ingressarem nas Resid\u00eancias M\u00e9dicas &#8211;\u00a0os alunos\u00a0conseguem uma nota elevada no Enade (conceitos de 0 a 5).<\/p>\n<p>M\u00e9rito dos alunos&#8230;<img loading=\"lazy\" decoding=\"async\" class=\"alignright wp-image-2901\" title=\"FAMEMA - FIGURA BOICOTE - TESTE PROGRESSO\" src=\"https:\/\/miltonmarchioli.com.br\/blog\/wp-content\/uploads\/FAMEMA-FIGURA-BOICOTE-TESTE-PROGRESSO4-212x300.jpg\" alt=\"\" width=\"241\" height=\"341\" srcset=\"https:\/\/miltonmarchioli.com.br\/blog\/wp-content\/uploads\/FAMEMA-FIGURA-BOICOTE-TESTE-PROGRESSO4-212x300.jpg 212w, https:\/\/miltonmarchioli.com.br\/blog\/wp-content\/uploads\/FAMEMA-FIGURA-BOICOTE-TESTE-PROGRESSO4.jpg 679w\" sizes=\"auto, (max-width: 241px) 100vw, 241px\" \/><\/p>\n<p>M\u00e9rito dos alunos&#8230;<\/p>\n<p>M\u00e9rito dos alunos&#8230;<\/p>\n<p>Os alunos que se empenham:<\/p>\n<p>Louros da vit\u00f3ria para a Famema.<\/p>\n<p>Louros da vit\u00f3ria para a Famema.<\/p>\n<p>Louros da vit\u00f3ria para a Famema.<\/p>\n<p>Essa \u00e9 a realidade !<\/p>\n<p>Alunos que pagam\u00a0R$ 700,00 por m\u00eas para se apropriarem de conte\u00fados tem\u00e1ticos n\u00e3o oferecidos pela institui\u00e7\u00e3o.<\/p>\n<p>A\u00a0revolta era t\u00e3o grande pelos alunos que o DACA sugeriu boicotar o <strong>Teste Progresso.<\/strong><\/p>\n<p>Foi o que aconteceu.<\/p>\n<p>A Diretoria de Gradua\u00e7\u00e3o prometeu mudan\u00e7as&#8230;<\/p>\n<p>O Jornal\u00a0 &#8211; O Estado de S\u00e3o Paulo &#8211; tamb\u00e9m publicou tal posi\u00e7\u00e3o dos alunos.<img loading=\"lazy\" decoding=\"async\" class=\"alignright size-medium wp-image-12011\" src=\"https:\/\/miltonmarchioli.com.br\/blog\/wp-content\/uploads\/famema-estad\u00e3o-2-225x300.jpg\" alt=\"famema - estad\u00e3o 2\" width=\"225\" height=\"300\" srcset=\"https:\/\/miltonmarchioli.com.br\/blog\/wp-content\/uploads\/famema-estad\u00e3o-2-225x300.jpg 225w, https:\/\/miltonmarchioli.com.br\/blog\/wp-content\/uploads\/famema-estad\u00e3o-2.jpg 487w\" sizes=\"auto, (max-width: 225px) 100vw, 225px\" \/><\/p>\n<p>Os fatos n\u00e3o foram inventados por mim.<\/p>\n<p>Dei publicidade.<\/p>\n<p>Ou, n\u00e3o existiram ?<\/p>\n<p>Teria eu inventado tais fatos ?<\/p>\n<p>H\u00e1 uma reivindica\u00e7\u00e3o do DACA\u00a0\u00e0 Diretoria de Gradua\u00e7\u00e3o\u00a0 ao movimento dos alunos intitulada :<\/p>\n<p><a href=\"https:\/\/miltonmarchioli.com.br\/blog\/wp-content\/uploads\/FAMEMA-carta.assembleia-20113.pdf\">Carta da Assembleia Geral do Estudantes de Medicina da Famema<\/a><\/p>\n<p>Estou eu apontando falhas no ensino, ou os alunos da Faculdade de Medicina de Mar\u00edlia fizeram os apontamentos ?<\/p>\n<p>O prazo para algumas mudan\u00e7as est\u00e3o se encerrando nesse m\u00eas de mar\u00e7o de 2012.<\/p>\n<p>A Dire\u00e7\u00e3o Geral da Famema convocou reuni\u00e3o para dia 13\/10\/2011,\u00a0 e prometeu melhorias, algumas de imediato, outras em curso, e ainda afirmou que a resolu\u00e7\u00e3o final seria a incorpora\u00e7\u00e3o da Famema pela Unesp.<\/p>\n<p>Estamos aguardando ansiosamente por essa grande vit\u00f3ria :\u00a0a encampa\u00e7\u00e3o pela Unesp.<\/p>\n<p><a href=\"http:\/\/www.facebook.com\/#!\/photo.php?fbid=280500038688467&amp;set=a.128386817233124.25354.100001854188225&amp;type=1\" target=\"_blank\">A\u00a0 transa\u00e7\u00e3o entre o DACA e a diretoria acad\u00eamica pode ser vista na rede social &#8211; facebook.<\/a><\/p>\n<p>Gostaria de estar dizendo que toda essa luta chegou ao fim.<img loading=\"lazy\" decoding=\"async\" class=\"alignright size-medium wp-image-12010\" src=\"https:\/\/miltonmarchioli.com.br\/blog\/wp-content\/uploads\/famema-estad\u00e3o-204x300.jpg\" alt=\"famema - estad\u00e3o\" width=\"204\" height=\"300\" srcset=\"https:\/\/miltonmarchioli.com.br\/blog\/wp-content\/uploads\/famema-estad\u00e3o-204x300.jpg 204w, https:\/\/miltonmarchioli.com.br\/blog\/wp-content\/uploads\/famema-estad\u00e3o.jpg 483w\" sizes=\"auto, (max-width: 204px) 100vw, 204px\" \/><\/p>\n<p>E que institui\u00e7\u00e3o e alunos sa\u00edram vencedores.<\/p>\n<p>Todos vitoriosos nessa luta pelo ensino.<\/p>\n<p>Por\u00a0ser eu um eterno apaixonado pela Famema, \u00e9 que luto por reformas&#8230;<\/p>\n<p>Parab\u00e9ns aos alunos da medicina que lutaram\u00a0bravamente por melhorias no ano de 2011.<\/p>\n<p>N\u00e3o desistir \u00a0jamais.<\/p>\n<p>Lutar por um ensino melhor.<\/p>\n<p>Docente\u00a0tem que se dedicar ao ensino&#8230;<\/p>\n<p>E n\u00e3o fingir ensinar&#8230;<\/p>\n<p>Vamos fazer\u00a0 uma reforma no modelo de ensino &#8211; modelo misto de ensino (aulas magnas, semin\u00e1rios, pr\u00e1ticas em laborat\u00f3rios e PBL).<\/p>\n<p>Tradicional nas b\u00e1sicas e PBL misto do terceiro ano ao sexto ano.<a href=\"https:\/\/miltonmarchioli.com.br\/blog\/wp-content\/uploads\/famema-5-ano3.jpg\"><img loading=\"lazy\" decoding=\"async\" class=\"alignright wp-image-2948\" title=\"famema - 5 ano\" src=\"https:\/\/miltonmarchioli.com.br\/blog\/wp-content\/uploads\/famema-5-ano3-300x225.jpg\" alt=\"\" width=\"263\" height=\"198\" srcset=\"https:\/\/miltonmarchioli.com.br\/blog\/wp-content\/uploads\/famema-5-ano3-300x225.jpg 300w, https:\/\/miltonmarchioli.com.br\/blog\/wp-content\/uploads\/famema-5-ano3-1024x768.jpg 1024w\" sizes=\"auto, (max-width: 263px) 100vw, 263px\" \/><\/a><\/p>\n<p>N\u00e3o estou discutindo assist\u00eancia, pois com os poucos recursos do SUS repassados \u00e0 institui\u00e7\u00e3o, o complexo Famema\u00a0 faz\u00a0 muito pela sa\u00fade da nossa cidade e regi\u00e3o.<\/p>\n<p>Lutemos por uma Famema melhor.<\/p>\n<p>Fui orador da turma de 1988, e\u00a0 vou seguir fielmente ao juramento de &#8220;Hip\u00f3crates&#8221; .<\/p>\n<p>Enfim&#8230;<\/p>\n<p>\u00c9tica sempre.<\/p>\n<p>\u00c9tica sempre.<\/p>\n<p>\u00c9tica sempre!<\/p>\n<p>A paix\u00e3o pode passar, mas o amor sempre fica.<\/p>\n<p>\u00c9 eterno !<\/p>\n<p>Quem ama cuida.<\/p>\n<p>Luto pela Famema com ou sem espinhos\u00a0na\u00a0minha rela\u00e7\u00e3o de \u00a0doc\u00eancia na Famema\u00a0no dia a dia\u00a0!<\/p>\n<p style=\"text-align: left;\"><a href=\"https:\/\/miltonmarchioli.com.br\/blog\/wp-content\/uploads\/FAMEMA-ASSEMBLEIA-03-10-2011-SEGUNDA3.jpg\"><img loading=\"lazy\" decoding=\"async\" class=\"aligncenter wp-image-2908\" title=\"FAMEMA - ASSEMBLEIA - 03-10-2011 SEGUNDA\" src=\"https:\/\/miltonmarchioli.com.br\/blog\/wp-content\/uploads\/FAMEMA-ASSEMBLEIA-03-10-2011-SEGUNDA3-300x225.jpg\" alt=\"\" width=\"476\" height=\"432\" \/><\/a> &#8220;Acreditamos saber que existe uma sa\u00edda, mas n\u00e3o sabemos onde est\u00e1. N\u00e3o havendo ningu\u00e9m do lado de fora que nos possa indic\u00e1-la, devemos procur\u00e1-la por n\u00f3s mesmos. O que o labirinto ensina n\u00e3o \u00e9 onde est\u00e1 a sa\u00edda, mas quais s\u00e3o os caminhos que n\u00e3o levam a lugar algum &#8220;.<\/p>\n<p style=\"text-align: center;\">Norberto Bobbio<\/p>\n","protected":false},"excerpt":{"rendered":"<p>Em apertada s\u00edntese, tento mostrar que o PBL da Famema vai de mal a pior. Sem aulas magnas. Sem laborat\u00f3rios\u00a0 de\u00a0 ensino. Sem\u00a0tutorias em tempo superior a 3 horas \u00a0que os idealizadores do PBL tanto gostam. Uma delas, uma aluna do segundo ano de medicina me disse,\u00a0\u00a0demorou menos de\u00a0 uma hora. Sem confer\u00eancias atualizadas para &hellip; <a href=\"https:\/\/miltonmarchioli.com.br\/blog\/famema-2012-15-anos-depois-da-implementacao-do-pbl-na-famema\/\" class=\"more-link\">Continue lendo <span class=\"screen-reader-text\">Famema 2012. 15 anos depois da implementa\u00e7\u00e3o do PBL na Famema<\/span> <span class=\"meta-nav\">&rarr;<\/span><\/a><\/p>\n","protected":false},"author":2,"featured_media":0,"comment_status":"open","ping_status":"open","sticky":false,"template":"","format":"standard","meta":{"rop_custom_images_group":[],"rop_custom_messages_group":[],"rop_publish_now":"initial","rop_publish_now_accounts":[],"rop_publish_now_history":[],"rop_publish_now_status":"pending","footnotes":""},"categories":[18,332,13],"tags":[180,1023,319],"class_list":["post-2869","post","type-post","status-publish","format-standard","hentry","category-direito","category-educacao","category-opiniao","tag-15-anos-de-pbl-famema","tag-crise-institucional-pedagogica","tag-pbl-da-famema"],"_links":{"self":[{"href":"https:\/\/miltonmarchioli.com.br\/blog\/wp-json\/wp\/v2\/posts\/2869","targetHints":{"allow":["GET"]}}],"collection":[{"href":"https:\/\/miltonmarchioli.com.br\/blog\/wp-json\/wp\/v2\/posts"}],"about":[{"href":"https:\/\/miltonmarchioli.com.br\/blog\/wp-json\/wp\/v2\/types\/post"}],"author":[{"embeddable":true,"href":"https:\/\/miltonmarchioli.com.br\/blog\/wp-json\/wp\/v2\/users\/2"}],"replies":[{"embeddable":true,"href":"https:\/\/miltonmarchioli.com.br\/blog\/wp-json\/wp\/v2\/comments?post=2869"}],"version-history":[{"count":55,"href":"https:\/\/miltonmarchioli.com.br\/blog\/wp-json\/wp\/v2\/posts\/2869\/revisions"}],"predecessor-version":[{"id":13563,"href":"https:\/\/miltonmarchioli.com.br\/blog\/wp-json\/wp\/v2\/posts\/2869\/revisions\/13563"}],"wp:attachment":[{"href":"https:\/\/miltonmarchioli.com.br\/blog\/wp-json\/wp\/v2\/media?parent=2869"}],"wp:term":[{"taxonomy":"category","embeddable":true,"href":"https:\/\/miltonmarchioli.com.br\/blog\/wp-json\/wp\/v2\/categories?post=2869"},{"taxonomy":"post_tag","embeddable":true,"href":"https:\/\/miltonmarchioli.com.br\/blog\/wp-json\/wp\/v2\/tags?post=2869"}],"curies":[{"name":"wp","href":"https:\/\/api.w.org\/{rel}","templated":true}]}}