{"id":289,"date":"2011-03-28T20:51:15","date_gmt":"2011-03-28T20:51:15","guid":{"rendered":"http:\/\/miltonmarchioli.com.br\/blog\/?p=289"},"modified":"2022-01-07T11:51:11","modified_gmt":"2022-01-07T14:51:11","slug":"cefaleias-de-acordo-com-a-classificacao-internacional-de-cefaleia-de-2004-seminario-curso-de-medicina-da-famema","status":"publish","type":"post","link":"https:\/\/miltonmarchioli.com.br\/blog\/cefaleias-de-acordo-com-a-classificacao-internacional-de-cefaleia-de-2004-seminario-curso-de-medicina-da-famema\/","title":{"rendered":"Cefaleias de acordo com a Classifica\u00e7\u00e3o Internacional de Cefaleia de 2004. Semin\u00e1rio. Curso de Medicina da Famema"},"content":{"rendered":"<p><img loading=\"lazy\" decoding=\"async\" class=\"alignleft wp-image-11829\" src=\"https:\/\/miltonmarchioli.com.br\/blog\/wp-content\/uploads\/cefaleia-m\u00e3o-na-fronte-300x247.jpg\" alt=\"cefaleia - m\u00e3o na fronte\" width=\"240\" height=\"197\" srcset=\"https:\/\/miltonmarchioli.com.br\/blog\/wp-content\/uploads\/cefaleia-m\u00e3o-na-fronte-300x247.jpg 300w, https:\/\/miltonmarchioli.com.br\/blog\/wp-content\/uploads\/cefaleia-m\u00e3o-na-fronte.jpg 373w\" sizes=\"auto, (max-width: 240px) 100vw, 240px\" \/><a href=\"https:\/\/miltonmarchioli.com.br\/blog\/wp-content\/uploads\/CAFAL\u00c9IAS-2011-MARILIA-POLO.ppt\">Semin\u00e1rio apresentado pela acad\u00eamica da 4\u00aa s\u00e9rie do curso de Medicina da Famema &#8211; Marilia Polo no Ambulat\u00f3rio de Cefaleia- Ambulat\u00f3rio M\u00e1rio Covas- disciplinas Neurologia e Educa\u00e7\u00e3o em Ci\u00eancias da Sa\u00fade de acordo com 2\u00aa Edi\u00e7\u00e3o da Classifica\u00e7\u00e3o Internacional de Cefaleia.<\/a><\/p>\n<p>A classifica\u00e7\u00e3o\u00a0 \u00e9\u00a0 importante para que o profissional de sa\u00fade envolvido em pesquisas cient\u00edficas possa publicar os resultados dos trabalhos e compar\u00e1-los, e n\u00e3o \u00a0produzir an\u00e1lise dos resultados com vi\u00e9s.<\/p>\n<p>A classifica\u00e7\u00e3o de 2004 sucede a de 1988, e parece ser mais\u00a0 pr\u00f3xima da realidade da pr\u00e1tica di\u00e1ria cl\u00ednica, tanto em Ambulat\u00f3rios de Neurologia, quanto em Ambulat\u00f3rios de Cl\u00ednica Geral.<\/p>\n<p>No passado, nem se cogitava imaginar a cefaleia como doen\u00e7a, pois sempre era\u00a0 vista apenas como sintoma, e nunca como uma doen\u00e7a isoladamente ou desencadeada por outra doen\u00e7a em sua evolu\u00e7\u00e3o.<\/p>\n<p>A classifica\u00e7\u00e3o tamb\u00e9m procura sintetizar em cada \u00edtem os principais sintomas e sinais que comp\u00f5em cada tipo de cefaleia.<\/p>\n<p>O Ambulat\u00f3rio de Cefaleia recebe encaminhamentos de usu\u00e1rios do SUS do Departamento Regional de Sa\u00fade IX do Estado de S\u00e3o Paulo.<\/p>\n<p>Em defesa do SUS !<\/p>\n<p><a href=\"https:\/\/miltonmarchioli.com.br\/blog\/wp-content\/uploads\/candido-portinari-mulher.jpg\"><img loading=\"lazy\" decoding=\"async\" class=\"aligncenter wp-image-6374\" title=\"candido portinari- mulher\" src=\"https:\/\/miltonmarchioli.com.br\/blog\/wp-content\/uploads\/candido-portinari-mulher.jpg\" alt=\"\" width=\"420\" height=\"530\" srcset=\"https:\/\/miltonmarchioli.com.br\/blog\/wp-content\/uploads\/candido-portinari-mulher.jpg 357w, https:\/\/miltonmarchioli.com.br\/blog\/wp-content\/uploads\/candido-portinari-mulher-238x300.jpg 238w\" sizes=\"auto, (max-width: 420px) 100vw, 420px\" \/><\/a><\/p>\n","protected":false},"excerpt":{"rendered":"<p>Semin\u00e1rio apresentado pela acad\u00eamica da 4\u00aa s\u00e9rie do curso de Medicina da Famema &#8211; Marilia Polo no Ambulat\u00f3rio de Cefaleia- Ambulat\u00f3rio M\u00e1rio Covas- disciplinas Neurologia e Educa\u00e7\u00e3o em Ci\u00eancias da Sa\u00fade de acordo com 2\u00aa Edi\u00e7\u00e3o da Classifica\u00e7\u00e3o Internacional de Cefaleia. A classifica\u00e7\u00e3o\u00a0 \u00e9\u00a0 importante para que o profissional de sa\u00fade envolvido em pesquisas cient\u00edficas &hellip; <a href=\"https:\/\/miltonmarchioli.com.br\/blog\/cefaleias-de-acordo-com-a-classificacao-internacional-de-cefaleia-de-2004-seminario-curso-de-medicina-da-famema\/\" class=\"more-link\">Continue lendo <span class=\"screen-reader-text\">Cefaleias de acordo com a Classifica\u00e7\u00e3o Internacional de Cefaleia de 2004. Semin\u00e1rio. Curso de Medicina da Famema<\/span> <span class=\"meta-nav\">&rarr;<\/span><\/a><\/p>\n","protected":false},"author":2,"featured_media":0,"comment_status":"open","ping_status":"open","sticky":false,"template":"","format":"standard","meta":{"rop_custom_images_group":[],"rop_custom_messages_group":[],"rop_publish_now":"initial","rop_publish_now_accounts":[],"rop_publish_now_history":[],"rop_publish_now_status":"pending","footnotes":""},"categories":[332,4,13,9],"tags":[591],"class_list":["post-289","post","type-post","status-publish","format-standard","hentry","category-educacao","category-neurologia","category-opiniao","category-saude-publica","tag-ambulatorio-cefaleia-ambulatorio-mario-covas-famema"],"_links":{"self":[{"href":"https:\/\/miltonmarchioli.com.br\/blog\/wp-json\/wp\/v2\/posts\/289","targetHints":{"allow":["GET"]}}],"collection":[{"href":"https:\/\/miltonmarchioli.com.br\/blog\/wp-json\/wp\/v2\/posts"}],"about":[{"href":"https:\/\/miltonmarchioli.com.br\/blog\/wp-json\/wp\/v2\/types\/post"}],"author":[{"embeddable":true,"href":"https:\/\/miltonmarchioli.com.br\/blog\/wp-json\/wp\/v2\/users\/2"}],"replies":[{"embeddable":true,"href":"https:\/\/miltonmarchioli.com.br\/blog\/wp-json\/wp\/v2\/comments?post=289"}],"version-history":[{"count":28,"href":"https:\/\/miltonmarchioli.com.br\/blog\/wp-json\/wp\/v2\/posts\/289\/revisions"}],"predecessor-version":[{"id":13505,"href":"https:\/\/miltonmarchioli.com.br\/blog\/wp-json\/wp\/v2\/posts\/289\/revisions\/13505"}],"wp:attachment":[{"href":"https:\/\/miltonmarchioli.com.br\/blog\/wp-json\/wp\/v2\/media?parent=289"}],"wp:term":[{"taxonomy":"category","embeddable":true,"href":"https:\/\/miltonmarchioli.com.br\/blog\/wp-json\/wp\/v2\/categories?post=289"},{"taxonomy":"post_tag","embeddable":true,"href":"https:\/\/miltonmarchioli.com.br\/blog\/wp-json\/wp\/v2\/tags?post=289"}],"curies":[{"name":"wp","href":"https:\/\/api.w.org\/{rel}","templated":true}]}}