{"id":2967,"date":"2012-03-08T12:32:16","date_gmt":"2012-03-08T12:32:16","guid":{"rendered":"http:\/\/miltonmarchioli.com.br\/blog\/?p=2967"},"modified":"2022-01-08T20:39:14","modified_gmt":"2022-01-08T23:39:14","slug":"parabens-as-profissionais-de-saude-que-trabalham-no-complexo-famema","status":"publish","type":"post","link":"https:\/\/miltonmarchioli.com.br\/blog\/parabens-as-profissionais-de-saude-que-trabalham-no-complexo-famema\/","title":{"rendered":"Parab\u00e9ns as profissionais da Sa\u00fade P\u00fablica que trabalham no Complexo Famema"},"content":{"rendered":"<p><a href=\"https:\/\/miltonmarchioli.com.br\/blog\/wp-content\/uploads\/mulher-profissional.jpg\"><img loading=\"lazy\" decoding=\"async\" class=\"alignleft wp-image-10552\" src=\"https:\/\/miltonmarchioli.com.br\/blog\/wp-content\/uploads\/mulher-profissional-300x180.jpg\" alt=\"mulher profissional\" width=\"272\" height=\"163\" srcset=\"https:\/\/miltonmarchioli.com.br\/blog\/wp-content\/uploads\/mulher-profissional-300x180.jpg 300w, https:\/\/miltonmarchioli.com.br\/blog\/wp-content\/uploads\/mulher-profissional.jpg 620w\" sizes=\"auto, (max-width: 272px) 100vw, 272px\" \/><\/a>Dia 8 de mar\u00e7o -Dia da Mulher &#8211;\u00a0gostar\u00edamos de parabenizar todas as profissionais de sa\u00fade que trabalham no Complexo Famema (Hospital das Cl\u00ednicas, Hospital S\u00e3o Francisco, Pr\u00e9dio do Carmelo, Secretaria Geral e Unidade de Educa\u00e7\u00e3o, Hemocentro\u00a0e \u00a0Ambulat\u00f3rio Mario Covas).<\/p>\n<p>A aprova\u00e7\u00e3o da PEC 29 ainda n\u00e3o resolver\u00e1 a provis\u00e3o de recursos financeiros \u00e0s institui\u00e7\u00f5es que atendem usu\u00e1rios do SUS, mas \u00e9 um passo para permitir que a varia\u00e7\u00e3o do PIB (Produto Interno Bruto)\u00a0do ano anterior seja incorporado no ano seguinte ao or\u00e7amento da sa\u00fade.<\/p>\n<p>O complexo Famema faz um atendimento eficiente\u00a0para \u00a0Mar\u00edlia e regi\u00e3o, pois \u00e9 refer\u00eancia do Departamento Regional de Sa\u00fade IX do Estado de S\u00e3o Paulo, o qual \u00e9 composto de 62 munic\u00edpios, e muito\u00a0do dinheiro que est\u00e1 no or\u00e7amento do Complexo Famema acaba sendo\u00a0 insuficiente, pois na verdade n\u00e3o h\u00e1 como prever quantos usu\u00e1rios ser\u00e3o encaminhados, e quantos procedimentos ser\u00e3o realizados por ano dos usu\u00e1rios atendidos.<\/p>\n<p>Enfim, o Complexo Famema com essas profissionais de sa\u00fade (m\u00e9dicas, enfermeiras, auxiliares de enfermagem, nutricionistas, fisioterapeutas, t\u00e9cnicas de radiologia, secret\u00e1rias,\u00a0 recepcionistas, faxineiras, cozinheiras) fazem um atendimento de qualidade pelo poucos recursos que a institui\u00e7\u00e3o recebe da Secretaria Estadual de Sa\u00fade.<\/p>\n<p>No\u00a0 Dia Internacional da Mulher sinceros votos de congratula\u00e7\u00f5es pelo empenho dessas profissionais de sa\u00fade do Complexo Famema que\u00a0 trabalham arduamente pela\u00a0sa\u00fade\u00a0 do Brasil.<\/p>\n<p>Parab\u00e9ns a todas as mulheres do Complexo Famema !<\/p>\n<p style=\"text-align: left;\"><a href=\"https:\/\/miltonmarchioli.com.br\/blog\/wp-content\/uploads\/MULHER-HOSPITAL.jpg\"><img loading=\"lazy\" decoding=\"async\" class=\"aligncenter size-full wp-image-10555\" src=\"https:\/\/miltonmarchioli.com.br\/blog\/wp-content\/uploads\/MULHER-HOSPITAL.jpg\" alt=\"MULHER HOSPITAL\" width=\"733\" height=\"502\" srcset=\"https:\/\/miltonmarchioli.com.br\/blog\/wp-content\/uploads\/MULHER-HOSPITAL.jpg 733w, https:\/\/miltonmarchioli.com.br\/blog\/wp-content\/uploads\/MULHER-HOSPITAL-300x205.jpg 300w\" sizes=\"auto, (max-width: 733px) 100vw, 733px\" \/><\/a>&#8220;Meu cora\u00e7\u00e3o, feito de chama\u00a0em lugar de sangue, derrama\u00a0 um longo rio de esplendor&#8221;.<\/p>\n<p style=\"text-align: center;\">Cec\u00edlia Meireles<\/p>\n","protected":false},"excerpt":{"rendered":"<p>Dia 8 de mar\u00e7o -Dia da Mulher &#8211;\u00a0gostar\u00edamos de parabenizar todas as profissionais de sa\u00fade que trabalham no Complexo Famema (Hospital das Cl\u00ednicas, Hospital S\u00e3o Francisco, Pr\u00e9dio do Carmelo, Secretaria Geral e Unidade de Educa\u00e7\u00e3o, Hemocentro\u00a0e \u00a0Ambulat\u00f3rio Mario Covas). A aprova\u00e7\u00e3o da PEC 29 ainda n\u00e3o resolver\u00e1 a provis\u00e3o de recursos financeiros \u00e0s institui\u00e7\u00f5es que &hellip; <a href=\"https:\/\/miltonmarchioli.com.br\/blog\/parabens-as-profissionais-de-saude-que-trabalham-no-complexo-famema\/\" class=\"more-link\">Continue lendo <span class=\"screen-reader-text\">Parab\u00e9ns as profissionais da Sa\u00fade P\u00fablica que trabalham no Complexo Famema<\/span> <span class=\"meta-nav\">&rarr;<\/span><\/a><\/p>\n","protected":false},"author":2,"featured_media":0,"comment_status":"open","ping_status":"open","sticky":false,"template":"","format":"standard","meta":{"rop_custom_images_group":[],"rop_custom_messages_group":[],"rop_publish_now":"initial","rop_publish_now_accounts":[],"rop_publish_now_history":[],"rop_publish_now_status":"pending","footnotes":""},"categories":[8,332,13,9],"tags":[745],"class_list":["post-2967","post","type-post","status-publish","format-standard","hentry","category-direito-e-saude","category-educacao","category-opiniao","category-saude-publica","tag-profissionais-de-saude-famema"],"_links":{"self":[{"href":"https:\/\/miltonmarchioli.com.br\/blog\/wp-json\/wp\/v2\/posts\/2967","targetHints":{"allow":["GET"]}}],"collection":[{"href":"https:\/\/miltonmarchioli.com.br\/blog\/wp-json\/wp\/v2\/posts"}],"about":[{"href":"https:\/\/miltonmarchioli.com.br\/blog\/wp-json\/wp\/v2\/types\/post"}],"author":[{"embeddable":true,"href":"https:\/\/miltonmarchioli.com.br\/blog\/wp-json\/wp\/v2\/users\/2"}],"replies":[{"embeddable":true,"href":"https:\/\/miltonmarchioli.com.br\/blog\/wp-json\/wp\/v2\/comments?post=2967"}],"version-history":[{"count":15,"href":"https:\/\/miltonmarchioli.com.br\/blog\/wp-json\/wp\/v2\/posts\/2967\/revisions"}],"predecessor-version":[{"id":11178,"href":"https:\/\/miltonmarchioli.com.br\/blog\/wp-json\/wp\/v2\/posts\/2967\/revisions\/11178"}],"wp:attachment":[{"href":"https:\/\/miltonmarchioli.com.br\/blog\/wp-json\/wp\/v2\/media?parent=2967"}],"wp:term":[{"taxonomy":"category","embeddable":true,"href":"https:\/\/miltonmarchioli.com.br\/blog\/wp-json\/wp\/v2\/categories?post=2967"},{"taxonomy":"post_tag","embeddable":true,"href":"https:\/\/miltonmarchioli.com.br\/blog\/wp-json\/wp\/v2\/tags?post=2967"}],"curies":[{"name":"wp","href":"https:\/\/api.w.org\/{rel}","templated":true}]}}