{"id":3014,"date":"2012-03-14T12:34:58","date_gmt":"2012-03-14T15:34:58","guid":{"rendered":"http:\/\/miltonmarchioli.com.br\/blog\/?p=3014"},"modified":"2022-01-08T20:49:21","modified_gmt":"2022-01-08T23:49:21","slug":"por-que-alunos-da-famema-fazem-os-dois-primeiros-anos-dos-cursos-de-medicina-e-enfermagem-juntos","status":"publish","type":"post","link":"https:\/\/miltonmarchioli.com.br\/blog\/por-que-alunos-da-famema-fazem-os-dois-primeiros-anos-dos-cursos-de-medicina-e-enfermagem-juntos\/","title":{"rendered":"Por que alunos da Famema fazem os dois primeiros anos dos cursos de medicina e enfermagem juntos ?"},"content":{"rendered":"<p><a href=\"https:\/\/miltonmarchioli.com.br\/blog\/wp-content\/uploads\/por-que.jpg\"><img loading=\"lazy\" decoding=\"async\" class=\"alignleft wp-image-10560\" src=\"https:\/\/miltonmarchioli.com.br\/blog\/wp-content\/uploads\/por-que-300x212.jpg\" alt=\"por que\" width=\"263\" height=\"186\" srcset=\"https:\/\/miltonmarchioli.com.br\/blog\/wp-content\/uploads\/por-que-300x212.jpg 300w, https:\/\/miltonmarchioli.com.br\/blog\/wp-content\/uploads\/por-que.jpg 400w\" sizes=\"auto, (max-width: 263px) 100vw, 263px\" \/><\/a>Na Famema, ao contr\u00e1rio do bom senso, os alunos da medicina e enfermagem, possuem atividades id\u00eanticas &#8211; os dois primeiros anos do curso de medicina s\u00e3o iguais aos dois primeiros anos do curso de enfermagem.<\/p>\n<p>S\u00e3o as UPP 1 e UPP2.<\/p>\n<p>Unidade de Pr\u00e1tica Profissional !<\/p>\n<p>Isso \u00e9 fato, e n\u00e3o pode ser desmentido.<\/p>\n<p>A pergunta que dever ser respondida.<\/p>\n<p>Quem criou tal situa\u00e7\u00e3o ?<\/p>\n<p>Por que se criou ?<\/p>\n<p>Quem se beneficia com tal cria\u00e7\u00e3o ?<\/p>\n<p>Analisando tal situa\u00e7\u00e3o\u00a0\u00e0 luz\u00a0do crivo pedag\u00f3gico, percebe-se que a primeira resposta ser\u00e1: O Super Pedagogo da Famema (\u00e9 bom lembrar que no site da faculdade da Famema \u00a0&#8211; disciplinas &#8211; n\u00e3o h\u00e1 pedagogo e nem a disciplina de pedagogia).<\/p>\n<p>Acesse o site institucional da Famema <a href=\"http:\/\/www.famema.br\/ensino\/disciplinas\/disciplinas.php\">http:\/\/www.famema.br\/disc\/ .<\/a><\/p>\n<p>Ent\u00e3o, quem\u00a0seria ?<\/p>\n<p>A segunda pergunta\u00a0 fica imposs\u00edvel de ser respondida, visto que alunos de medicina e enfermagem t\u00eam\u00a0 que aprender conte\u00fados tem\u00e1ticos totalmente diferentes nos dois cursos.<\/p>\n<p>Medicina &#8211; anatomia, histologia, fisiologia, farmacologia, bioqu\u00edmica, parasitologia, microbiologia, gen\u00e9tica cl\u00ednica, imunologia, estat\u00edstica, patologia geral\u00a0 e especial, sociologia e antropologia etc.<\/p>\n<p>Os alunos da enfermagem n\u00e3o precisam de todas essas disciplinas \u00a0e, em algumas delas, conte\u00fados menos\u00a0 complexos que no curso de medicina.<\/p>\n<p>Nada contra o curso de enfermagem, e nem com seus alunos&#8230;<\/p>\n<p>Nada contra ningu\u00e9m&#8230;<\/p>\n<p>Alunos e docentes com outra matriz curricular na gradua\u00e7\u00e3o.<\/p>\n<p>O curso de enfermagem \u00e9 notadamente dedicado ao cuidado dos usu\u00e1rios da sa\u00fade &#8211; SUS ou Suplementar.<\/p>\n<p>S\u00e3o melhores capacitados que os m\u00e9dicos nesse quesito.<\/p>\n<p>Infinitamente !<\/p>\n<p>Ocorre que os\u00a0cursos t\u00eam grades curriculares diferentes, pois s\u00e3o\u00a0distintos em conte\u00fados e disciplinas.<\/p>\n<p>Engenheiro e arquiteto t\u00eam como objeto de curso a constru\u00e7\u00e3o civil, mas fazem faculdades diferentes.<\/p>\n<p>No final do projeto, ambos contribuem poderosamente no projeto final da obra.<\/p>\n<p>Imposs\u00edvel, portanto unir cursos, que n\u00e3o podem ser unidos na gradua\u00e7\u00e3o !<\/p>\n<p>Mas, &#8220;O Super Pedagogo&#8221; da Famema diz que sim.<\/p>\n<p>Ai, \u00a0se voc\u00ea disser que n\u00e3o&#8230;<\/p>\n<p>Fui convidado para uma\u00a0 &#8220;conversa amig\u00e1vel&#8221; no primeiro andar do Pr\u00e9dio do Carmelo onde funciona a Diretoria de Gradua\u00e7\u00e3o.<\/p>\n<p>Por sorte, havia uma temperatura ambiente agrad\u00e1vel (ar condicionado ligado),\u00a0pois o &#8220;clima da conversa&#8221; n\u00e3o foi bom&#8230;<\/p>\n<p>Pediram uma retrata\u00e7\u00e3o velada.<\/p>\n<p>N\u00e3o fiz e n\u00e3o farei&#8230;<\/p>\n<p>Enfim, por que a Famema insiste em projeto pol\u00edtico-pedag\u00f3gico que n\u00e3o \u00e9 poss\u00edvel de ser exequ\u00edvel ?<\/p>\n<p>Estamos no\u00a0 &#8220;Regime Taliban Pedag\u00f3gico&#8221; na Famema ?<\/p>\n<p>Ou, como ouvi de um coordenador da 4\u00aa s\u00e9rie:\u00a0 &#8220;se o aluno n\u00e3o gostar da Famema que v\u00e1 embora &#8220;.<\/p>\n<p>Na Famema, no F\u00f3rum Institucional , tal questionamento\u00a0\u00a0pode ser resolvido\u00a0se a institui\u00e7\u00e3o assim o\u00a0quiser.<\/p>\n<p>Docentes e alunos que queiram dividir os cursos &#8211; voto sim.<\/p>\n<p>Docentes e alunos que n\u00e3o queiram dividir os cursos &#8211; voto n\u00e3o.<\/p>\n<p>Ou ainda, no site da Famema.<\/p>\n<p>Se opta por dividir &#8211; sim.<\/p>\n<p>Se opta por n\u00e3o dividir &#8211; n\u00e3o.<\/p>\n<p>Simples&#8230;<\/p>\n<p>Se essa discuss\u00e3o n\u00e3o ocorrer, o que \u00e9 lament\u00e1vel, penso estar em um universidade que n\u00e3o\u00a0 proporciona a possibilidade de discuss\u00e3o&#8230;<\/p>\n<p>Os F\u00f3runs Institucionais na Famema s\u00e3o F\u00f3runs Devocionais ao &#8220;PBL made in Famema&#8221;&#8230;<\/p>\n<p>Ditadura pedag\u00f3gica com ares de modernidade pedag\u00f3gica:<\/p>\n<p>&#8220;PBL made in Famema &#8220;.<\/p>\n<p>Aluno da Famema, super inteligentes que s\u00e3o, visto que j\u00e1 passaram por um processo super seletivo no vestibular (medicina mais de 200 candidatos\/vaga), fazem o Med Curso e SJT, e tiram um &#8220;nota\u00e7o &#8221; no Enade.<\/p>\n<p>Louros da vit\u00f3ria para a Famema.<\/p>\n<p>Detalhe: o Med Curso \u00e9 pago, e oferece conte\u00fados tem\u00e1ticos que n\u00e3o s\u00e3o dados pela institui\u00e7\u00e3o.<\/p>\n<p>E, respondendo a terceira pergunta, creio que ningu\u00e9m se beneficia\u00a0da uni\u00e3o de cursos\u00a0nos dois primeiros anos, ou seja, de UPP 1 e UPP 2 com alunos de medicina e enfermagem simultaneamente.<\/p>\n<p>Mas, por que continua ?<\/p>\n<p>Seria mais um arquivo X\u00a0(The True is Out There) ?<\/p>\n<p>Ser\u00e1 que esse modelo, na verdade, utilizando-se de &#8220;professores colaboradores&#8221; na rede b\u00e1sica de sa\u00fade de Mar\u00edlia, traz a possibilidade da Famema n\u00e3o precisar contratar professores ?<\/p>\n<p>Ou, a contrata\u00e7\u00e3o de professores nas disciplinas b\u00e1sicas \u00e9 muita cara, e essas disciplinas s\u00e3o\u00a0substitu\u00eddas pela perman\u00eancia dos alunos na rede b\u00e1sica de sa\u00fade, quando na\u00a0verdade deveriam estar estudando: anatomia, histologia, fisiologia, farmacologia, bioqu\u00edmica, parasitologia, microbiologia, gen\u00e9tica cl\u00ednica, imunologia, estat\u00edstica, patologia geral\u00a0 e especial, sociologia e antropologia ?<\/p>\n<p>Vamos lutar\u00a0 pela recupera\u00e7\u00e3o do ensino na faculdade.<\/p>\n<p>Podemos sugerir a uni\u00e3o do modelo tradicional nas b\u00e1sica, e o ABP ou PBL do terceiro ao sexto ano.<\/p>\n<p>Suportar como tal, \u00e9 lembrar do exemplo de P\u00f4ncio Pilatos&#8230;<\/p>\n<p>Lavou as m\u00e3os, e nada fez&#8230;<\/p>\n<p>Lutando por uma Famema melhor !<\/p>\n<p>At\u00e9 quando vamos esperar mudan\u00e7as na grade curricular ?<\/p>\n<p><a href=\"https:\/\/miltonmarchioli.com.br\/blog\/wp-content\/uploads\/PILATOS1.jpg\"><img loading=\"lazy\" decoding=\"async\" class=\"aligncenter wp-image-3021\" title=\"PILATOS\" src=\"https:\/\/miltonmarchioli.com.br\/blog\/wp-content\/uploads\/PILATOS1.jpg\" alt=\"\" width=\"522\" height=\"346\" \/><\/a>&#8220;Cultura \u00e9 equil\u00edbrio intelectual, reflex\u00e3o cr\u00edtica, senso de discernimento, aborrecimento frente a qualquer simplifica\u00e7\u00e3o, a qualquer manique\u00edsmo, a qualquer parcialidade&#8221;.<\/p>\n<div style=\"text-align: center;\" align=\"justify\"><\/div>\n<div style=\"text-align: center;\" align=\"justify\">Norberto Bobbio<\/div>\n","protected":false},"excerpt":{"rendered":"<p>Na Famema, ao contr\u00e1rio do bom senso, os alunos da medicina e enfermagem, possuem atividades id\u00eanticas &#8211; os dois primeiros anos do curso de medicina s\u00e3o iguais aos dois primeiros anos do curso de enfermagem. S\u00e3o as UPP 1 e UPP2. Unidade de Pr\u00e1tica Profissional ! Isso \u00e9 fato, e n\u00e3o pode ser desmentido. A &hellip; <a href=\"https:\/\/miltonmarchioli.com.br\/blog\/por-que-alunos-da-famema-fazem-os-dois-primeiros-anos-dos-cursos-de-medicina-e-enfermagem-juntos\/\" class=\"more-link\">Continue lendo <span class=\"screen-reader-text\">Por que alunos da Famema fazem os dois primeiros anos dos cursos de medicina e enfermagem juntos ?<\/span> <span class=\"meta-nav\">&rarr;<\/span><\/a><\/p>\n","protected":false},"author":2,"featured_media":0,"comment_status":"open","ping_status":"open","sticky":false,"template":"","format":"standard","meta":{"rop_custom_images_group":[],"rop_custom_messages_group":[],"rop_publish_now":"initial","rop_publish_now_accounts":[],"rop_publish_now_history":[],"rop_publish_now_status":"pending","footnotes":""},"categories":[332,13,366],"tags":[101,258],"class_list":["post-3014","post","type-post","status-publish","format-standard","hentry","category-educacao","category-opiniao","category-politica","tag-pbl-famema","tag-upp-1-e-upp2-famema"],"_links":{"self":[{"href":"https:\/\/miltonmarchioli.com.br\/blog\/wp-json\/wp\/v2\/posts\/3014","targetHints":{"allow":["GET"]}}],"collection":[{"href":"https:\/\/miltonmarchioli.com.br\/blog\/wp-json\/wp\/v2\/posts"}],"about":[{"href":"https:\/\/miltonmarchioli.com.br\/blog\/wp-json\/wp\/v2\/types\/post"}],"author":[{"embeddable":true,"href":"https:\/\/miltonmarchioli.com.br\/blog\/wp-json\/wp\/v2\/users\/2"}],"replies":[{"embeddable":true,"href":"https:\/\/miltonmarchioli.com.br\/blog\/wp-json\/wp\/v2\/comments?post=3014"}],"version-history":[{"count":40,"href":"https:\/\/miltonmarchioli.com.br\/blog\/wp-json\/wp\/v2\/posts\/3014\/revisions"}],"predecessor-version":[{"id":13564,"href":"https:\/\/miltonmarchioli.com.br\/blog\/wp-json\/wp\/v2\/posts\/3014\/revisions\/13564"}],"wp:attachment":[{"href":"https:\/\/miltonmarchioli.com.br\/blog\/wp-json\/wp\/v2\/media?parent=3014"}],"wp:term":[{"taxonomy":"category","embeddable":true,"href":"https:\/\/miltonmarchioli.com.br\/blog\/wp-json\/wp\/v2\/categories?post=3014"},{"taxonomy":"post_tag","embeddable":true,"href":"https:\/\/miltonmarchioli.com.br\/blog\/wp-json\/wp\/v2\/tags?post=3014"}],"curies":[{"name":"wp","href":"https:\/\/api.w.org\/{rel}","templated":true}]}}