{"id":3039,"date":"2012-03-15T13:17:36","date_gmt":"2012-03-15T16:17:36","guid":{"rendered":"http:\/\/miltonmarchioli.com.br\/blog\/?p=3039"},"modified":"2022-01-08T20:50:58","modified_gmt":"2022-01-08T23:50:58","slug":"esclerose-multipla-seminario-curso-de-medicina-da-famema","status":"publish","type":"post","link":"https:\/\/miltonmarchioli.com.br\/blog\/esclerose-multipla-seminario-curso-de-medicina-da-famema\/","title":{"rendered":"Esclerose M\u00faltipla. Semin\u00e1rio. Curso de Medicina da Famema"},"content":{"rendered":"<p><a href=\"https:\/\/miltonmarchioli.com.br\/blog\/wp-content\/uploads\/esclerose-multipla-3.jpg\"><img loading=\"lazy\" decoding=\"async\" class=\"alignleft wp-image-10564\" src=\"https:\/\/miltonmarchioli.com.br\/blog\/wp-content\/uploads\/esclerose-multipla-3-300x180.jpg\" alt=\"esclerose multipla 3\" width=\"267\" height=\"160\" srcset=\"https:\/\/miltonmarchioli.com.br\/blog\/wp-content\/uploads\/esclerose-multipla-3-300x180.jpg 300w, https:\/\/miltonmarchioli.com.br\/blog\/wp-content\/uploads\/esclerose-multipla-3.jpg 500w\" sizes=\"auto, (max-width: 267px) 100vw, 267px\" \/><\/a><a href=\"https:\/\/miltonmarchioli.com.br\/blog\/wp-content\/uploads\/Esclerose-M\u00faltipla-Rie-Nadia-Asso.ppt\">Semin\u00e1rio apresentado pela aluna Rie Nadia Asso &#8211; 4\u00ba ano do curso de medicina &#8211; Famema &#8211; Ambulat\u00f3rio\u00a0 de Neurologia &#8211; Ambulat\u00f3rio M\u00e1rio Covas &#8211;\u00a0 disciplinas Neurologia e Educa\u00e7\u00e3o em\u00a0 Ci\u00eancias da Sa\u00fade abordando fisiopatogenia, e tratamento da Esclerose M\u00faltipla.<\/a><\/p>\n<p>Nos \u00faltimos anos houve melhor compreens\u00e3o das formas cl\u00ednicas da doen\u00e7a, bem como sua fisiopatogenia, e tratamento medicamentoso.<\/p>\n<p>Imprescind\u00edvel\u00a0 para o aluno de medicina ter conhecimento dessa patologia, que tem vitimado muitos brasileiros, e no passado n\u00e3o era diagnosticada.<\/p>\n<p>O tratamento \u00e9 ainda caro para os usu\u00e1rios do SUS, mas se pode solicitar requerimento junto\u00a0\u00e0 Secretaria Municipal de Sa\u00fade, na localidade,pois o Estado\u00a0 positivou na Constitui\u00e7\u00e3o Federal de 1998 &#8211;\u00a0&#8221; A sa\u00fade \u00e9 um direito de todos, e dever do Estado &#8220;.<\/p>\n<p>Lutemos por uma Sa\u00fade P\u00fablica com qualidade !<\/p>\n<p><a href=\"https:\/\/miltonmarchioli.com.br\/blog\/wp-content\/uploads\/esclerose-multipla.jpg\"><img loading=\"lazy\" decoding=\"async\" class=\"aligncenter size-full wp-image-10562\" src=\"https:\/\/miltonmarchioli.com.br\/blog\/wp-content\/uploads\/esclerose-multipla.jpg\" alt=\"esclerose multipla\" width=\"539\" height=\"230\" srcset=\"https:\/\/miltonmarchioli.com.br\/blog\/wp-content\/uploads\/esclerose-multipla.jpg 539w, https:\/\/miltonmarchioli.com.br\/blog\/wp-content\/uploads\/esclerose-multipla-300x128.jpg 300w\" sizes=\"auto, (max-width: 539px) 100vw, 539px\" \/><\/a><\/p>\n","protected":false},"excerpt":{"rendered":"<p>Semin\u00e1rio apresentado pela aluna Rie Nadia Asso &#8211; 4\u00ba ano do curso de medicina &#8211; Famema &#8211; Ambulat\u00f3rio\u00a0 de Neurologia &#8211; Ambulat\u00f3rio M\u00e1rio Covas &#8211;\u00a0 disciplinas Neurologia e Educa\u00e7\u00e3o em\u00a0 Ci\u00eancias da Sa\u00fade abordando fisiopatogenia, e tratamento da Esclerose M\u00faltipla. Nos \u00faltimos anos houve melhor compreens\u00e3o das formas cl\u00ednicas da doen\u00e7a, bem como sua fisiopatogenia, &hellip; <a href=\"https:\/\/miltonmarchioli.com.br\/blog\/esclerose-multipla-seminario-curso-de-medicina-da-famema\/\" class=\"more-link\">Continue lendo <span class=\"screen-reader-text\">Esclerose M\u00faltipla. Semin\u00e1rio. Curso de Medicina da Famema<\/span> <span class=\"meta-nav\">&rarr;<\/span><\/a><\/p>\n","protected":false},"author":2,"featured_media":0,"comment_status":"open","ping_status":"open","sticky":false,"template":"","format":"standard","meta":{"rop_custom_images_group":[],"rop_custom_messages_group":[],"rop_publish_now":"initial","rop_publish_now_accounts":[],"rop_publish_now_history":[],"rop_publish_now_status":"pending","footnotes":""},"categories":[4,13,9],"tags":[190,193],"class_list":["post-3039","post","type-post","status-publish","format-standard","hentry","category-neurologia","category-opiniao","category-saude-publica","tag-ambulatorio-de-neurologia-ambulatorio-mario-covas","tag-milton-marchioli"],"_links":{"self":[{"href":"https:\/\/miltonmarchioli.com.br\/blog\/wp-json\/wp\/v2\/posts\/3039","targetHints":{"allow":["GET"]}}],"collection":[{"href":"https:\/\/miltonmarchioli.com.br\/blog\/wp-json\/wp\/v2\/posts"}],"about":[{"href":"https:\/\/miltonmarchioli.com.br\/blog\/wp-json\/wp\/v2\/types\/post"}],"author":[{"embeddable":true,"href":"https:\/\/miltonmarchioli.com.br\/blog\/wp-json\/wp\/v2\/users\/2"}],"replies":[{"embeddable":true,"href":"https:\/\/miltonmarchioli.com.br\/blog\/wp-json\/wp\/v2\/comments?post=3039"}],"version-history":[{"count":11,"href":"https:\/\/miltonmarchioli.com.br\/blog\/wp-json\/wp\/v2\/posts\/3039\/revisions"}],"predecessor-version":[{"id":13565,"href":"https:\/\/miltonmarchioli.com.br\/blog\/wp-json\/wp\/v2\/posts\/3039\/revisions\/13565"}],"wp:attachment":[{"href":"https:\/\/miltonmarchioli.com.br\/blog\/wp-json\/wp\/v2\/media?parent=3039"}],"wp:term":[{"taxonomy":"category","embeddable":true,"href":"https:\/\/miltonmarchioli.com.br\/blog\/wp-json\/wp\/v2\/categories?post=3039"},{"taxonomy":"post_tag","embeddable":true,"href":"https:\/\/miltonmarchioli.com.br\/blog\/wp-json\/wp\/v2\/tags?post=3039"}],"curies":[{"name":"wp","href":"https:\/\/api.w.org\/{rel}","templated":true}]}}