{"id":3050,"date":"2012-03-15T18:22:24","date_gmt":"2012-03-15T21:22:24","guid":{"rendered":"http:\/\/miltonmarchioli.com.br\/blog\/?p=3050"},"modified":"2022-01-08T20:52:29","modified_gmt":"2022-01-08T23:52:29","slug":"epilepsia-e-anticonvulsivantes-seminario-curso-de-medicina-da-famema","status":"publish","type":"post","link":"https:\/\/miltonmarchioli.com.br\/blog\/epilepsia-e-anticonvulsivantes-seminario-curso-de-medicina-da-famema\/","title":{"rendered":"Epilepsia e Anticonvulsivantes. Semin\u00e1rio. Curso de Medicina da Famema"},"content":{"rendered":"<p><span style=\"color: #000000;\"><a href=\"https:\/\/miltonmarchioli.com.br\/blog\/wp-content\/uploads\/epilepsia-cor-de-rosa.jpg\"><img loading=\"lazy\" decoding=\"async\" class=\"alignleft wp-image-10567\" src=\"https:\/\/miltonmarchioli.com.br\/blog\/wp-content\/uploads\/epilepsia-cor-de-rosa-300x261.jpg\" alt=\"epilepsia - cor de rosa\" width=\"244\" height=\"212\" srcset=\"https:\/\/miltonmarchioli.com.br\/blog\/wp-content\/uploads\/epilepsia-cor-de-rosa-300x261.jpg 300w, https:\/\/miltonmarchioli.com.br\/blog\/wp-content\/uploads\/epilepsia-cor-de-rosa.jpg 402w\" sizes=\"auto, (max-width: 244px) 100vw, 244px\" \/><\/a>Semin\u00e1rio apresentado pelos alunos Murilo Lopes Louren\u00e7\u00e3o e Matheus Luis\u00a0 Castelan Trilico- 4\u00ba ano do curso de medicina da Famema &#8211;\u00a0 <span style=\"color: #008000;\"><a style=\"color: #008000;\" href=\"https:\/\/miltonmarchioli.com.br\/blog\/wp-content\/uploads\/Anticonvulsivantes-e-Epilepsia-Amb-Neuro-15-03-2012.ppt\">Epilepsia e Anticonvulsivantes<\/a> &#8211;<\/span>\u00a0 Ambulat\u00f3rio de Neurologia &#8211; Ambulat\u00f3rio M\u00e1rio Covas- disciplinas\u00a0 Neurologia e Educa\u00e7\u00e3o em Ci\u00eancias da Sa\u00fade.<\/span><\/p>\n<p>A compreens\u00e3o da classifica\u00e7\u00e3o das\u00a0crises convulsivas\u00a0 \u00e9 fundamental para o entendimento da Epilepsia, pois h\u00e1 uma diversidade de tipos da mesma, e muitas vezes uma Epilepsia pode apresentar v\u00e1rios tipos de crises.<\/p>\n<p>A farmacodin\u00e2mica \u00a0\u00e9 de \u00a0fundamental import\u00e2ncia no tratamento da Epilepsia, pois n\u00e3o \u00e9 infrequente na pr\u00e1tica cl\u00ednica, associa\u00e7\u00e3o de f\u00e1rmacos de mecanismos de a\u00e7\u00e3o iguais, e que nada produzir\u00e1 na melhora do controle das crises.<\/p>\n<p>Infelizmente, nem todos os anticonvulsivantes est\u00e3o dispostos na rede b\u00e1sica de sa\u00fade, mas em\u00a0existindo a necessidade dos mesmos, pode-se cogitar a requisi\u00e7\u00e3o desses \u00e0 Secretaria Municipal de Sa\u00fade, na cidade na qual o usu\u00e1rio do SUS reside.<\/p>\n<p>Lutemos por uma Sa\u00fade P\u00fablica de qualidade !<\/p>\n<p><img loading=\"lazy\" decoding=\"async\" class=\"aligncenter size-full wp-image-12021\" src=\"https:\/\/miltonmarchioli.com.br\/blog\/wp-content\/uploads\/epilepsia-raio.jpg\" alt=\"epilepsia - raio\" width=\"650\" height=\"300\" srcset=\"https:\/\/miltonmarchioli.com.br\/blog\/wp-content\/uploads\/epilepsia-raio.jpg 650w, https:\/\/miltonmarchioli.com.br\/blog\/wp-content\/uploads\/epilepsia-raio-300x138.jpg 300w\" sizes=\"auto, (max-width: 650px) 100vw, 650px\" \/><\/p>\n","protected":false},"excerpt":{"rendered":"<p>Semin\u00e1rio apresentado pelos alunos Murilo Lopes Louren\u00e7\u00e3o e Matheus Luis\u00a0 Castelan Trilico- 4\u00ba ano do curso de medicina da Famema &#8211;\u00a0 Epilepsia e Anticonvulsivantes &#8211;\u00a0 Ambulat\u00f3rio de Neurologia &#8211; Ambulat\u00f3rio M\u00e1rio Covas- disciplinas\u00a0 Neurologia e Educa\u00e7\u00e3o em Ci\u00eancias da Sa\u00fade. A compreens\u00e3o da classifica\u00e7\u00e3o das\u00a0crises convulsivas\u00a0 \u00e9 fundamental para o entendimento da Epilepsia, pois h\u00e1 &hellip; <a href=\"https:\/\/miltonmarchioli.com.br\/blog\/epilepsia-e-anticonvulsivantes-seminario-curso-de-medicina-da-famema\/\" class=\"more-link\">Continue lendo <span class=\"screen-reader-text\">Epilepsia e Anticonvulsivantes. Semin\u00e1rio. Curso de Medicina da Famema<\/span> <span class=\"meta-nav\">&rarr;<\/span><\/a><\/p>\n","protected":false},"author":2,"featured_media":0,"comment_status":"open","ping_status":"open","sticky":false,"template":"","format":"standard","meta":{"rop_custom_images_group":[],"rop_custom_messages_group":[],"rop_publish_now":"initial","rop_publish_now_accounts":[],"rop_publish_now_history":[],"rop_publish_now_status":"pending","footnotes":""},"categories":[4,13,9],"tags":[190,749],"class_list":["post-3050","post","type-post","status-publish","format-standard","hentry","category-neurologia","category-opiniao","category-saude-publica","tag-ambulatorio-de-neurologia-ambulatorio-mario-covas","tag-epilepsia-anticonvulsivantes"],"_links":{"self":[{"href":"https:\/\/miltonmarchioli.com.br\/blog\/wp-json\/wp\/v2\/posts\/3050","targetHints":{"allow":["GET"]}}],"collection":[{"href":"https:\/\/miltonmarchioli.com.br\/blog\/wp-json\/wp\/v2\/posts"}],"about":[{"href":"https:\/\/miltonmarchioli.com.br\/blog\/wp-json\/wp\/v2\/types\/post"}],"author":[{"embeddable":true,"href":"https:\/\/miltonmarchioli.com.br\/blog\/wp-json\/wp\/v2\/users\/2"}],"replies":[{"embeddable":true,"href":"https:\/\/miltonmarchioli.com.br\/blog\/wp-json\/wp\/v2\/comments?post=3050"}],"version-history":[{"count":19,"href":"https:\/\/miltonmarchioli.com.br\/blog\/wp-json\/wp\/v2\/posts\/3050\/revisions"}],"predecessor-version":[{"id":13566,"href":"https:\/\/miltonmarchioli.com.br\/blog\/wp-json\/wp\/v2\/posts\/3050\/revisions\/13566"}],"wp:attachment":[{"href":"https:\/\/miltonmarchioli.com.br\/blog\/wp-json\/wp\/v2\/media?parent=3050"}],"wp:term":[{"taxonomy":"category","embeddable":true,"href":"https:\/\/miltonmarchioli.com.br\/blog\/wp-json\/wp\/v2\/categories?post=3050"},{"taxonomy":"post_tag","embeddable":true,"href":"https:\/\/miltonmarchioli.com.br\/blog\/wp-json\/wp\/v2\/tags?post=3050"}],"curies":[{"name":"wp","href":"https:\/\/api.w.org\/{rel}","templated":true}]}}