{"id":3094,"date":"2012-03-27T10:11:04","date_gmt":"2012-03-27T13:11:04","guid":{"rendered":"http:\/\/miltonmarchioli.com.br\/blog\/?p=3094"},"modified":"2022-01-08T20:53:47","modified_gmt":"2022-01-08T23:53:47","slug":"epilepsia-e-anticonvulsivantes-seminario-curso-de-medicina-da-famema-2","status":"publish","type":"post","link":"https:\/\/miltonmarchioli.com.br\/blog\/epilepsia-e-anticonvulsivantes-seminario-curso-de-medicina-da-famema-2\/","title":{"rendered":"Epilepsia e Anticonvulsivantes. Semin\u00e1rio. Curso de Medicina da Famema"},"content":{"rendered":"<p><a href=\"https:\/\/miltonmarchioli.com.br\/blog\/wp-content\/uploads\/epilepsia-estrela.jpg\"><img loading=\"lazy\" decoding=\"async\" class=\"alignleft wp-image-10575\" src=\"https:\/\/miltonmarchioli.com.br\/blog\/wp-content\/uploads\/epilepsia-estrela-300x225.jpg\" alt=\"epilepsia - estrela\" width=\"272\" height=\"204\" srcset=\"https:\/\/miltonmarchioli.com.br\/blog\/wp-content\/uploads\/epilepsia-estrela-300x225.jpg 300w, https:\/\/miltonmarchioli.com.br\/blog\/wp-content\/uploads\/epilepsia-estrela.jpg 340w\" sizes=\"auto, (max-width: 272px) 100vw, 272px\" \/><\/a>Semin\u00e1rios apresentados pelas acad\u00eamicas do 4\u00ba ano do curso de medicina da Famema- Renata de Moraes Trinca\u00a0 e Mariana Molina Junqueira\u00a0 sobre os temas Epilepsia e Anticonvulsivantes no Ambulat\u00f3rio de Neurologia &#8211; Ambulat\u00f3rio Mario Covas- disciplinas Neurologia e Educa\u00e7\u00e3o em Ci\u00eancias da Sa\u00fade.<\/p>\n<p>Excelente revis\u00e3o dos temas de <a href=\"https:\/\/miltonmarchioli.com.br\/blog\/wp-content\/uploads\/Epilepsia-Renata-de-Moraes-Trinca.ppt\">Epilepsia<\/a> e de\u00a0 <a href=\"https:\/\/miltonmarchioli.com.br\/blog\/wp-content\/uploads\/Anticonvulsivantes-Mariana-Molina-Junqueira.ppt\">Anticonvulsivantes <\/a>apresentada pelas alunas durante est\u00e1gio curricular no Ambulat\u00f3rio de Neurologia.<\/p>\n<p>O conhecimento da classifica\u00e7\u00e3o das crises convulsivas e dos f\u00e1rmacos antiepil\u00e9ticos \u00e9 de fundamental import\u00e2ncia para todo aluno de medicina, independente de qual especialidade m\u00e9dica far\u00e1 no futuro.<\/p>\n<p>As revis\u00f5es abordam de maneira pragm\u00e1tica os pontos chaves do entendimento dos dois temas.<\/p>\n<p>Lutemos por uma Sa\u00fade P\u00fablica com qualidade !<\/p>\n<p><a href=\"https:\/\/miltonmarchioli.com.br\/blog\/wp-content\/uploads\/epilepsia-shown.jpg\"><img loading=\"lazy\" decoding=\"async\" class=\"aligncenter size-full wp-image-10574\" src=\"https:\/\/miltonmarchioli.com.br\/blog\/wp-content\/uploads\/epilepsia-shown.jpg\" alt=\"epilepsia shown\" width=\"640\" height=\"439\" srcset=\"https:\/\/miltonmarchioli.com.br\/blog\/wp-content\/uploads\/epilepsia-shown.jpg 640w, https:\/\/miltonmarchioli.com.br\/blog\/wp-content\/uploads\/epilepsia-shown-300x206.jpg 300w\" sizes=\"auto, (max-width: 640px) 100vw, 640px\" \/><\/a><\/p>\n","protected":false},"excerpt":{"rendered":"<p>Semin\u00e1rios apresentados pelas acad\u00eamicas do 4\u00ba ano do curso de medicina da Famema- Renata de Moraes Trinca\u00a0 e Mariana Molina Junqueira\u00a0 sobre os temas Epilepsia e Anticonvulsivantes no Ambulat\u00f3rio de Neurologia &#8211; Ambulat\u00f3rio Mario Covas- disciplinas Neurologia e Educa\u00e7\u00e3o em Ci\u00eancias da Sa\u00fade. Excelente revis\u00e3o dos temas de Epilepsia e de\u00a0 Anticonvulsivantes apresentada pelas alunas &hellip; <a href=\"https:\/\/miltonmarchioli.com.br\/blog\/epilepsia-e-anticonvulsivantes-seminario-curso-de-medicina-da-famema-2\/\" class=\"more-link\">Continue lendo <span class=\"screen-reader-text\">Epilepsia e Anticonvulsivantes. Semin\u00e1rio. Curso de Medicina da Famema<\/span> <span class=\"meta-nav\">&rarr;<\/span><\/a><\/p>\n","protected":false},"author":2,"featured_media":0,"comment_status":"open","ping_status":"open","sticky":false,"template":"","format":"standard","meta":{"rop_custom_images_group":[],"rop_custom_messages_group":[],"rop_publish_now":"initial","rop_publish_now_accounts":[],"rop_publish_now_history":[],"rop_publish_now_status":"pending","footnotes":""},"categories":[8,4,13,9],"tags":[190,189],"class_list":["post-3094","post","type-post","status-publish","format-standard","hentry","category-direito-e-saude","category-neurologia","category-opiniao","category-saude-publica","tag-ambulatorio-de-neurologia-ambulatorio-mario-covas","tag-epilepsia-e-anticonvulsivantes-famema"],"_links":{"self":[{"href":"https:\/\/miltonmarchioli.com.br\/blog\/wp-json\/wp\/v2\/posts\/3094","targetHints":{"allow":["GET"]}}],"collection":[{"href":"https:\/\/miltonmarchioli.com.br\/blog\/wp-json\/wp\/v2\/posts"}],"about":[{"href":"https:\/\/miltonmarchioli.com.br\/blog\/wp-json\/wp\/v2\/types\/post"}],"author":[{"embeddable":true,"href":"https:\/\/miltonmarchioli.com.br\/blog\/wp-json\/wp\/v2\/users\/2"}],"replies":[{"embeddable":true,"href":"https:\/\/miltonmarchioli.com.br\/blog\/wp-json\/wp\/v2\/comments?post=3094"}],"version-history":[{"count":10,"href":"https:\/\/miltonmarchioli.com.br\/blog\/wp-json\/wp\/v2\/posts\/3094\/revisions"}],"predecessor-version":[{"id":13567,"href":"https:\/\/miltonmarchioli.com.br\/blog\/wp-json\/wp\/v2\/posts\/3094\/revisions\/13567"}],"wp:attachment":[{"href":"https:\/\/miltonmarchioli.com.br\/blog\/wp-json\/wp\/v2\/media?parent=3094"}],"wp:term":[{"taxonomy":"category","embeddable":true,"href":"https:\/\/miltonmarchioli.com.br\/blog\/wp-json\/wp\/v2\/categories?post=3094"},{"taxonomy":"post_tag","embeddable":true,"href":"https:\/\/miltonmarchioli.com.br\/blog\/wp-json\/wp\/v2\/tags?post=3094"}],"curies":[{"name":"wp","href":"https:\/\/api.w.org\/{rel}","templated":true}]}}