{"id":3126,"date":"2012-04-04T13:29:14","date_gmt":"2012-04-04T16:29:14","guid":{"rendered":"http:\/\/miltonmarchioli.com.br\/blog\/?p=3126"},"modified":"2022-01-08T20:59:14","modified_gmt":"2022-01-08T23:59:14","slug":"parabens-a-cidade-de-marilia-pelos-83-anos-aqui-nasci-e-aqui-quero-viver-eternamente","status":"publish","type":"post","link":"https:\/\/miltonmarchioli.com.br\/blog\/parabens-a-cidade-de-marilia-pelos-83-anos-aqui-nasci-e-aqui-quero-viver-eternamente\/","title":{"rendered":"Parab\u00e9ns \u00e0 cidade de Mar\u00edlia pelos 83 anos. Aqui nasci, e aqui quero viver eternamente"},"content":{"rendered":"<p><img loading=\"lazy\" decoding=\"async\" class=\"alignleft size-medium wp-image-12027\" src=\"https:\/\/miltonmarchioli.com.br\/blog\/wp-content\/uploads\/marilia-hist\u00f3ria-300x228.jpg\" alt=\"marilia hist\u00f3ria\" width=\"300\" height=\"228\" srcset=\"https:\/\/miltonmarchioli.com.br\/blog\/wp-content\/uploads\/marilia-hist\u00f3ria-300x228.jpg 300w, https:\/\/miltonmarchioli.com.br\/blog\/wp-content\/uploads\/marilia-hist\u00f3ria-768x584.jpg 768w, https:\/\/miltonmarchioli.com.br\/blog\/wp-content\/uploads\/marilia-hist\u00f3ria.jpg 858w\" sizes=\"auto, (max-width: 300px) 100vw, 300px\" \/>Mar\u00edlia, cidade de 83 anos&#8230;<\/p>\n<p>Nasci aqui em 1964, na Maternidade Gota e Leite.<\/p>\n<p>Fillho de S\u00edlvio Marchioli (in memorian)\u00a0e Emilia Sanches Marchioli.<\/p>\n<p>Vieram a Mar\u00edlia, ap\u00f3s casamento na cidade de Ibitinga, interior do Estado de S\u00e3o Paulo.<\/p>\n<p>Chegaram nos anos 50 aqui em Mar\u00edlia.<\/p>\n<p>Uma cidade nova, uma possibilidade de ganhar a vida em uma cidade jovem, menos de 30 anos de exist\u00eancia.<\/p>\n<p>Minha m\u00e3e vendeu roupas\u00a0, e meu pai trabalhou como lavrador, servi\u00e7os gerais, ajudante de movimenta\u00e7\u00e3o de mercadorias, e ainda, alguns servi\u00e7os com calhas e pinturas.<\/p>\n<p>Venceram aqui nessa cidade.<\/p>\n<p>Moraram na antiga Rua Lima e Costa, 1328.<a href=\"https:\/\/miltonmarchioli.com.br\/blog\/wp-content\/uploads\/marilia-historia-22.jpg\"><img loading=\"lazy\" decoding=\"async\" class=\"alignright size-medium wp-image-3136\" title=\"marilia historia 2\" src=\"https:\/\/miltonmarchioli.com.br\/blog\/wp-content\/uploads\/marilia-historia-22-300x197.jpg\" alt=\"\" width=\"300\" height=\"197\" srcset=\"https:\/\/miltonmarchioli.com.br\/blog\/wp-content\/uploads\/marilia-historia-22-300x197.jpg 300w, https:\/\/miltonmarchioli.com.br\/blog\/wp-content\/uploads\/marilia-historia-22.jpg 883w\" sizes=\"auto, (max-width: 300px) 100vw, 300px\" \/><\/a><\/p>\n<p>Uma casa simples de madeira.<\/p>\n<p>Bons amigos tive ali: Carlos, Antonio, G\u00e9rson, Edson, Emir.<\/p>\n<p>Ali estudei, ensino prim\u00e1rio, gin\u00e1sio\u00a0 e colegial, hoje ensino fundamental e m\u00e9dio.<\/p>\n<p>Meus pais lutaram muito\u00a0para pagar meus estudos no gin\u00e1sio e col\u00e9gio\u00a0Col\u00e9gio Bezerra de Menezes.<\/p>\n<p>Passei no vestibular da Famema em 1983.<\/p>\n<p>Era um funda\u00e7\u00e3o municipal de ensino.<\/p>\n<p>Ganhei bolsa de estudo em todos os anos.<\/p>\n<p>1983-1988.<\/p>\n<p>Eternamente grato as comiss\u00f5es avaliadoras de concess\u00e3o\u00a0 de bolsas.<\/p>\n<p>Dr. Fred Ellinger era o presidente.<\/p>\n<p>Obrigado professor por ter visto minha situa\u00e7\u00e3o financeira \u00e0 \u00e9poca.<\/p>\n<p>Filhos de pais do Brasil Caipira (m\u00e3e filha de espanh\u00f3is\u00a0\u00a0e pai filho de italianos).<\/p>\n<p>Sou filho desses imigrantes.<\/p>\n<p>Nasci em Mar\u00edlia.<\/p>\n<p>Amo minha cidade !<\/p>\n<p><a href=\"https:\/\/miltonmarchioli.com.br\/blog\/wp-content\/uploads\/marilia-vista-parcial-da-cidade-carros3.jpg\"><img loading=\"lazy\" decoding=\"async\" class=\"alignleft size-medium wp-image-3138\" title=\"marilia vista parcial da cidade carros\" src=\"https:\/\/miltonmarchioli.com.br\/blog\/wp-content\/uploads\/marilia-vista-parcial-da-cidade-carros3-300x166.jpg\" alt=\"\" width=\"300\" height=\"166\" srcset=\"https:\/\/miltonmarchioli.com.br\/blog\/wp-content\/uploads\/marilia-vista-parcial-da-cidade-carros3-300x166.jpg 300w, https:\/\/miltonmarchioli.com.br\/blog\/wp-content\/uploads\/marilia-vista-parcial-da-cidade-carros3.jpg 829w\" sizes=\"auto, (max-width: 300px) 100vw, 300px\" \/><\/a>Me formei em 1988 na Famema.<\/p>\n<p>Fiz Resid\u00eancias M\u00e9dicas \u00a0fora de Mar\u00edlia: Neurologia (USP)\u00a0e Nefrologia (Unesp).<\/p>\n<p>Mestrado e Doutorado na Unesp de Botucatu.<\/p>\n<p>Nesse espa\u00e7o de tempo lecionei na Unimar de 1998\u00a0a 2005, ainda fazendo p\u00f3s-gradua\u00e7\u00e3o.<\/p>\n<p>Voltei a Mar\u00edlia em definitivo em 2004.<\/p>\n<p>Fiz concurso na Famema em 2005.<\/p>\n<p>Volte \u00e0 Famema em 2006.<\/p>\n<p>Encontrei um\u00a0 novo modelo de ensino.<\/p>\n<p>O PBL (Problem Based Learning) ou ABP ( Aprendizagem Baseada\u00a0 em Problemas).<\/p>\n<p>No come\u00e7o me diziam que era o m\u00e1ximo no ensino.<\/p>\n<p>Pedagogia de vanguarda.<\/p>\n<p>Trabalhei at\u00e9 2009 na segunda s\u00e9rie do curso de medicina.<\/p>\n<p>Comecei\u00a0 a perceber defici\u00eancias na forma\u00e7\u00e3o do aluno de medicina.<\/p>\n<p>Em 2010, iniciei atividades no quarta s\u00e9rie.<a href=\"https:\/\/miltonmarchioli.com.br\/blog\/wp-content\/uploads\/marilia-brasil-caipira.jpg\"><img loading=\"lazy\" decoding=\"async\" class=\"alignright size-medium wp-image-3139\" title=\"marilia brasil caipira\" src=\"https:\/\/miltonmarchioli.com.br\/blog\/wp-content\/uploads\/marilia-brasil-caipira-300x206.jpg\" alt=\"\" width=\"300\" height=\"206\" srcset=\"https:\/\/miltonmarchioli.com.br\/blog\/wp-content\/uploads\/marilia-brasil-caipira-300x206.jpg 300w, https:\/\/miltonmarchioli.com.br\/blog\/wp-content\/uploads\/marilia-brasil-caipira.jpg 855w\" sizes=\"auto, (max-width: 300px) 100vw, 300px\" \/><\/a><\/p>\n<p>Em 2011 &#8211; crise institucional na Famema.<\/p>\n<p>Os alunos cansaram do &#8220;PBL made in Famema&#8221;.<\/p>\n<p>Teoricamente, &#8220;fant\u00e1stico&#8221; no papel.<\/p>\n<p>Alunos estudando sem aulas magnas.<\/p>\n<p>Sem aulas de anatomia, histologia, bioqu\u00edmica, fisiologia, patologia, parasitologia, microbiologia, imunologia, estat\u00edstica, farmacologia, cl\u00ednica m\u00e9dica, cl\u00ednica cir\u00fargica, ginecologia e obstetr\u00edcia, pediatria, sa\u00fade p\u00fablica,sociologia, economia, \u00e9tica m\u00e9dica, etc.<\/p>\n<p>Uma revolu\u00e7\u00e3o, em tese, na concep\u00e7\u00e3o de um curso de sa\u00fade.<\/p>\n<p>Estudar\u00a0 sem aulas, e &#8220;d\u00favidas solucionadas&#8221; pelos &#8220;facilitadores de ensino&#8221;.<\/p>\n<p><img loading=\"lazy\" decoding=\"async\" class=\"alignleft size-medium wp-image-12028\" src=\"https:\/\/miltonmarchioli.com.br\/blog\/wp-content\/uploads\/marilia-s\u00e3o-bento-300x229.jpg\" alt=\"marilia s\u00e3o bento\" width=\"300\" height=\"229\" srcset=\"https:\/\/miltonmarchioli.com.br\/blog\/wp-content\/uploads\/marilia-s\u00e3o-bento-300x229.jpg 300w, https:\/\/miltonmarchioli.com.br\/blog\/wp-content\/uploads\/marilia-s\u00e3o-bento.jpg 508w\" sizes=\"auto, (max-width: 300px) 100vw, 300px\" \/>Pensei&#8230;<\/p>\n<p>Isso \u00e9 poss\u00edvel ?<\/p>\n<p>Hoje, estou convicto que n\u00e3o.<\/p>\n<p>Para quem est\u00e1 de fora da institui\u00e7\u00e3o poderia dizer que o Professor Marchioli parece que est\u00e1 faltando com a verdade.<\/p>\n<p>S\u00e3o &#8220;nota\u00e7os&#8221; no Enade.<\/p>\n<p>Simples&#8230;<\/p>\n<p>Ao fazer o Enade, o aluno obrigatoriamente deve preencher o cabe\u00e7alho da\u00a0prova\u00a0avaliativa com indica\u00e7\u00e3o da faculdade de origem.<\/p>\n<p>As notas v\u00eam para a institui\u00e7\u00e3o.<\/p>\n<p>E l\u00f3gico, sempre lembrando que os alunos fazem Med Curso e SJT\u00a0 para se apropriarem de conte\u00fados tem\u00e1ticos n\u00e3o oferecidos pela institui\u00e7\u00e3o.<\/p>\n<p>Alguns alunos me disseram que j\u00e1 fizeram dois anos de curso.<a href=\"https:\/\/miltonmarchioli.com.br\/blog\/wp-content\/uploads\/marilia-zillo.jpg\"><img loading=\"lazy\" decoding=\"async\" class=\"alignright size-medium wp-image-3141\" title=\"marilia zillo\" src=\"https:\/\/miltonmarchioli.com.br\/blog\/wp-content\/uploads\/marilia-zillo-300x181.jpg\" alt=\"\" width=\"300\" height=\"181\" srcset=\"https:\/\/miltonmarchioli.com.br\/blog\/wp-content\/uploads\/marilia-zillo-300x181.jpg 300w, https:\/\/miltonmarchioli.com.br\/blog\/wp-content\/uploads\/marilia-zillo.jpg 873w\" sizes=\"auto, (max-width: 300px) 100vw, 300px\" \/><\/a><\/p>\n<p>Outros tr\u00eas anos&#8230;<\/p>\n<p>Est\u00e3o bem preparados para o Enade.<\/p>\n<p>E para serem profissionais de sa\u00fade bem sucedidos estariam preparados ?<\/p>\n<p>Espero que esteja equivocado, pois cuidar de vidas humanas, de doentes,\u00a0 de usu\u00e1rios do SUS, e ter conhecimento da Responsabilidade Civil\u00a0 M\u00e9dica n\u00e3o \u00e9 t\u00e3o simples.<\/p>\n<p>O curso de medicina precisa de atividades pr\u00e1ticas, aulas com conte\u00fados tem\u00e1ticos, laborat\u00f3rios com infraestrutura e modernos, professores qualificados e comprometidos.<\/p>\n<p>Dif\u00edcil ser m\u00e9dico&#8230;<\/p>\n<p>Mais dif\u00edcil ainda: formar alunos com padr\u00e3o de qualidade.<\/p>\n<p>E ainda,\u00a0n\u00e3o menos importante, o maior desafio\u00a0 no atual S\u00e9culo XXI: ser professor de medicina !<\/p>\n<p>Anos de p\u00f3s-gradua\u00e7\u00e3o&#8230;<\/p>\n<p><a href=\"https:\/\/miltonmarchioli.com.br\/blog\/wp-content\/uploads\/marilia-texaco.jpg\"><img loading=\"lazy\" decoding=\"async\" class=\"alignleft size-medium wp-image-3142\" title=\"marilia texaco\" src=\"https:\/\/miltonmarchioli.com.br\/blog\/wp-content\/uploads\/marilia-texaco-300x224.jpg\" alt=\"\" width=\"300\" height=\"224\" srcset=\"https:\/\/miltonmarchioli.com.br\/blog\/wp-content\/uploads\/marilia-texaco-300x224.jpg 300w, https:\/\/miltonmarchioli.com.br\/blog\/wp-content\/uploads\/marilia-texaco.jpg 862w\" sizes=\"auto, (max-width: 300px) 100vw, 300px\" \/><\/a>Enfim, nasci e vivo no &#8220;Brasil Caipira&#8221; (criado pelos imigrantes italianos e espanh\u00f3is \u00a0que vieram ao Brasil\u00a0nos anos 20 e 30 do s\u00e9culo passado ), e acredito nas institui\u00e7\u00f5es .<\/p>\n<p>Acredito na minha cidade&#8230;<\/p>\n<p>Acredito nas faculdades aqui instaladas.<\/p>\n<p>Acredito nas pessoas que vivem e trabalham aqui.<\/p>\n<p>Mar\u00edlia &#8211; Cidade S\u00edmbolo de Amor e Liberdade.<\/p>\n<p>Liberdade para me expressar no meu blog.<\/p>\n<p>Ter um espa\u00e7o para pleitear reformas, onde quer que \u00a0existam e\u00a0 precisem de melhorias.<\/p>\n<p>Sem olhar a \u00a0quem\u00a0a cr\u00edtica seja dirigida.<\/p>\n<p>As institui\u00e7\u00f5es est\u00e3o acima\u00a0 das pessoas !<\/p>\n<p>&#8220;Animus narrrandi&#8221; e &#8220;animus criticandi&#8221; n\u00e3o s\u00e3o inj\u00farias.<img loading=\"lazy\" decoding=\"async\" class=\"alignright size-medium wp-image-12029\" src=\"https:\/\/miltonmarchioli.com.br\/blog\/wp-content\/uploads\/marilia-vista-a\u00e9rea-300x205.jpg\" alt=\"marilia -vista a\u00e9rea\" width=\"300\" height=\"205\" srcset=\"https:\/\/miltonmarchioli.com.br\/blog\/wp-content\/uploads\/marilia-vista-a\u00e9rea-300x205.jpg 300w, https:\/\/miltonmarchioli.com.br\/blog\/wp-content\/uploads\/marilia-vista-a\u00e9rea-768x525.jpg 768w, https:\/\/miltonmarchioli.com.br\/blog\/wp-content\/uploads\/marilia-vista-a\u00e9rea.jpg 864w\" sizes=\"auto, (max-width: 300px) 100vw, 300px\" \/><\/p>\n<p>S\u00e3o apontamentos para melhor efetividades das institui\u00e7\u00f5es.<\/p>\n<p>Os mais &#8220;sens\u00edveis &#8221; as cr\u00edticas podem querer me emudecer.<\/p>\n<p>Mas, n\u00e3o ir\u00e3o conseguir.<\/p>\n<p>Vivemos em uma pa\u00eds democr\u00e1tico.<\/p>\n<p>Estado Democr\u00e1tico de Direito !<\/p>\n<p>Liberdade de express\u00e3o.<\/p>\n<p>Assegurada pela Constitui\u00e7\u00e3o Federal, artigo 5\u00ba.<\/p>\n<p>E a nossa cidade de Mar\u00edlia ratifica.<\/p>\n<p>S\u00edmbolo de Amor e Liberdade !<\/p>\n<p>Agrade\u00e7o\u00a0a Deus por viver nessa cidade maravilhosa.<\/p>\n<p><img loading=\"lazy\" decoding=\"async\" class=\"alignleft size-medium wp-image-12030\" src=\"https:\/\/miltonmarchioli.com.br\/blog\/wp-content\/uploads\/marilia-s\u00e3o-pedro-santos-300x221.jpg\" alt=\"marilia s\u00e3o pedro santos\" width=\"300\" height=\"221\" srcset=\"https:\/\/miltonmarchioli.com.br\/blog\/wp-content\/uploads\/marilia-s\u00e3o-pedro-santos-300x221.jpg 300w, https:\/\/miltonmarchioli.com.br\/blog\/wp-content\/uploads\/marilia-s\u00e3o-pedro-santos-768x565.jpg 768w, https:\/\/miltonmarchioli.com.br\/blog\/wp-content\/uploads\/marilia-s\u00e3o-pedro-santos.jpg 865w\" sizes=\"auto, (max-width: 300px) 100vw, 300px\" \/>Terra de gente bonita, hospitaleira, batalhadora.<\/p>\n<p>Terra que sou professor (profiss\u00e3o que sou apaixonado).<\/p>\n<p>Terra que ainda vive minha m\u00e3e, 85 anos de vida.<\/p>\n<p>Terra que j\u00e1 sepultei meu pai em 1993.<\/p>\n<p>Terra que luto por melhorias estudantis.<\/p>\n<p>Terra que desejo ser a minha cidade at\u00e9 o meu envelhecer.<\/p>\n<p>Terra que almejo que nossos agentes pol\u00edticos, de todas as institui\u00e7\u00f5es, deixem\u00a0um legado a ser comemorado, ap\u00f3s deixarem seus cargos.<\/p>\n<p>Os cargos passam&#8230;<\/p>\n<p>A cidade fica.<\/p>\n<p>As institui\u00e7\u00f5es ficam.<\/p>\n<p>Agentes pol\u00edticos de Mar\u00edlia\u00a0 fa\u00e7am Mar\u00edlia ser realmente:<\/p>\n<p>&#8220;S\u00edmbolo de Amor e Liberdade&#8221;<\/p>\n<p><img loading=\"lazy\" decoding=\"async\" class=\"aligncenter size-full wp-image-12031\" src=\"https:\/\/miltonmarchioli.com.br\/blog\/wp-content\/uploads\/marilia-esta\u00e7\u00e3o-rodoviaria.jpg\" alt=\"marilia esta\u00e7\u00e3o rodoviaria\" width=\"866\" height=\"649\" srcset=\"https:\/\/miltonmarchioli.com.br\/blog\/wp-content\/uploads\/marilia-esta\u00e7\u00e3o-rodoviaria.jpg 866w, https:\/\/miltonmarchioli.com.br\/blog\/wp-content\/uploads\/marilia-esta\u00e7\u00e3o-rodoviaria-300x225.jpg 300w, https:\/\/miltonmarchioli.com.br\/blog\/wp-content\/uploads\/marilia-esta\u00e7\u00e3o-rodoviaria-768x576.jpg 768w\" sizes=\"auto, (max-width: 866px) 100vw, 866px\" \/><\/p>\n<p style=\"text-align: center;\">\u00a0&#8220;As gl\u00f3rias que v\u00eam tarde j\u00e1 v\u00eam frias&#8221;.<\/p>\n<p style=\"text-align: center;\">Tom\u00e1s\u00a0 Ant\u00f4nio Gonzaga<\/p>\n","protected":false},"excerpt":{"rendered":"<p>Mar\u00edlia, cidade de 83 anos&#8230; Nasci aqui em 1964, na Maternidade Gota e Leite. Fillho de S\u00edlvio Marchioli (in memorian)\u00a0e Emilia Sanches Marchioli. Vieram a Mar\u00edlia, ap\u00f3s casamento na cidade de Ibitinga, interior do Estado de S\u00e3o Paulo. Chegaram nos anos 50 aqui em Mar\u00edlia. Uma cidade nova, uma possibilidade de ganhar a vida em &hellip; <a href=\"https:\/\/miltonmarchioli.com.br\/blog\/parabens-a-cidade-de-marilia-pelos-83-anos-aqui-nasci-e-aqui-quero-viver-eternamente\/\" class=\"more-link\">Continue lendo <span class=\"screen-reader-text\">Parab\u00e9ns \u00e0 cidade de Mar\u00edlia pelos 83 anos. Aqui nasci, e aqui quero viver eternamente<\/span> <span class=\"meta-nav\">&rarr;<\/span><\/a><\/p>\n","protected":false},"author":2,"featured_media":0,"comment_status":"open","ping_status":"open","sticky":false,"template":"","format":"standard","meta":{"rop_custom_images_group":[],"rop_custom_messages_group":[],"rop_publish_now":"initial","rop_publish_now_accounts":[],"rop_publish_now_history":[],"rop_publish_now_status":"pending","footnotes":""},"categories":[13],"tags":[953,192,193,979],"class_list":["post-3126","post","type-post","status-publish","format-standard","hentry","category-opiniao","tag-emilia-sanches-marchioli","tag-marilia-83-anos-familia-marchioli","tag-milton-marchioli","tag-silvio-marchioli"],"_links":{"self":[{"href":"https:\/\/miltonmarchioli.com.br\/blog\/wp-json\/wp\/v2\/posts\/3126","targetHints":{"allow":["GET"]}}],"collection":[{"href":"https:\/\/miltonmarchioli.com.br\/blog\/wp-json\/wp\/v2\/posts"}],"about":[{"href":"https:\/\/miltonmarchioli.com.br\/blog\/wp-json\/wp\/v2\/types\/post"}],"author":[{"embeddable":true,"href":"https:\/\/miltonmarchioli.com.br\/blog\/wp-json\/wp\/v2\/users\/2"}],"replies":[{"embeddable":true,"href":"https:\/\/miltonmarchioli.com.br\/blog\/wp-json\/wp\/v2\/comments?post=3126"}],"version-history":[{"count":37,"href":"https:\/\/miltonmarchioli.com.br\/blog\/wp-json\/wp\/v2\/posts\/3126\/revisions"}],"predecessor-version":[{"id":13568,"href":"https:\/\/miltonmarchioli.com.br\/blog\/wp-json\/wp\/v2\/posts\/3126\/revisions\/13568"}],"wp:attachment":[{"href":"https:\/\/miltonmarchioli.com.br\/blog\/wp-json\/wp\/v2\/media?parent=3126"}],"wp:term":[{"taxonomy":"category","embeddable":true,"href":"https:\/\/miltonmarchioli.com.br\/blog\/wp-json\/wp\/v2\/categories?post=3126"},{"taxonomy":"post_tag","embeddable":true,"href":"https:\/\/miltonmarchioli.com.br\/blog\/wp-json\/wp\/v2\/tags?post=3126"}],"curies":[{"name":"wp","href":"https:\/\/api.w.org\/{rel}","templated":true}]}}