{"id":3178,"date":"2012-04-15T01:46:58","date_gmt":"2012-04-15T04:46:58","guid":{"rendered":"http:\/\/miltonmarchioli.com.br\/blog\/?p=3178"},"modified":"2022-01-08T21:02:58","modified_gmt":"2022-01-09T00:02:58","slug":"ministerio-da-saude-oferece-especializacao-em-atencao-basica","status":"publish","type":"post","link":"https:\/\/miltonmarchioli.com.br\/blog\/ministerio-da-saude-oferece-especializacao-em-atencao-basica\/","title":{"rendered":"Minist\u00e9rio da Sa\u00fade oferece especializa\u00e7\u00e3o em Aten\u00e7\u00e3o B\u00e1sica"},"content":{"rendered":"<div id=\"conteudoNoticia\">\n<p><a href=\"https:\/\/miltonmarchioli.com.br\/blog\/wp-content\/uploads\/MINSITERIO-DA-SAUDE-PROVAB.jpg\"><img loading=\"lazy\" decoding=\"async\" class=\"alignleft size-full wp-image-3182\" title=\"MINSITERIO DA SAUDE - PROVAB\" src=\"https:\/\/miltonmarchioli.com.br\/blog\/wp-content\/uploads\/MINSITERIO-DA-SAUDE-PROVAB.jpg\" alt=\"\" width=\"235\" height=\"136\" \/><\/a>Para estimular a atua\u00e7\u00e3o de odont\u00f3logos e enfermeiros na aten\u00e7\u00e3o b\u00e1sica, o Minist\u00e9rio da Sa\u00fade vai ofertar bolsas de especializa\u00e7\u00e3o para atua\u00e7\u00e3o em munic\u00edpios onde h\u00e1 car\u00eancia de profissionais.<\/p>\n<p>A a\u00e7\u00e3o foca os profissionais selecionados pelo Programa de Valoriza\u00e7\u00e3o da Aten\u00e7\u00e3o B\u00e1sica (Provab), que atuar\u00e3o nos pequenos munic\u00edpios, em \u00e1reas de extrema pobreza e nas periferias das grandes cidades, com bolsa mensal no valor de R$ 2.384,82.<\/p>\n<p>Com dura\u00e7\u00e3o de um ano, a especializa\u00e7\u00e3o ter\u00e1 jornada de 40 horas semanais &#8211; 32 em servi\u00e7o nas unidades b\u00e1sicas e oito te\u00f3ricas, sob supervis\u00e3o de universidades parceiras do programa. Estas institui\u00e7\u00f5es dar\u00e3o suporte presencial e \u00e0 dist\u00e2ncia por meio do programa Telessa\u00fade, coordenado pelo Minist\u00e9rio da Sa\u00fade.<\/p>\n<p>Os munic\u00edpios em que os profissionais forem lotados receber\u00e3o incentivos financeiros para implanta\u00e7\u00e3o do Telessa\u00fade, que permite ao profissional na unidade discutir o diagn\u00f3stico e o tratamento com um orientador da universidade.<\/p>\n<p>O edital do curso ser\u00e1 lan\u00e7ado at\u00e9 20 de abril, de modo que os profissionais possam se matricular at\u00e9 o fim do m\u00eas. As aulas e o in\u00edcio do servi\u00e7o come\u00e7ar\u00e3o em maio.<\/p>\n<p>A especializa\u00e7\u00e3o, que incluir\u00e1 os conte\u00fados do Programa Nacional de Melhoria do Acesso e da Qualidade da Aten\u00e7\u00e3o B\u00e1sica (PMAQ) e do \u00cdndice de Desempenho do SUS (IDSUS), ser\u00e1 certificada pelo UNASUS (Sistema Universidade Aberta do SUS), rede que atende as necessidades de capacita\u00e7\u00e3o e educa\u00e7\u00e3o permanente dos trabalhadores do SUS, por meio de cursos \u00e0 dist\u00e2ncia.<\/p>\n<p><strong>TRABALHO NO SUS &#8211; <\/strong>Os bolsistas n\u00e3o poder\u00e3o ter v\u00ednculo empregat\u00edcio com demais \u00e1reas da aten\u00e7\u00e3o b\u00e1sica e tamb\u00e9m n\u00e3o substituir\u00e3o as equipes de Sa\u00fade da Fam\u00edlia j\u00e1 atuantes naquele munic\u00edpio.<\/p>\n<p>De acordo com o secret\u00e1rio de Gest\u00e3o do Trabalho e da Educa\u00e7\u00e3o na Sa\u00fade (SGTES) do Minist\u00e9rio da Sa\u00fade, Mozart Sales, o curso de especializa\u00e7\u00e3o permitir\u00e1 a integra\u00e7\u00e3o do ensino a servi\u00e7o na comunidade, e ter\u00e1 supervis\u00e3o e certifica\u00e7\u00e3o por meio de institui\u00e7\u00f5es de ensino superior que fazem parte da UNASUS.<\/p>\n<p>Os profissionais ser\u00e3o distribu\u00eddos nos locais para os quais haviam sido selecionados pelo Provab. Caso a vaga n\u00e3o seja confirmada, a comiss\u00e3o gestora do Provab indicar\u00e1 outra localidade ao profissional.<\/p>\n<p>Profissionais selecionados pelo Provab ser\u00e3o acompanhados por universidades e receber\u00e3o bolsa mensal de R$ 2.384,82 por um ano.<\/p>\n<p>Espera-se que a coordena\u00e7\u00e3o da Resid\u00eancia Integrada\u00a0 Multiprofissional da Famema\u00a0 e da Resid\u00eancia Multiprofissional possam \u00a0fazer uma parceria com o Provab, e oferecer tais capacita\u00e7\u00f5es aos profissionais que queiram trabalhar na Rede de Aten\u00e7\u00e3o B\u00e1sica dos munic\u00edpios pr\u00f3ximos a Mar\u00edlia, desde que a Famema tenha em sua institui\u00e7\u00e3o o programa Telessa\u00fade.<\/p>\n<p>Lutemos por uma Sa\u00fade P\u00fablica com qualidade !<\/p>\n<p><a href=\"https:\/\/miltonmarchioli.com.br\/blog\/wp-content\/uploads\/PROVAB.jpg\"><img loading=\"lazy\" decoding=\"async\" class=\"aligncenter size-full wp-image-10579\" src=\"https:\/\/miltonmarchioli.com.br\/blog\/wp-content\/uploads\/PROVAB.jpg\" alt=\"PROVAB\" width=\"503\" height=\"285\" srcset=\"https:\/\/miltonmarchioli.com.br\/blog\/wp-content\/uploads\/PROVAB.jpg 503w, https:\/\/miltonmarchioli.com.br\/blog\/wp-content\/uploads\/PROVAB-300x170.jpg 300w\" sizes=\"auto, (max-width: 503px) 100vw, 503px\" \/><\/a><\/p>\n<\/div>\n","protected":false},"excerpt":{"rendered":"<p>Para estimular a atua\u00e7\u00e3o de odont\u00f3logos e enfermeiros na aten\u00e7\u00e3o b\u00e1sica, o Minist\u00e9rio da Sa\u00fade vai ofertar bolsas de especializa\u00e7\u00e3o para atua\u00e7\u00e3o em munic\u00edpios onde h\u00e1 car\u00eancia de profissionais. A a\u00e7\u00e3o foca os profissionais selecionados pelo Programa de Valoriza\u00e7\u00e3o da Aten\u00e7\u00e3o B\u00e1sica (Provab), que atuar\u00e3o nos pequenos munic\u00edpios, em \u00e1reas de extrema pobreza e nas &hellip; <a href=\"https:\/\/miltonmarchioli.com.br\/blog\/ministerio-da-saude-oferece-especializacao-em-atencao-basica\/\" class=\"more-link\">Continue lendo <span class=\"screen-reader-text\">Minist\u00e9rio da Sa\u00fade oferece especializa\u00e7\u00e3o em Aten\u00e7\u00e3o B\u00e1sica<\/span> <span class=\"meta-nav\">&rarr;<\/span><\/a><\/p>\n","protected":false},"author":2,"featured_media":0,"comment_status":"open","ping_status":"open","sticky":false,"template":"","format":"standard","meta":{"rop_custom_images_group":[],"rop_custom_messages_group":[],"rop_publish_now":"initial","rop_publish_now_accounts":[],"rop_publish_now_history":[],"rop_publish_now_status":"pending","footnotes":""},"categories":[18,8,332,13,9],"tags":[752,753],"class_list":["post-3178","post","type-post","status-publish","format-standard","hentry","category-direito","category-direito-e-saude","category-educacao","category-opiniao","category-saude-publica","tag-programa-de-valorizacao-do-profissional-da-atencao-basica","tag-provab"],"_links":{"self":[{"href":"https:\/\/miltonmarchioli.com.br\/blog\/wp-json\/wp\/v2\/posts\/3178","targetHints":{"allow":["GET"]}}],"collection":[{"href":"https:\/\/miltonmarchioli.com.br\/blog\/wp-json\/wp\/v2\/posts"}],"about":[{"href":"https:\/\/miltonmarchioli.com.br\/blog\/wp-json\/wp\/v2\/types\/post"}],"author":[{"embeddable":true,"href":"https:\/\/miltonmarchioli.com.br\/blog\/wp-json\/wp\/v2\/users\/2"}],"replies":[{"embeddable":true,"href":"https:\/\/miltonmarchioli.com.br\/blog\/wp-json\/wp\/v2\/comments?post=3178"}],"version-history":[{"count":13,"href":"https:\/\/miltonmarchioli.com.br\/blog\/wp-json\/wp\/v2\/posts\/3178\/revisions"}],"predecessor-version":[{"id":10580,"href":"https:\/\/miltonmarchioli.com.br\/blog\/wp-json\/wp\/v2\/posts\/3178\/revisions\/10580"}],"wp:attachment":[{"href":"https:\/\/miltonmarchioli.com.br\/blog\/wp-json\/wp\/v2\/media?parent=3178"}],"wp:term":[{"taxonomy":"category","embeddable":true,"href":"https:\/\/miltonmarchioli.com.br\/blog\/wp-json\/wp\/v2\/categories?post=3178"},{"taxonomy":"post_tag","embeddable":true,"href":"https:\/\/miltonmarchioli.com.br\/blog\/wp-json\/wp\/v2\/tags?post=3178"}],"curies":[{"name":"wp","href":"https:\/\/api.w.org\/{rel}","templated":true}]}}