{"id":3236,"date":"2012-05-03T10:10:53","date_gmt":"2012-05-03T13:10:53","guid":{"rendered":"http:\/\/miltonmarchioli.com.br\/blog\/?p=3236"},"modified":"2016-06-12T21:59:19","modified_gmt":"2016-06-13T00:59:19","slug":"liberdade-de-imprensa-e-um-direito-na-democracia-do-brasil-dia-mundial-da-liberdade-de-imprensa","status":"publish","type":"post","link":"https:\/\/miltonmarchioli.com.br\/blog\/liberdade-de-imprensa-e-um-direito-na-democracia-do-brasil-dia-mundial-da-liberdade-de-imprensa\/","title":{"rendered":"Liberdade de imprensa \u00e9 um direito na democracia do Brasil. Dia Mundial da Liberdade de Imprensa"},"content":{"rendered":"<p><img loading=\"lazy\" decoding=\"async\" class=\"alignleft  wp-image-12036\" src=\"https:\/\/miltonmarchioli.com.br\/blog\/wp-content\/uploads\/liberdade-de-express\u00e3o-300x200.jpg\" alt=\"liberdade de express\u00e3o\" width=\"287\" height=\"191\" srcset=\"https:\/\/miltonmarchioli.com.br\/blog\/wp-content\/uploads\/liberdade-de-express\u00e3o-300x200.jpg 300w, https:\/\/miltonmarchioli.com.br\/blog\/wp-content\/uploads\/liberdade-de-express\u00e3o-768x512.jpg 768w, https:\/\/miltonmarchioli.com.br\/blog\/wp-content\/uploads\/liberdade-de-express\u00e3o-1024x682.jpg 1024w, https:\/\/miltonmarchioli.com.br\/blog\/wp-content\/uploads\/liberdade-de-express\u00e3o.jpg 1600w\" sizes=\"auto, (max-width: 287px) 100vw, 287px\" \/>A data de hoje &#8211; 03\/05\/2012-\u00a0\u00a0provoca uma reflex\u00e3o entre professores, alunos e autoridades que analisam o comportamento da sociedade e dos meios de comunica\u00e7\u00e3o.<\/p>\n<p>A\u00a0liberdade de imprensa \u00e9 uma das coisas mais importantes para o exerc\u00edcio do trabalho dos jornalistas e blogueiros.<\/p>\n<p>O blogueiro \u00e9 o mediador entre as informa\u00e7\u00f5es investigadas e a sociedade.<\/p>\n<p>H\u00e1 necessidade de liberdade de express\u00e3o para exercer seu trabalho.<\/p>\n<p>Sem a mesma, nada se publica.<\/p>\n<p>\u00c9 claro que n\u00e3o se pode confundir a liberdade de informa\u00e7\u00e3o\u00a0com liberdade para\u00a0\u00e0 falta de eleg\u00e2ncia e civilidade.<\/p>\n<p>No Estado Democr\u00e1tico de Direito deve se ter respeito \u00e0s garantias individuais insculpidas no artigo 5\u00ba da Constitui\u00e7\u00e3o Federal do Brasil:igualdade, liberdade, fraternidade, imagem, intimidade, privacidade; \u00a0e direitos sociais: educa\u00e7\u00e3o, habita\u00e7\u00e3o, trabalho, sa\u00fade, seguran\u00e7a e\u00a0 transporte.<\/p>\n<p>A\u00a0liberdade de imprensa e de express\u00e3o \u00e9 uma das coisas mais importantes para o exerc\u00edcio da democracia.<\/p>\n<p>A\u00a0viol\u00eancia, trucul\u00eancia,\u00a0intoler\u00e2ncia\u00a0\u00a0dos inimigos da democracia\u00a0na\u00a0 arte daqueles que querem\u00a0informar,\u00a0 prejudica\u00a0o trabalho investigativo e \u00e0 busca da verdade.<\/p>\n<p>A luta contra a impunidade \u00e9 inadi\u00e1vel.<\/p>\n<p>Gestores da falsa defesa da democracia, mas de pr\u00e1ticas autorit\u00e1rias, buscam instaurar\u00a0a cultura de intoler\u00e2ncia em rela\u00e7\u00e3o \u00e0 imprensa e blogs.<\/p>\n<p>Esses gestores contam tamb\u00e9m com uma informa\u00e7\u00e3o paralela, modelo Nazifascista, de se informar aos cidad\u00e3os o que\u00a0 querem, e n\u00e3o o que deveria ter sido dito.<\/p>\n<p>O uso\u00a0da publicidade oficial como mecanismo de pr\u00eamio ou castigo, como a cria\u00e7\u00e3o de um sistema de m\u00eddia oficial, e paraoficial para deslegitimar a cr\u00edtica, fazer propaganda pol\u00edtica, e limitar o acesso \u00e0 informa\u00e7\u00e3o p\u00fablica, \u00e9 atentar contra o Estado Democr\u00e1tico de Direito.<\/p>\n<p>Tudo vale para legitimar gestores mal intencionados, e com a desculpa invenc\u00edvel que querem o melhor para voc\u00ea: \u00a0aluno, servidor p\u00fablico, professor, m\u00e9dico, enfim, toda a gama de profiss\u00f5es poss\u00edveis imagin\u00e1veis e inimagin\u00e1veis.<\/p>\n<p>Quando se diz a verdade nesse pa\u00eds, voc\u00ea tem alguns inimigos gratuitos.<\/p>\n<p>Inimigos da estirpe: n\u00e3o trabalham, mas recebem no final do m\u00eas; alian\u00e7as pol\u00edticas de fins il\u00edcitos; defensores de modelos de ensino de\u00a0superior horrorosos; os que n\u00e3o gostam de serem criticados quando em fun\u00e7\u00e3o p\u00fablica; e \u00e0queles que desviam dinheiro do er\u00e1rio sob a \u00e9gide de estarem com boas inten\u00e7\u00f5es na gest\u00e3o p\u00fablica.<\/p>\n<p>Esses gestores truculentos\u00a0 celebram contrato terceirizado sendo ao mesmo tempo docente e s\u00f3cio da empresa contratada.<\/p>\n<p>A esses que nos perseguem, n\u00e3o vamos nos calar por tentarem nos intimidar.<\/p>\n<p>Como professor da disciplina em &#8220;Educa\u00e7\u00e3o em Ci\u00eancias da Sa\u00fade &#8221;\u00a0 da Faculdade de Medicina de Mar\u00edlia (Famema) n\u00e3o posso ficar inerte, mero espectador dos atos praticados contra o er\u00e1rio.<\/p>\n<p>O Estado Democr\u00e1tico de Direito vige.<\/p>\n<p>O Brasil do S\u00e9culo XXI n\u00e3o aceita mais os &#8220;figur\u00f5es&#8221;, &#8220;bacanas&#8221;, &#8220;poderosos&#8221;, e os &#8221; engomadinhos do colarinho branco&#8221; com pol\u00edticas p\u00fablicas incompetentes, e finalidades inconfess\u00e1veis.<\/p>\n<p>Salve o Dia Mundial da Liberdade de Imprensa.<\/p>\n<p>Os blogs dos blogueiros do Brasil comemoram !<\/p>\n<p><a href=\"https:\/\/miltonmarchioli.com.br\/blog\/wp-content\/uploads\/censura-nunca-mais.jpg\"><img loading=\"lazy\" decoding=\"async\" class=\"aligncenter  wp-image-10592\" src=\"https:\/\/miltonmarchioli.com.br\/blog\/wp-content\/uploads\/censura-nunca-mais.jpg\" alt=\"censura nunca mais\" width=\"457\" height=\"345\" srcset=\"https:\/\/miltonmarchioli.com.br\/blog\/wp-content\/uploads\/censura-nunca-mais.jpg 1114w, https:\/\/miltonmarchioli.com.br\/blog\/wp-content\/uploads\/censura-nunca-mais-300x226.jpg 300w, https:\/\/miltonmarchioli.com.br\/blog\/wp-content\/uploads\/censura-nunca-mais-1024x773.jpg 1024w\" sizes=\"auto, (max-width: 457px) 100vw, 457px\" \/><\/a><\/p>\n","protected":false},"excerpt":{"rendered":"<p>A data de hoje &#8211; 03\/05\/2012-\u00a0\u00a0provoca uma reflex\u00e3o entre professores, alunos e autoridades que analisam o comportamento da sociedade e dos meios de comunica\u00e7\u00e3o. A\u00a0liberdade de imprensa \u00e9 uma das coisas mais importantes para o exerc\u00edcio do trabalho dos jornalistas e blogueiros. O blogueiro \u00e9 o mediador entre as informa\u00e7\u00f5es investigadas e a sociedade. H\u00e1 &hellip; <a href=\"https:\/\/miltonmarchioli.com.br\/blog\/liberdade-de-imprensa-e-um-direito-na-democracia-do-brasil-dia-mundial-da-liberdade-de-imprensa\/\" class=\"more-link\">Continue lendo <span class=\"screen-reader-text\">Liberdade de imprensa \u00e9 um direito na democracia do Brasil. Dia Mundial da Liberdade de Imprensa<\/span> <span class=\"meta-nav\">&rarr;<\/span><\/a><\/p>\n","protected":false},"author":2,"featured_media":0,"comment_status":"open","ping_status":"open","sticky":false,"template":"","format":"standard","meta":{"rop_custom_images_group":[],"rop_custom_messages_group":[],"rop_publish_now":"initial","rop_publish_now_accounts":[],"rop_publish_now_history":[],"rop_publish_now_status":"pending","footnotes":""},"categories":[18,332,13],"tags":[860,201,757],"class_list":["post-3236","post","type-post","status-publish","format-standard","hentry","category-direito","category-educacao","category-opiniao","tag-blog-direito-de-liberdade-de-expressao","tag-dia-mundial-da-liberdade-de-imprensa","tag-estado-democratico-de-direito"],"_links":{"self":[{"href":"https:\/\/miltonmarchioli.com.br\/blog\/wp-json\/wp\/v2\/posts\/3236","targetHints":{"allow":["GET"]}}],"collection":[{"href":"https:\/\/miltonmarchioli.com.br\/blog\/wp-json\/wp\/v2\/posts"}],"about":[{"href":"https:\/\/miltonmarchioli.com.br\/blog\/wp-json\/wp\/v2\/types\/post"}],"author":[{"embeddable":true,"href":"https:\/\/miltonmarchioli.com.br\/blog\/wp-json\/wp\/v2\/users\/2"}],"replies":[{"embeddable":true,"href":"https:\/\/miltonmarchioli.com.br\/blog\/wp-json\/wp\/v2\/comments?post=3236"}],"version-history":[{"count":20,"href":"https:\/\/miltonmarchioli.com.br\/blog\/wp-json\/wp\/v2\/posts\/3236\/revisions"}],"predecessor-version":[{"id":12037,"href":"https:\/\/miltonmarchioli.com.br\/blog\/wp-json\/wp\/v2\/posts\/3236\/revisions\/12037"}],"wp:attachment":[{"href":"https:\/\/miltonmarchioli.com.br\/blog\/wp-json\/wp\/v2\/media?parent=3236"}],"wp:term":[{"taxonomy":"category","embeddable":true,"href":"https:\/\/miltonmarchioli.com.br\/blog\/wp-json\/wp\/v2\/categories?post=3236"},{"taxonomy":"post_tag","embeddable":true,"href":"https:\/\/miltonmarchioli.com.br\/blog\/wp-json\/wp\/v2\/tags?post=3236"}],"curies":[{"name":"wp","href":"https:\/\/api.w.org\/{rel}","templated":true}]}}