{"id":3257,"date":"2012-05-04T09:52:56","date_gmt":"2012-05-04T12:52:56","guid":{"rendered":"http:\/\/miltonmarchioli.com.br\/blog\/?p=3257"},"modified":"2022-01-10T10:16:02","modified_gmt":"2022-01-10T13:16:02","slug":"comissao-de-vereadores-da-cpi-pede-que-ministerio-publico-do-estado-de-sao-paulo-investigue-a-fumes","status":"publish","type":"post","link":"https:\/\/miltonmarchioli.com.br\/blog\/comissao-de-vereadores-da-cpi-pede-que-ministerio-publico-do-estado-de-sao-paulo-investigue-a-fumes\/","title":{"rendered":"Comiss\u00e3o de Vereadores da CPI pede que Minist\u00e9rio P\u00fablico do Estado de S\u00e3o Paulo investigue a Fumes"},"content":{"rendered":"<p><a href=\"https:\/\/miltonmarchioli.com.br\/blog\/wp-content\/uploads\/cpi-verde.jpg\"><img loading=\"lazy\" decoding=\"async\" class=\"alignleft wp-image-10594\" src=\"https:\/\/miltonmarchioli.com.br\/blog\/wp-content\/uploads\/cpi-verde-300x246.jpg\" alt=\"cpi verde\" width=\"289\" height=\"237\" srcset=\"https:\/\/miltonmarchioli.com.br\/blog\/wp-content\/uploads\/cpi-verde-300x246.jpg 300w, https:\/\/miltonmarchioli.com.br\/blog\/wp-content\/uploads\/cpi-verde.jpg 435w\" sizes=\"auto, (max-width: 289px) 100vw, 289px\" \/><\/a>A CPI foi instalada em meados de 2010, pela C\u00e2mara Municipal,\u00a0por iniciativa do vereador Eduardo Gimenes, que \u00e9 o presidente da mesma.<\/p>\n<p>Em 13 de julho do mesmo ano, a Fumes entrou com Mandado de Seguran\u00e7a e conseguiu suspender\u00a0a investiga\u00e7\u00e3o.<\/p>\n<p>Os trabalhos foram retomados em agosto de 2011, ap\u00f3s decis\u00e3o do Poder Judici\u00e1rio que\u00a0 cassou\u00a0 a liminar\u00a0impetrada pelo Departamento Jur\u00eddico da Famema, a pedido do diretor Jos\u00e9 Augusto Alves Ottaiano, \u00e0 \u00e9poca.<\/p>\n<p>Os vereadores querem saber como foram utilizados os repasses feitos pela Famar \u00e0 Fumes , e posteriormente \u00e0 Famema (Faculdade de Medicina de Mar\u00edlia),\u00a0 sendo que a d\u00edvida nos dias de hoje \u00e9 em torno de\u00a0R$ 500 milh\u00f5es de reais, considerando a CNPJ da Fumes e a CNPJ da Famema.<\/p>\n<p>O\u00a0secret\u00e1rio\u00a0 da Fazenda de Mar\u00edlia, Adelson\u00a0 Lelis da Silva,\u00a0 em depoimento aos vereadores da CPI (foto abaixo)\u00a0 informou que a Prefeitura Municipal de Mar\u00edlia n\u00e3o tem qualquer autoridade sobre a administra\u00e7\u00e3o dos recursos repassados pelo Estado.<\/p>\n<p>&#8220;O dinheiro\u00a0vem e vai integralmente \u00e0 Famar. Por outro lado, todo o passivo (como INSS, quest\u00f5es trabalhistas e outros problemas) ficam por conta da administra\u00e7\u00e3o. Isso tem de acabar\u201d, ressaltou o vereador Eduardo\u00a0Gimenes.<\/p>\n<p>Diante desse imbr\u00f3glio jur\u00eddico, com uma d\u00edvida gigantesca de\u00a0 aproximadamente R$ 45 milh\u00f5es, a\u00a0 Fumes foi impedida de receber verbas\u00a0 da Secretaria da Sa\u00fade,\u00a0 por irregularidades administrativas apontadas pelo Tribunal de Contas do Estado de S\u00e3o Paulo, no ano de 2007.<\/p>\n<p>Outrossim,\u00a0 cria-se em 2007 a Famar a toque de caixa por orienta\u00e7\u00e3o da Assessoria Jur\u00eddico da Famema, em tentativa jur\u00eddica\u00a0 &#8220;mirabolante e estrat\u00e9gica&#8221;\u00a0 para continuar a receber as verbas da Secretaria da Sa\u00fade.<\/p>\n<p>A Fumes n\u00e3o est\u00e1 extinta, apenas n\u00e3o recebe mais verbas da Secretaria da Sa\u00fade.<\/p>\n<p>O vereador Gimenes, presidente da CPI da Fumes,\u00a0reitera que o contato j\u00e1 ocorrido com o promotor Isauro Pigozzi Filho\u00a0serviu para buscar uma alternativa para acabar com essa irregularidade.<\/p>\n<p>\u201c\u00c9 dinheiro p\u00fablico que est\u00e1 sendo utilizado sem qualquer crit\u00e9rio pela Famar. Eles n\u00e3o fazem licita\u00e7\u00e3o, fazem pagamentos fora de ordem e administram o dinheiro da forma que bem entendem. \u00c9 dinheiro p\u00fablico e essa forma de a\u00e7\u00e3o est\u00e1 errada\u201d, apontou o vereador Gimenes.<\/p>\n<p>Gest\u00e3o p\u00fablica \u00e9\u00a0 exige muita responsabilidade na execu\u00e7\u00e3o dos atos administrativos.<\/p>\n<p>N\u00e3o pode haver miopia administrativa !<\/p>\n<p>Os atos administrativos devem estar sob o imp\u00e9rio da lei.<\/p>\n<p>Se houver condena\u00e7\u00e3o por improbidade administrativa, os gestores atuais e ou do passado respondem por seus bens pessoais, e devolu\u00e7\u00e3o\u00a0do seu patrim\u00f4nio como\u00a0forma de\u00a0restaurar o\u00a0er\u00e1rio.<\/p>\n<p>\u00c9\u00a0o pre\u00e7o que se paga em se aventurar onde n\u00e3o tem forma\u00e7\u00e3o para administrar.<\/p>\n<p>Aguardemos o prosseguimento agora desse final de CPI, e, ainda, se o Minist\u00e9rio P\u00fablico do Estado de S\u00e2o Paulo, representado pelo promotor Isauro Pigozzi Filho, ou outro promotor ao final da mesma,\u00a0 se oferecer\u00e1 den\u00fancia contra a Fumes ou Termo de Ajustamento de Conduta para os gestores atuais.<\/p>\n<p>INSS patronal e FGTS\u00a0 n\u00e3o pagos h\u00e1 muito tempo, e nos dias de hoje est\u00e3o cobrados na Procuradoria da Fazenda Nacional.<\/p>\n<p>O direito n\u00e3o socorre os que dormem.<\/p>\n<p>O sonho da estadualiza\u00e7\u00e3o\u00a0 da Famema de 1994 de fato e de direito (lei 8898\/94) caminha para uma possibilidade ainda muito distante, pois a Unesp, USP e ou Unicam n\u00e3o ir\u00e3o encampar uma faculdade p\u00fablica com d\u00edvida gigantesta, CNPJ Fumes e CNPJ Famema.<\/p>\n<p>Aguardemos o final da CPI da Fumes<\/p>\n<p style=\"text-align: left;\"><a href=\"https:\/\/miltonmarchioli.com.br\/blog\/wp-content\/uploads\/CPI-DA-FUMES-SECRETARIO-DA-FAZENDA-DA-PREFEITURA-05-20121.jpg\"><img loading=\"lazy\" decoding=\"async\" class=\"aligncenter wp-image-3298\" title=\"CPI DA FUMES - SECRETARIO DA FAZENDA DA PREFEITURA - 05 2012\" src=\"https:\/\/miltonmarchioli.com.br\/blog\/wp-content\/uploads\/CPI-DA-FUMES-SECRETARIO-DA-FAZENDA-DA-PREFEITURA-05-20121-300x199.jpg\" alt=\"\" width=\"420\" height=\"278\" srcset=\"https:\/\/miltonmarchioli.com.br\/blog\/wp-content\/uploads\/CPI-DA-FUMES-SECRETARIO-DA-FAZENDA-DA-PREFEITURA-05-20121-300x200.jpg 300w, https:\/\/miltonmarchioli.com.br\/blog\/wp-content\/uploads\/CPI-DA-FUMES-SECRETARIO-DA-FAZENDA-DA-PREFEITURA-05-20121-1024x680.jpg 1024w\" sizes=\"auto, (max-width: 420px) 100vw, 420px\" \/><\/a> &#8220;O passado serve para evidenciar as nossas falhas e nos dar indica\u00e7\u00f5es para o progresso do futuro.&#8221;<\/p>\n<p style=\"text-align: center;\">Henry Ford<\/p>\n","protected":false},"excerpt":{"rendered":"<p>A CPI foi instalada em meados de 2010, pela C\u00e2mara Municipal,\u00a0por iniciativa do vereador Eduardo Gimenes, que \u00e9 o presidente da mesma. Em 13 de julho do mesmo ano, a Fumes entrou com Mandado de Seguran\u00e7a e conseguiu suspender\u00a0a investiga\u00e7\u00e3o. Os trabalhos foram retomados em agosto de 2011, ap\u00f3s decis\u00e3o do Poder Judici\u00e1rio que\u00a0 cassou\u00a0 &hellip; <a href=\"https:\/\/miltonmarchioli.com.br\/blog\/comissao-de-vereadores-da-cpi-pede-que-ministerio-publico-do-estado-de-sao-paulo-investigue-a-fumes\/\" class=\"more-link\">Continue lendo <span class=\"screen-reader-text\">Comiss\u00e3o de Vereadores da CPI pede que Minist\u00e9rio P\u00fablico do Estado de S\u00e3o Paulo investigue a Fumes<\/span> <span class=\"meta-nav\">&rarr;<\/span><\/a><\/p>\n","protected":false},"author":2,"featured_media":0,"comment_status":"open","ping_status":"open","sticky":false,"template":"","format":"standard","meta":{"rop_custom_images_group":[],"rop_custom_messages_group":[],"rop_publish_now":"initial","rop_publish_now_accounts":[],"rop_publish_now_history":[],"rop_publish_now_status":"pending","footnotes":""},"categories":[18,8,332,13,9],"tags":[214,202,755],"class_list":["post-3257","post","type-post","status-publish","format-standard","hentry","category-direito","category-direito-e-saude","category-educacao","category-opiniao","category-saude-publica","tag-cpi-da-fumes","tag-famema","tag-ministerio-publico-estadual"],"_links":{"self":[{"href":"https:\/\/miltonmarchioli.com.br\/blog\/wp-json\/wp\/v2\/posts\/3257","targetHints":{"allow":["GET"]}}],"collection":[{"href":"https:\/\/miltonmarchioli.com.br\/blog\/wp-json\/wp\/v2\/posts"}],"about":[{"href":"https:\/\/miltonmarchioli.com.br\/blog\/wp-json\/wp\/v2\/types\/post"}],"author":[{"embeddable":true,"href":"https:\/\/miltonmarchioli.com.br\/blog\/wp-json\/wp\/v2\/users\/2"}],"replies":[{"embeddable":true,"href":"https:\/\/miltonmarchioli.com.br\/blog\/wp-json\/wp\/v2\/comments?post=3257"}],"version-history":[{"count":29,"href":"https:\/\/miltonmarchioli.com.br\/blog\/wp-json\/wp\/v2\/posts\/3257\/revisions"}],"predecessor-version":[{"id":13580,"href":"https:\/\/miltonmarchioli.com.br\/blog\/wp-json\/wp\/v2\/posts\/3257\/revisions\/13580"}],"wp:attachment":[{"href":"https:\/\/miltonmarchioli.com.br\/blog\/wp-json\/wp\/v2\/media?parent=3257"}],"wp:term":[{"taxonomy":"category","embeddable":true,"href":"https:\/\/miltonmarchioli.com.br\/blog\/wp-json\/wp\/v2\/categories?post=3257"},{"taxonomy":"post_tag","embeddable":true,"href":"https:\/\/miltonmarchioli.com.br\/blog\/wp-json\/wp\/v2\/tags?post=3257"}],"curies":[{"name":"wp","href":"https:\/\/api.w.org\/{rel}","templated":true}]}}