{"id":3279,"date":"2012-05-09T10:29:15","date_gmt":"2012-05-09T13:29:15","guid":{"rendered":"http:\/\/miltonmarchioli.com.br\/blog\/?p=3279"},"modified":"2022-01-10T09:47:32","modified_gmt":"2022-01-10T12:47:32","slug":"a-cpi-da-fumes-procura-explicar-os-repasses-de-verbas-publica-para-as-fundacoes-fumes-e-famar","status":"publish","type":"post","link":"https:\/\/miltonmarchioli.com.br\/blog\/a-cpi-da-fumes-procura-explicar-os-repasses-de-verbas-publica-para-as-fundacoes-fumes-e-famar\/","title":{"rendered":"A CPI da Fumes procura explicar os repasses de verbas p\u00fablica para as funda\u00e7\u00f5es Fumes e Famar"},"content":{"rendered":"<div id=\"corpo_materia\">\n<p><a href=\"https:\/\/miltonmarchioli.com.br\/blog\/wp-content\/uploads\/cpi-marron.jpg\"><img loading=\"lazy\" decoding=\"async\" class=\"alignleft size-full wp-image-10598\" src=\"https:\/\/miltonmarchioli.com.br\/blog\/wp-content\/uploads\/cpi-marron.jpg\" alt=\"cpi marron\" width=\"233\" height=\"198\" \/><\/a>Ontem de manh\u00e3 a Comiss\u00e3o de Vereadores da CPI Fumes ,\u00a0 tomou o depoimento de Affonso Celso Silva e Mello,\u00a0assessor t\u00e9cnico da Prefeitura de Mar\u00edlia e perito cont\u00e1bil, o qual prestou informa\u00e7\u00f5es procurando explicar como os recursos repassados pelo Governo do Estado \u00e0 Famar (Funda\u00e7\u00e3o de Apoio \u00e0 Faculdade de Medicina de Mar\u00edlia) s\u00e3o posteriormente repassados \u00e0 Fumes (Funda\u00e7\u00e3o\u00a0 Municipal de Ensino Superior de Mar\u00edlia).<\/p>\n<p>Mello afirmou em seu depoimento, que a Fumes n\u00e3o acatou recomenda\u00e7\u00e3o do TCE (Tribunal de Contas do Estado), e a orienta\u00e7\u00e3o da Prefeitura de Mar\u00edlia para que transformasse a contabilidade financeira da funda\u00e7\u00e3o municipal com transpar\u00eancia p\u00fablica em seus atos administrativos.<\/p>\n<p>O assessor Mello, o qual foi presidente da diretoria executiva da Fumes nos anos de 1982 e 1983, disse ainda que \u201csup\u00f5e que a parte positiva da gest\u00e3o\u00a0 financeira fica com a Famar, e a parte negativa, ou seja, os preju\u00edzos, ficam com\u00a0 a Fumes\u201d.<\/p>\n<p>Ap\u00f3s o depoimento de Mello, os vereadores Eduardo Gimenes (presidente), J\u00fanior da Farm\u00e1cia (relator) e Wilson Alves Damasceno decidiram que v\u00e3o solicitar novos documentos\u00a0\u00e0 Fumes,\u00a0 principalmente para esclarecer as viagens feitas por m\u00e9dicos da diretoria, nos anos de 2009 e 2010.<\/p>\n<p>\u201cConsta do levantamento feito pelo perito cont\u00e1bil, Dorival Venciguera, s\u00f3 para citar um exemplo, despesas de mais de R$ 146,7\u00a0mil no m\u00eas de dezembro de 2010 como \u2018viagens\u2019.<\/p>\n<p>&#8220;Queremos saber quem viajou e para que finalidade&#8221;, destacou o vereador Gimenes.<\/p>\n<p>O pedido\u00a0 feito pela Comiss\u00e3o da CPI \u00e0 Diretoria da Fumes exige que seja apresentado o nome, local, per\u00edodo de estada e finalidade das viagens feitas por servidores ou membros da diretoria no final de ano de 2010.<\/p>\n<p>Outro item apontado como\u00a0 suspeito pelos membros da Comiss\u00e3o da\u00a0 CPI da Fumes\u00a0 diz respeito aos exames complementares realizados e pagos pela institui\u00e7\u00e3o.<\/p>\n<p>Os exames suspeitos foram encontrados no relat\u00f3rio entregue na quarta-feira da semana passada pelo perito contratado pela comiss\u00e3o, Dorival Venciguera, e analisado pelos membros da comiss\u00e3o.<\/p>\n<p>Para o vereador Damasceno est\u00e1 ficando bastante claro que h\u00e1 fortes ind\u00edcios de irregularidades na gest\u00e3o da Fumes.<\/p>\n<p>\u201cEstamos chegando a conclus\u00e3o de que h\u00e1 muitas irregularidades.\u00a0\u00a0Ao final da CPI podemos propor tamb\u00e9m a forma\u00e7\u00e3o de um grupo de trabalho na Assembleia Legislativa, para estudar esse conv\u00eanio entre o Estado e a Famar,\u00a0 a qual recebe dinheiro e repassa a Fumes, sendo que antes o dinheiro era transferido diretamente \u00e0 Famar, afirmou o vereador Damasceno.<\/p>\n<p>Os\u00a0 vereadores pretendem analisar novos documentos juntados ao processo de investiga\u00e7\u00e3o para definir uma nova data de reuni\u00e3o da CPI.<\/p>\n<p>H\u00e1 a possibilidade de convocar outros integrantes da Diretoria da Fumes para que prestem informa\u00e7\u00f5es sobre a sistem\u00e1tica da administra\u00e7\u00e3o da institui\u00e7\u00e3o.<\/p>\n<p>Ap\u00f3s o encontro de ontem, os membros da CPI se reuniram com o dirigente do DRS IX\u00a0 (Departamento Regional de Sa\u00fade do Estado de S\u00e3o Paulo),\u00a0 Donaldo Cerci da Cunha para entrega e an\u00e1lise dos dados.<\/p>\n<p>O\u00a0 vereador Gimenes afirmou que se reunir\u00e1 com os outros membros da comiss\u00e3o hoje para definir a data da pr\u00f3xima reuni\u00e3o, e decidir sobre a entrega do resultado final das investiga\u00e7\u00f5es.<\/p>\n<p>Entre as discuss\u00f5es est\u00e1 se o relat\u00f3rio ser\u00e1 encaminhado para justi\u00e7a criminal ou civil.<\/p>\n<p>Lutemos pela moralidade da administra\u00e7\u00e3o p\u00fablica !<\/p>\n<div><a href=\"https:\/\/miltonmarchioli.com.br\/blog\/wp-content\/uploads\/CPI-DA-FUMES-AFFONSO-CELSO-05-20122.jpg\"><img loading=\"lazy\" decoding=\"async\" class=\"aligncenter wp-image-3285\" title=\"CPI DA FUMES - AFFONSO CELSO 05 2012\" src=\"https:\/\/miltonmarchioli.com.br\/blog\/wp-content\/uploads\/CPI-DA-FUMES-AFFONSO-CELSO-05-20122.jpg\" alt=\"\" width=\"449\" height=\"293\" \/><\/a><\/div>\n<div>\n<div id=\"a18bb\" style=\"text-align: left;\">&#8220;Se ages contra a justi\u00e7a e eu te deixo agir, ent\u00e3o a injusti\u00e7a \u00e9 minha&#8221;.<\/div>\n<div style=\"text-align: center;\">Mahatma Gandhi<\/div>\n<\/div>\n<div><\/div>\n<\/div>\n","protected":false},"excerpt":{"rendered":"<p>Ontem de manh\u00e3 a Comiss\u00e3o de Vereadores da CPI Fumes ,\u00a0 tomou o depoimento de Affonso Celso Silva e Mello,\u00a0assessor t\u00e9cnico da Prefeitura de Mar\u00edlia e perito cont\u00e1bil, o qual prestou informa\u00e7\u00f5es procurando explicar como os recursos repassados pelo Governo do Estado \u00e0 Famar (Funda\u00e7\u00e3o de Apoio \u00e0 Faculdade de Medicina de Mar\u00edlia) s\u00e3o posteriormente &hellip; <a href=\"https:\/\/miltonmarchioli.com.br\/blog\/a-cpi-da-fumes-procura-explicar-os-repasses-de-verbas-publica-para-as-fundacoes-fumes-e-famar\/\" class=\"more-link\">Continue lendo <span class=\"screen-reader-text\">A CPI da Fumes procura explicar os repasses de verbas p\u00fablica para as funda\u00e7\u00f5es Fumes e Famar<\/span> <span class=\"meta-nav\">&rarr;<\/span><\/a><\/p>\n","protected":false},"author":2,"featured_media":0,"comment_status":"open","ping_status":"open","sticky":false,"template":"","format":"standard","meta":{"rop_custom_images_group":[],"rop_custom_messages_group":[],"rop_publish_now":"initial","rop_publish_now_accounts":[],"rop_publish_now_history":[],"rop_publish_now_status":"pending","footnotes":""},"categories":[18,8,11,332,13,9],"tags":[760,214],"class_list":["post-3279","post","type-post","status-publish","format-standard","hentry","category-direito","category-direito-e-saude","category-economia","category-educacao","category-opiniao","category-saude-publica","tag-affonso-celso-silva-e-mello","tag-cpi-da-fumes"],"_links":{"self":[{"href":"https:\/\/miltonmarchioli.com.br\/blog\/wp-json\/wp\/v2\/posts\/3279","targetHints":{"allow":["GET"]}}],"collection":[{"href":"https:\/\/miltonmarchioli.com.br\/blog\/wp-json\/wp\/v2\/posts"}],"about":[{"href":"https:\/\/miltonmarchioli.com.br\/blog\/wp-json\/wp\/v2\/types\/post"}],"author":[{"embeddable":true,"href":"https:\/\/miltonmarchioli.com.br\/blog\/wp-json\/wp\/v2\/users\/2"}],"replies":[{"embeddable":true,"href":"https:\/\/miltonmarchioli.com.br\/blog\/wp-json\/wp\/v2\/comments?post=3279"}],"version-history":[{"count":25,"href":"https:\/\/miltonmarchioli.com.br\/blog\/wp-json\/wp\/v2\/posts\/3279\/revisions"}],"predecessor-version":[{"id":13578,"href":"https:\/\/miltonmarchioli.com.br\/blog\/wp-json\/wp\/v2\/posts\/3279\/revisions\/13578"}],"wp:attachment":[{"href":"https:\/\/miltonmarchioli.com.br\/blog\/wp-json\/wp\/v2\/media?parent=3279"}],"wp:term":[{"taxonomy":"category","embeddable":true,"href":"https:\/\/miltonmarchioli.com.br\/blog\/wp-json\/wp\/v2\/categories?post=3279"},{"taxonomy":"post_tag","embeddable":true,"href":"https:\/\/miltonmarchioli.com.br\/blog\/wp-json\/wp\/v2\/tags?post=3279"}],"curies":[{"name":"wp","href":"https:\/\/api.w.org\/{rel}","templated":true}]}}