{"id":3459,"date":"2012-05-28T10:49:57","date_gmt":"2012-05-28T13:49:57","guid":{"rendered":"http:\/\/miltonmarchioli.com.br\/blog\/?p=3459"},"modified":"2022-01-10T10:57:53","modified_gmt":"2022-01-10T13:57:53","slug":"divida-milionaria-da-fumes-devera-ser-enviada-ao-ministerio-publico-estadual","status":"publish","type":"post","link":"https:\/\/miltonmarchioli.com.br\/blog\/divida-milionaria-da-fumes-devera-ser-enviada-ao-ministerio-publico-estadual\/","title":{"rendered":"D\u00edvida milion\u00e1ria da Fumes dever\u00e1 ser enviada ao Minist\u00e9rio P\u00fablico Estadual"},"content":{"rendered":"<p><a href=\"https:\/\/miltonmarchioli.com.br\/blog\/wp-content\/uploads\/cpi-saude2.png\"><img loading=\"lazy\" decoding=\"async\" class=\"alignleft wp-image-10613\" src=\"https:\/\/miltonmarchioli.com.br\/blog\/wp-content\/uploads\/cpi-saude2-300x197.png\" alt=\"cpi saude\" width=\"279\" height=\"183\" srcset=\"https:\/\/miltonmarchioli.com.br\/blog\/wp-content\/uploads\/cpi-saude2-300x197.png 300w, https:\/\/miltonmarchioli.com.br\/blog\/wp-content\/uploads\/cpi-saude2.png 454w\" sizes=\"auto, (max-width: 279px) 100vw, 279px\" \/><\/a>\u00a0A Comiss\u00e3o Parlamentar de Inqu\u00e9rito, que investiga a utiliza\u00e7\u00e3o de recursos p\u00fablicos pela Funda\u00e7\u00e3o Municipal de Ensino Superior (Fumes) de Mar\u00edlia (SP), levou o caso ao Minist\u00e9rio P\u00fablico na \u00faltima\u00a0quarta-feira, dia 25 do presente m\u00eas.<\/p>\n<p>A previs\u00e3o \u00e9 que dentro de 15 dias a CPI seja conclu\u00edda, caso n\u00e3o seja prorrogada.<\/p>\n<p>A\u00a0d\u00edvida ultrapassa os R$ 500 milh\u00f5es,\u00a0 analisando CNPJ\u00a0 \u00a0Fumes e CNPJ Famema, com passivos trabalhistas e previdenci\u00e1rios.<\/p>\n<p>A inten\u00e7\u00e3o \u00e9 que o Minist\u00e9rio P\u00fablico do Estado de S\u00e3o Paulo investigue como os recursos destinados \u00e0 Funda\u00e7\u00e3o de Apoio \u00e0 Faculdade de Medicina de Mar\u00edlia (Famar), a qual recebe dinheiro em substitui\u00e7\u00e3o a Fumes, j\u00e1 que a\u00a0 \u00faltima est\u00e1 impedida de receber recursos do Estado por determina\u00e7\u00e3o do Tribunal de Contas do Estado (TCE).<\/p>\n<p>O presidente da CPI, Eduardo Gimenes, afirmou\u00a0 que o Tribunal de Contas j\u00e1 apontou irregularidades em rela\u00e7\u00e3o\u00a0\u00e0s horas extras, contratos sem licita\u00e7\u00f5es, ou tomada de pre\u00e7o.<\/p>\n<p>A CPI da Famema-Fumes-Famar \u00e9 um verdadeiro triunvirato jur\u00eddico, digno de deixar o triunvirato romano J\u00falio C\u00e9sar-Pompeu-Crasso horrorizados com tal situa\u00e7\u00e3o que se descortina para um passivo tribut\u00e1rio elevado..<\/p>\n<p>Enfim,\u00a0 a Sa\u00fade P\u00fablica de Mar\u00edlia sofre com as terceiriza\u00e7\u00f5es realizadas pela Diretoria Geral da Famema com\u00a0empresas prestadoras de \u00a0servi\u00e7os de Imaginologia, de Oftalmologia,\u00a0 sem as formalidades legais previstas em licita\u00e7\u00f5es de acordo com a Lei 8666\/93.<\/p>\n<p>As fun\u00e7\u00f5es do Estado s\u00e3o sempre\u00a0 em sua grande maioria\u00a0 &#8220;atividade-fim&#8221;, e nunca\u00a0 &#8220;atividade-meio&#8221;, e sendo assim terceirizar servi\u00e7os de sa\u00fade em faculdade de medicina p\u00fablica \u00e9 anti\u00e9tico, e padece de ilegalidade.<\/p>\n<p>O Estado oferece sa\u00fade p\u00fablica em seu artigo 6\u00ba da Constitui\u00e7\u00e3o Federal (1988) como direito social, em institui\u00e7\u00f5es p\u00fablicas, e o\u00a0 Estado pode terceirizar, pagando os prestadores de servi\u00e7os em sa\u00fade por um pre\u00e7o justo em <strong>situa\u00e7\u00f5es excepcionais <\/strong>(grifei).<\/p>\n<p>A Sa\u00fade Suplementar \u00e9 importante para o Estado, mas n\u00e3o como substitui\u00e7\u00e3o \u00e0 sa\u00fade p\u00fablica em hospitais universit\u00e1rios.<\/p>\n<p>Deve existir sempre, pois o Estado n\u00e3o consegue fazer tudo, mas em iniciativa privada pode se alcan\u00e7ar mais atividades..<\/p>\n<p>O promotor Isauro Pigozzi recebeu parte das oitivas da CPI.<\/p>\n<p>A heran\u00e7a financeira (INSS parte patronal e FGTS n\u00e3o depositados pela Fumes) desses passivos trabalhistas e previdenci\u00e1rios ocorreu por m\u00e1 gest\u00e3o dos ex-Diretores da Famema, e seus asseclas administrativos.<\/p>\n<p>Famema-Fumes -Famar.<\/p>\n<p>Tal qual o triunvirato romano J\u00falio C\u00e9sar-Pompeu-Crasso, o qual\u00a0 n\u00e3o terminou harmonicamente na Rep\u00fablica Romana (509 a.C. &#8211; 27 a.C.).<\/p>\n<p>E a CPI do triunvirato jur\u00eddico terminar\u00e1 em breve com seu relat\u00f3rio final.<\/p>\n<p>Lutemos pela moralidade, eticidade e transpar\u00eancia na administra\u00e7\u00e3o\u00a0 p\u00fablica !<\/p>\n<p style=\"text-align: center;\"><a href=\"https:\/\/miltonmarchioli.com.br\/blog\/wp-content\/uploads\/TRIUNVIRATO.png\"><img loading=\"lazy\" decoding=\"async\" class=\"aligncenter size-full wp-image-9507\" src=\"https:\/\/miltonmarchioli.com.br\/blog\/wp-content\/uploads\/TRIUNVIRATO.png\" alt=\"TRIUNVIRATO\" width=\"913\" height=\"390\" srcset=\"https:\/\/miltonmarchioli.com.br\/blog\/wp-content\/uploads\/TRIUNVIRATO.png 913w, https:\/\/miltonmarchioli.com.br\/blog\/wp-content\/uploads\/TRIUNVIRATO-300x128.png 300w\" sizes=\"auto, (max-width: 913px) 100vw, 913px\" \/><\/a>&#8220;O que me preocupa n\u00e3o \u00e9 o grito dos maus. \u00c9 o sil\u00eancio dos bons&#8221;.<\/p>\n<p style=\"text-align: center;\">Martin Luther King<\/p>\n","protected":false},"excerpt":{"rendered":"<p>\u00a0A Comiss\u00e3o Parlamentar de Inqu\u00e9rito, que investiga a utiliza\u00e7\u00e3o de recursos p\u00fablicos pela Funda\u00e7\u00e3o Municipal de Ensino Superior (Fumes) de Mar\u00edlia (SP), levou o caso ao Minist\u00e9rio P\u00fablico na \u00faltima\u00a0quarta-feira, dia 25 do presente m\u00eas. A previs\u00e3o \u00e9 que dentro de 15 dias a CPI seja conclu\u00edda, caso n\u00e3o seja prorrogada. A\u00a0d\u00edvida ultrapassa os R$ &hellip; <a href=\"https:\/\/miltonmarchioli.com.br\/blog\/divida-milionaria-da-fumes-devera-ser-enviada-ao-ministerio-publico-estadual\/\" class=\"more-link\">Continue lendo <span class=\"screen-reader-text\">D\u00edvida milion\u00e1ria da Fumes dever\u00e1 ser enviada ao Minist\u00e9rio P\u00fablico Estadual<\/span> <span class=\"meta-nav\">&rarr;<\/span><\/a><\/p>\n","protected":false},"author":2,"featured_media":0,"comment_status":"open","ping_status":"open","sticky":false,"template":"","format":"standard","meta":{"rop_custom_images_group":[],"rop_custom_messages_group":[],"rop_publish_now":"initial","rop_publish_now_accounts":[],"rop_publish_now_history":[],"rop_publish_now_status":"pending","footnotes":""},"categories":[8,11,332,13,366,9],"tags":[214,202,758],"class_list":["post-3459","post","type-post","status-publish","format-standard","hentry","category-direito-e-saude","category-economia","category-educacao","category-opiniao","category-politica","category-saude-publica","tag-cpi-da-fumes","tag-famema","tag-ministerio-publico-do-estado-de-sao-paulo"],"_links":{"self":[{"href":"https:\/\/miltonmarchioli.com.br\/blog\/wp-json\/wp\/v2\/posts\/3459","targetHints":{"allow":["GET"]}}],"collection":[{"href":"https:\/\/miltonmarchioli.com.br\/blog\/wp-json\/wp\/v2\/posts"}],"about":[{"href":"https:\/\/miltonmarchioli.com.br\/blog\/wp-json\/wp\/v2\/types\/post"}],"author":[{"embeddable":true,"href":"https:\/\/miltonmarchioli.com.br\/blog\/wp-json\/wp\/v2\/users\/2"}],"replies":[{"embeddable":true,"href":"https:\/\/miltonmarchioli.com.br\/blog\/wp-json\/wp\/v2\/comments?post=3459"}],"version-history":[{"count":28,"href":"https:\/\/miltonmarchioli.com.br\/blog\/wp-json\/wp\/v2\/posts\/3459\/revisions"}],"predecessor-version":[{"id":13584,"href":"https:\/\/miltonmarchioli.com.br\/blog\/wp-json\/wp\/v2\/posts\/3459\/revisions\/13584"}],"wp:attachment":[{"href":"https:\/\/miltonmarchioli.com.br\/blog\/wp-json\/wp\/v2\/media?parent=3459"}],"wp:term":[{"taxonomy":"category","embeddable":true,"href":"https:\/\/miltonmarchioli.com.br\/blog\/wp-json\/wp\/v2\/categories?post=3459"},{"taxonomy":"post_tag","embeddable":true,"href":"https:\/\/miltonmarchioli.com.br\/blog\/wp-json\/wp\/v2\/tags?post=3459"}],"curies":[{"name":"wp","href":"https:\/\/api.w.org\/{rel}","templated":true}]}}