{"id":3517,"date":"2012-06-15T00:00:26","date_gmt":"2012-06-15T03:00:26","guid":{"rendered":"http:\/\/miltonmarchioli.com.br\/blog\/?p=3517"},"modified":"2022-01-10T13:04:03","modified_gmt":"2022-01-10T16:04:03","slug":"cefaleias-primarias-seminario-curso-de-medicina-da-famema-8","status":"publish","type":"post","link":"https:\/\/miltonmarchioli.com.br\/blog\/cefaleias-primarias-seminario-curso-de-medicina-da-famema-8\/","title":{"rendered":"Cefaleias Prim\u00e1rias. Semin\u00e1rio. Curso de medicina da Famema"},"content":{"rendered":"<p><a href=\"https:\/\/miltonmarchioli.com.br\/blog\/wp-content\/uploads\/cefaleia-morena-10.jpg\"><img loading=\"lazy\" decoding=\"async\" class=\"alignleft wp-image-10617\" src=\"https:\/\/miltonmarchioli.com.br\/blog\/wp-content\/uploads\/cefaleia-morena-10-300x200.jpg\" alt=\"cefaleia morena 10\" width=\"251\" height=\"167\" srcset=\"https:\/\/miltonmarchioli.com.br\/blog\/wp-content\/uploads\/cefaleia-morena-10-300x200.jpg 300w, https:\/\/miltonmarchioli.com.br\/blog\/wp-content\/uploads\/cefaleia-morena-10.jpg 472w\" sizes=\"auto, (max-width: 251px) 100vw, 251px\" \/><\/a>Semin\u00e1rio apresentado pelo <a href=\"https:\/\/miltonmarchioli.com.br\/blog\/wp-content\/uploads\/Cefal\u00e9ias-prim\u00e1rias-Vinicius-12-06-2012.ppt\">acad\u00eamico Vinicius Spazzapan Martins &#8211; 4\u00ba ano do curso de medicina da Famema em est\u00e1gio no Ambulat\u00f3rio de Cefaleia- Ambulat\u00f3rio M\u00e1rio Covas- disciplinas Neurologia e Educa\u00e7\u00e3o em Ci\u00eancias da Sa\u00fade: Cefaleias Prim\u00e1rias.<\/a><\/p>\n<p>\u00c9 um uma s\u00edntese dos principais tipos de cefaleias prim\u00e1rias que acometem\u00a0\u00e0 popula\u00e7\u00e3o mundial, e principal\u00a0 apresenta\u00e7\u00e3o cl\u00ednica em consult\u00f3rios m\u00e9dicos e ambulat\u00f3rios de neurologia.<\/p>\n<p>O\u00a0 diagn\u00f3stico correto, e a introdu\u00e7\u00e3o de medica\u00e7\u00e3o profil\u00e1tica modifica a hist\u00f3ria natural\u00a0 das cefaleias prim\u00e1rias.<\/p>\n<p>O conhecimento das cefaleias prim\u00e1rias pelo m\u00e9dico cl\u00ednico geral ou m\u00e9dico com especializa\u00e7\u00e3o em sa\u00fade da fam\u00edlia n\u00e3o \u00e9 dif\u00edcil, e somente as cefaleias secund\u00e1rias ou cefaleias prim\u00e1rias de dif\u00edcil tratamento deveriam ser encaminhadas ao neurologista.<\/p>\n<p>O Ambulat\u00f3rio de Cefaleia- Ambulat\u00f3rio M\u00e1rio Covas recebe encaminhamentos de usu\u00e1rios do SUS do Departamento Regional de Sa\u00fade IX do Estado de S\u00e3o Paulo.<\/p>\n<p>Lutemos pela sa\u00fade p\u00fablica com qualidade !<\/p>\n<p><img loading=\"lazy\" decoding=\"async\" class=\"aligncenter size-full wp-image-11763\" src=\"https:\/\/miltonmarchioli.com.br\/blog\/wp-content\/uploads\/dor-de-cabe\u00e7a-mosaico.gif\" alt=\"dor de cabe\u00e7a- mosaico\" width=\"400\" height=\"350\" \/><\/p>\n","protected":false},"excerpt":{"rendered":"<p>Semin\u00e1rio apresentado pelo acad\u00eamico Vinicius Spazzapan Martins &#8211; 4\u00ba ano do curso de medicina da Famema em est\u00e1gio no Ambulat\u00f3rio de Cefaleia- Ambulat\u00f3rio M\u00e1rio Covas- disciplinas Neurologia e Educa\u00e7\u00e3o em Ci\u00eancias da Sa\u00fade: Cefaleias Prim\u00e1rias. \u00c9 um uma s\u00edntese dos principais tipos de cefaleias prim\u00e1rias que acometem\u00a0\u00e0 popula\u00e7\u00e3o mundial, e principal\u00a0 apresenta\u00e7\u00e3o cl\u00ednica em consult\u00f3rios &hellip; <a href=\"https:\/\/miltonmarchioli.com.br\/blog\/cefaleias-primarias-seminario-curso-de-medicina-da-famema-8\/\" class=\"more-link\">Continue lendo <span class=\"screen-reader-text\">Cefaleias Prim\u00e1rias. Semin\u00e1rio. Curso de medicina da Famema<\/span> <span class=\"meta-nav\">&rarr;<\/span><\/a><\/p>\n","protected":false},"author":2,"featured_media":0,"comment_status":"open","ping_status":"open","sticky":false,"template":"","format":"standard","meta":{"rop_custom_images_group":[],"rop_custom_messages_group":[],"rop_publish_now":"initial","rop_publish_now_accounts":[],"rop_publish_now_history":[],"rop_publish_now_status":"pending","footnotes":""},"categories":[8,4,13,9],"tags":[671],"class_list":["post-3517","post","type-post","status-publish","format-standard","hentry","category-direito-e-saude","category-neurologia","category-opiniao","category-saude-publica","tag-ambualtorio-de-cefaleia-famema-milton-marchioli"],"_links":{"self":[{"href":"https:\/\/miltonmarchioli.com.br\/blog\/wp-json\/wp\/v2\/posts\/3517","targetHints":{"allow":["GET"]}}],"collection":[{"href":"https:\/\/miltonmarchioli.com.br\/blog\/wp-json\/wp\/v2\/posts"}],"about":[{"href":"https:\/\/miltonmarchioli.com.br\/blog\/wp-json\/wp\/v2\/types\/post"}],"author":[{"embeddable":true,"href":"https:\/\/miltonmarchioli.com.br\/blog\/wp-json\/wp\/v2\/users\/2"}],"replies":[{"embeddable":true,"href":"https:\/\/miltonmarchioli.com.br\/blog\/wp-json\/wp\/v2\/comments?post=3517"}],"version-history":[{"count":11,"href":"https:\/\/miltonmarchioli.com.br\/blog\/wp-json\/wp\/v2\/posts\/3517\/revisions"}],"predecessor-version":[{"id":13585,"href":"https:\/\/miltonmarchioli.com.br\/blog\/wp-json\/wp\/v2\/posts\/3517\/revisions\/13585"}],"wp:attachment":[{"href":"https:\/\/miltonmarchioli.com.br\/blog\/wp-json\/wp\/v2\/media?parent=3517"}],"wp:term":[{"taxonomy":"category","embeddable":true,"href":"https:\/\/miltonmarchioli.com.br\/blog\/wp-json\/wp\/v2\/categories?post=3517"},{"taxonomy":"post_tag","embeddable":true,"href":"https:\/\/miltonmarchioli.com.br\/blog\/wp-json\/wp\/v2\/tags?post=3517"}],"curies":[{"name":"wp","href":"https:\/\/api.w.org\/{rel}","templated":true}]}}