{"id":3552,"date":"2012-07-01T10:51:34","date_gmt":"2012-07-01T13:51:34","guid":{"rendered":"http:\/\/miltonmarchioli.com.br\/blog\/?p=3552"},"modified":"2022-01-10T13:37:22","modified_gmt":"2022-01-10T16:37:22","slug":"docente-amigo-conselheiro-saudades-dos-seus-eternos-alunos-da-famema","status":"publish","type":"post","link":"https:\/\/miltonmarchioli.com.br\/blog\/docente-amigo-conselheiro-saudades-dos-seus-eternos-alunos-da-famema\/","title":{"rendered":"Docente, amigo, conselheiro. Saudades dos seus eternos alunos da Famema"},"content":{"rendered":"<p><a href=\"https:\/\/miltonmarchioli.com.br\/blog\/wp-content\/uploads\/saudades-sem-fm.jpg\"><img loading=\"lazy\" decoding=\"async\" class=\"alignleft wp-image-9570\" src=\"https:\/\/miltonmarchioli.com.br\/blog\/wp-content\/uploads\/saudades-sem-fm-300x300.jpg\" alt=\"saudades sem fm\" width=\"212\" height=\"212\" srcset=\"https:\/\/miltonmarchioli.com.br\/blog\/wp-content\/uploads\/saudades-sem-fm-300x300.jpg 300w, https:\/\/miltonmarchioli.com.br\/blog\/wp-content\/uploads\/saudades-sem-fm-150x150.jpg 150w, https:\/\/miltonmarchioli.com.br\/blog\/wp-content\/uploads\/saudades-sem-fm.jpg 432w\" sizes=\"auto, (max-width: 212px) 100vw, 212px\" \/><\/a>Morreu na tarde de ontem &#8211; 30\/06\/2012 &#8211; aos 71 anos, v\u00edtima de complica\u00e7\u00e3o\u00a0 operat\u00f3ria, o docente de dermatologia da Famema\u00a0 Spencer\u00a0 de Dom\u00eanico Sornas.<\/p>\n<p>Spencer nasceu em Mar\u00edlia e foi professor da Famema por 40 anos, sendo titular da disciplina de Dermatologista da Famema.<\/p>\n<p>\u00d3timo professor, elegante no trato com os pares.<\/p>\n<p>Bem humorado.<\/p>\n<p>Fui seu aluno, e aprendi semiologia com o professor no ano de 1985.<\/p>\n<p>Semiologia no hospital \u00e0 beira do leito.<\/p>\n<p>Pacientes reais.<\/p>\n<p>Sem atores e manequins.<\/p>\n<p>Semiologia real, n\u00e3o imagin\u00e1ria, n\u00e3o em atores, n\u00e3o em fotos de livros.<\/p>\n<p>Justo na cobran\u00e7a de metas na disciplina de semiologia.<\/p>\n<p>Tamb\u00e9m fui seu paciente.<\/p>\n<p>Aluno, amigo de profiss\u00e3o e paciente.<\/p>\n<p>Conheci o professor Spencer em todos os cen\u00e1rios que a vida pode proporcionar na medicina.<\/p>\n<p>Em todos os cen\u00e1rios o professor sempre coerente,\u00a0 sincero, n\u00e3o afeito aos modismos que a\u00a0 vida poderia lhe infligir.<\/p>\n<p>Esquecido pela\u00a0 institui\u00e7\u00e3o nos \u00faltimos anos, pois\u00a0 n\u00e3o o via nas atividades\u00a0 da primeira \u00e0 quarta-s\u00e9rie.<\/p>\n<p>Duas hip\u00f3teses: somente quis\u00a0 permanecer na disciplina de dermatologia, ou nunca foi convidado para as novas mudan\u00e7as ocorridas na institui\u00e7\u00e3o, as quais (PBL-Problem Based Learning), me confidenciou por in\u00fameras vezes, que n\u00e3o as aceitava.<\/p>\n<p>Mas, nunca foi ouvido para isso.<\/p>\n<p>Enfim, muitos\u00a0 docentes n\u00e3o foram ouvidos.<\/p>\n<p>Tamb\u00e9m nunca fui ouvido.<\/p>\n<p>\u00c9\u00a0 uma pol\u00edtica de Estado.<\/p>\n<p>Na pior das hip\u00f3teses,\u00a0 cria-se um cen\u00e1rio artificial institucional dando a impress\u00e3o que o docente ser\u00e1 ouvido.<\/p>\n<p>Mas, a n\u00e3o mudan\u00e7a j\u00e1 est\u00e1 decidida antes de come\u00e7ar a reuni\u00e3o.<\/p>\n<p>Foi em uma desses cen\u00e1rios &#8211; uma oficina de internato, a qual o professor Spencer, me disse:<\/p>\n<p>&#8220;Marchioli, eu n\u00e3o suporto esse novo modelo de ensino. Me sinto deslocado com esse modelo. Os alunos n\u00e3o aprendem nas cadeiras b\u00e1sicas, e depois querem aprender medicina como?&#8221;.<\/p>\n<p>Lembro-me bem dessa frase.<\/p>\n<p>Dita no\u00a0 ano de 2008.<\/p>\n<p>Em 2012, concordo em\u00a0 g\u00eanero, n\u00famero e grau com o professor.<\/p>\n<p>Vejo isso nos ambulat\u00f3rios de neurologia.<\/p>\n<p>Os alunos n\u00e3o tem culpa.<\/p>\n<p>Tamb\u00e9m n\u00e3o ser\u00e3o ouvidos.<\/p>\n<p>Que vis\u00e3o do professor Spencer em 2008 !<\/p>\n<p>Previu o que hoje vivenciamos.<\/p>\n<p>O novo ensino\u00a0 neoliberal: pedagogia tecnicista, pedagogia por compet\u00eancia, e a corrente escolanovista.<\/p>\n<p>N\u00e3o precisa de conte\u00fados.<\/p>\n<p>S\u00f3 aprender a aprender.<\/p>\n<p>O professor sempre estar\u00e1 em minha mem\u00f3ria.<\/p>\n<p>Suas corre\u00e7\u00f5es da minha anamnese, exame f\u00edsico, e a terap\u00eautica pertinente ao caso\u00a0 cl\u00ednico (terapia aplicado ao caso concreto).<\/p>\n<p>Mais que um professor, um amigo que perdemos.<\/p>\n<p>Como n\u00e3o h\u00e1 mais mais Departamento de Cl\u00ednica M\u00e9dica na Famema&#8230;<\/p>\n<p>Minhas homenagens da disciplina de Educa\u00e7\u00e3o em Ci\u00eancias da Sa\u00fade.<\/p>\n<p>Obrigado professor Spencer pelos ensinamentos !<\/p>\n<p style=\"text-align: left;\"><a href=\"https:\/\/miltonmarchioli.com.br\/blog\/wp-content\/uploads\/marchioli-spencer.jpg\"><img loading=\"lazy\" decoding=\"async\" class=\"aligncenter wp-image-3553\" title=\"marchioli - spencer\" src=\"https:\/\/miltonmarchioli.com.br\/blog\/wp-content\/uploads\/marchioli-spencer.jpg\" alt=\"\" width=\"577\" height=\"428\" \/><\/a>&#8220;O que temer? Nada. A quem temer? Ningu\u00e9m.<br \/>\nPor qu\u00ea ? Porque aqueles que se unem a Deus obt\u00e9m tr\u00eas grandes privil\u00e9gios: onipot\u00eancia sem poder; embriaguez\u00a0 sem vinho e vida sem morte&#8221;.<\/p>\n<p style=\"text-align: center;\">S\u00e3o Francisco de Assis<\/p>\n<p>&nbsp;<\/p>\n","protected":false},"excerpt":{"rendered":"<p>Morreu na tarde de ontem &#8211; 30\/06\/2012 &#8211; aos 71 anos, v\u00edtima de complica\u00e7\u00e3o\u00a0 operat\u00f3ria, o docente de dermatologia da Famema\u00a0 Spencer\u00a0 de Dom\u00eanico Sornas. Spencer nasceu em Mar\u00edlia e foi professor da Famema por 40 anos, sendo titular da disciplina de Dermatologista da Famema. \u00d3timo professor, elegante no trato com os pares. Bem humorado. &hellip; <a href=\"https:\/\/miltonmarchioli.com.br\/blog\/docente-amigo-conselheiro-saudades-dos-seus-eternos-alunos-da-famema\/\" class=\"more-link\">Continue lendo <span class=\"screen-reader-text\">Docente, amigo, conselheiro. Saudades dos seus eternos alunos da Famema<\/span> <span class=\"meta-nav\">&rarr;<\/span><\/a><\/p>\n","protected":false},"author":2,"featured_media":0,"comment_status":"open","ping_status":"open","sticky":false,"template":"","format":"standard","meta":{"rop_custom_images_group":[],"rop_custom_messages_group":[],"rop_publish_now":"initial","rop_publish_now_accounts":[],"rop_publish_now_history":[],"rop_publish_now_status":"pending","footnotes":""},"categories":[332,13,9],"tags":[202,514],"class_list":["post-3552","post","type-post","status-publish","format-standard","hentry","category-educacao","category-opiniao","category-saude-publica","tag-famema","tag-milton-marchioli-spencer-domenico-sornas"],"_links":{"self":[{"href":"https:\/\/miltonmarchioli.com.br\/blog\/wp-json\/wp\/v2\/posts\/3552","targetHints":{"allow":["GET"]}}],"collection":[{"href":"https:\/\/miltonmarchioli.com.br\/blog\/wp-json\/wp\/v2\/posts"}],"about":[{"href":"https:\/\/miltonmarchioli.com.br\/blog\/wp-json\/wp\/v2\/types\/post"}],"author":[{"embeddable":true,"href":"https:\/\/miltonmarchioli.com.br\/blog\/wp-json\/wp\/v2\/users\/2"}],"replies":[{"embeddable":true,"href":"https:\/\/miltonmarchioli.com.br\/blog\/wp-json\/wp\/v2\/comments?post=3552"}],"version-history":[{"count":17,"href":"https:\/\/miltonmarchioli.com.br\/blog\/wp-json\/wp\/v2\/posts\/3552\/revisions"}],"predecessor-version":[{"id":13588,"href":"https:\/\/miltonmarchioli.com.br\/blog\/wp-json\/wp\/v2\/posts\/3552\/revisions\/13588"}],"wp:attachment":[{"href":"https:\/\/miltonmarchioli.com.br\/blog\/wp-json\/wp\/v2\/media?parent=3552"}],"wp:term":[{"taxonomy":"category","embeddable":true,"href":"https:\/\/miltonmarchioli.com.br\/blog\/wp-json\/wp\/v2\/categories?post=3552"},{"taxonomy":"post_tag","embeddable":true,"href":"https:\/\/miltonmarchioli.com.br\/blog\/wp-json\/wp\/v2\/tags?post=3552"}],"curies":[{"name":"wp","href":"https:\/\/api.w.org\/{rel}","templated":true}]}}