{"id":3738,"date":"2012-08-15T13:48:49","date_gmt":"2012-08-15T16:48:49","guid":{"rendered":"http:\/\/miltonmarchioli.com.br\/blog\/?p=3738"},"modified":"2022-01-10T23:27:01","modified_gmt":"2022-01-11T02:27:01","slug":"semana-juridica-univem-2012","status":"publish","type":"post","link":"https:\/\/miltonmarchioli.com.br\/blog\/semana-juridica-univem-2012\/","title":{"rendered":"Semana Jur\u00eddica Univem 2012"},"content":{"rendered":"<p><a href=\"https:\/\/miltonmarchioli.com.br\/blog\/wp-content\/uploads\/direito-3.jpg\"><img loading=\"lazy\" decoding=\"async\" class=\"alignleft wp-image-9555\" src=\"https:\/\/miltonmarchioli.com.br\/blog\/wp-content\/uploads\/direito-3-300x232.jpg\" alt=\"direito 3\" width=\"225\" height=\"174\" srcset=\"https:\/\/miltonmarchioli.com.br\/blog\/wp-content\/uploads\/direito-3-300x232.jpg 300w, https:\/\/miltonmarchioli.com.br\/blog\/wp-content\/uploads\/direito-3.jpg 417w\" sizes=\"auto, (max-width: 225px) 100vw, 225px\" \/><\/a>A Semana Jur\u00eddica 2012 acontecer\u00e1 no m\u00eas de outubro com programa\u00e7\u00e3o de tr\u00eas palestras.<\/p>\n<p>No ano passado a Semana Jur\u00eddica 2011\u00a0 ocorreu com cinco palestras, mas nesse ano somente h\u00e1 previsibilidade de somente tr\u00eas delas.<\/p>\n<p>O coordenador do Curso de Direito, Professor\u00a0 Doutor Edinilson\u00a0 Donisete Machado, afirmou que o Curso de Direito do Univem tem formado alunos de qualidade, e que muitos trabalham em muitos escrit\u00f3rios de renome nacional, pelos quatro quadrantes do pa\u00eds, ou j\u00e1 ingressaram em carreiras jur\u00eddicas.<\/p>\n<p>\u00c9 fato que o Univem tem formado profissionais com qualidade nos \u00faltimos 45 anos.<\/p>\n<p>Mas, a pergunta que gostar\u00edamos a fazer ao Coordenador do Curso de Direito do Univem \u00e9 por que o curso de Direito basicamente \u00e9 ministrado tendo como matriz curricular apenas o direito positivo?<\/p>\n<p>Somente leis na forma\u00e7\u00e3o do bacharel em direito.<\/p>\n<p>E no\u00e7\u00f5es de bio\u00e9tica, antropologia, economia, sociologia ?<\/p>\n<p>\u00c9 uma tend\u00eancia nacional se restringir somente ao entendimento das leis?<\/p>\n<p>O direito ingl\u00eas n\u00e3o \u00e9 assim, pois tem como pedra angular do seu exerc\u00edcio a constitui\u00e7\u00e3o inglesa e os usos e costumes<em>&#8211; Common Law.<\/em><\/p>\n<p>Por que n\u00e3o aprendemos o jusnaturalismo com mais profundidade, j\u00e1 que a sociedade atual como diz o coordenador de Direito \u00e9 t\u00e3o contenciosa ?<\/p>\n<p>Precisamos sempre de leis para dirimir conflitos?<\/p>\n<p>A antropologia diz que n\u00e3o&#8230;<\/p>\n<p>A sociologia de Max Weber diz que n\u00e3o&#8230;<\/p>\n<p>A concilia\u00e7\u00e3o, media\u00e7\u00e3o, sem o direito positivado em leis,\u00a0 n\u00e3o seria o caminho?<\/p>\n<p>Ou ainda, a import\u00e2ncia do neoconstitucionalismo em dirimir quest\u00f5es, n\u00e3o \u00e9\u00a0 de import\u00e2ncia superior \u00e0s leis ordin\u00e1rias e complementares?<\/p>\n<p>S\u00e3o ila\u00e7\u00f5es que fa\u00e7o imaginando outra matriz curricular, buscando formar alunos mais cr\u00edticos e reflexivos, e n\u00e3o apenas aplicadores de leis aos casos concretos que se descortinam em litig\u00e2ncias no Poder Judici\u00e1rio.<\/p>\n<p>Ao questionarmos a matriz curricular com disciplinas com maior \u00eanfase em antropologia, neoconstitucionalismo, \u00e9tica profissional, bio\u00e9tica, arbitragem (atividades pr\u00e1ticas), media\u00e7\u00e3o (atividades pr\u00e1ticas) n\u00e3o estar\u00edamos formado profissionais ainda mais qualificados ?<\/p>\n<p>Mas, n\u00e3o podemos ainda agregar novas disciplinas e conte\u00fados tem\u00e1ticos \u00e0 matriz curricular do curso de direito do Univem ?<\/p>\n<p>Buscar a excel\u00eancia na gradua\u00e7\u00e3o no curso de Direto,\u00a0 tenho a impress\u00e3o, sempre foi e ser\u00e1 a miss\u00e3o institucional do Univem.<\/p>\n<p>Institui\u00e7\u00e3o s\u00e9ria.<\/p>\n<p>Docentes comprometidos com o ensino.<\/p>\n<p>Mas, gostaria que o atual coordenador do curso de Direito convidasse palestrantes\u00a0 na Semama Jur\u00eddica 2012 com vis\u00e3o neopositivista, ou quem sabe,\u00a0 o jusnaturalismo t\u00e3o necess\u00e1rio em atividades de arbitragem e media\u00e7\u00e3o.<\/p>\n<p>Aguardemos a Semana Jur\u00eddica do Univem 2012 para nos deleitarmos em novos conte\u00fados tem\u00e1ticos\u00a0 que ser\u00e3o apresentados e debatidos com os alunos do Curso de\u00a0 Direito do Univem.<\/p>\n<p><a href=\"https:\/\/miltonmarchioli.com.br\/blog\/wp-content\/uploads\/direito-demais.jpg\"><img loading=\"lazy\" decoding=\"async\" class=\"size-full wp-image-9554\" src=\"https:\/\/miltonmarchioli.com.br\/blog\/wp-content\/uploads\/direito-demais.jpg\" alt=\"Law theme, mallet of judge, wooden gavel\" width=\"950\" height=\"316\" srcset=\"https:\/\/miltonmarchioli.com.br\/blog\/wp-content\/uploads\/direito-demais.jpg 950w, https:\/\/miltonmarchioli.com.br\/blog\/wp-content\/uploads\/direito-demais-300x100.jpg 300w\" sizes=\"auto, (max-width: 950px) 100vw, 950px\" \/><\/a><\/p>\n","protected":false},"excerpt":{"rendered":"<p>A Semana Jur\u00eddica 2012 acontecer\u00e1 no m\u00eas de outubro com programa\u00e7\u00e3o de tr\u00eas palestras. No ano passado a Semana Jur\u00eddica 2011\u00a0 ocorreu com cinco palestras, mas nesse ano somente h\u00e1 previsibilidade de somente tr\u00eas delas. O coordenador do Curso de Direito, Professor\u00a0 Doutor Edinilson\u00a0 Donisete Machado, afirmou que o Curso de Direito do Univem tem &hellip; <a href=\"https:\/\/miltonmarchioli.com.br\/blog\/semana-juridica-univem-2012\/\" class=\"more-link\">Continue lendo <span class=\"screen-reader-text\">Semana Jur\u00eddica Univem 2012<\/span> <span class=\"meta-nav\">&rarr;<\/span><\/a><\/p>\n","protected":false},"author":2,"featured_media":0,"comment_status":"open","ping_status":"open","sticky":false,"template":"","format":"standard","meta":{"rop_custom_images_group":[],"rop_custom_messages_group":[],"rop_publish_now":"initial","rop_publish_now_accounts":[],"rop_publish_now_history":[],"rop_publish_now_status":"pending","footnotes":""},"categories":[18,332,13],"tags":[239],"class_list":["post-3738","post","type-post","status-publish","format-standard","hentry","category-direito","category-educacao","category-opiniao","tag-univem-semana-juridica-2012"],"_links":{"self":[{"href":"https:\/\/miltonmarchioli.com.br\/blog\/wp-json\/wp\/v2\/posts\/3738","targetHints":{"allow":["GET"]}}],"collection":[{"href":"https:\/\/miltonmarchioli.com.br\/blog\/wp-json\/wp\/v2\/posts"}],"about":[{"href":"https:\/\/miltonmarchioli.com.br\/blog\/wp-json\/wp\/v2\/types\/post"}],"author":[{"embeddable":true,"href":"https:\/\/miltonmarchioli.com.br\/blog\/wp-json\/wp\/v2\/users\/2"}],"replies":[{"embeddable":true,"href":"https:\/\/miltonmarchioli.com.br\/blog\/wp-json\/wp\/v2\/comments?post=3738"}],"version-history":[{"count":13,"href":"https:\/\/miltonmarchioli.com.br\/blog\/wp-json\/wp\/v2\/posts\/3738\/revisions"}],"predecessor-version":[{"id":12068,"href":"https:\/\/miltonmarchioli.com.br\/blog\/wp-json\/wp\/v2\/posts\/3738\/revisions\/12068"}],"wp:attachment":[{"href":"https:\/\/miltonmarchioli.com.br\/blog\/wp-json\/wp\/v2\/media?parent=3738"}],"wp:term":[{"taxonomy":"category","embeddable":true,"href":"https:\/\/miltonmarchioli.com.br\/blog\/wp-json\/wp\/v2\/categories?post=3738"},{"taxonomy":"post_tag","embeddable":true,"href":"https:\/\/miltonmarchioli.com.br\/blog\/wp-json\/wp\/v2\/tags?post=3738"}],"curies":[{"name":"wp","href":"https:\/\/api.w.org\/{rel}","templated":true}]}}