{"id":3809,"date":"2012-08-27T23:48:23","date_gmt":"2012-08-28T02:48:23","guid":{"rendered":"http:\/\/miltonmarchioli.com.br\/blog\/?p=3809"},"modified":"2022-01-11T18:42:16","modified_gmt":"2022-01-11T21:42:16","slug":"homenagem-ao-professor-nelson-figueiredo-mendes","status":"publish","type":"post","link":"https:\/\/miltonmarchioli.com.br\/blog\/homenagem-ao-professor-nelson-figueiredo-mendes\/","title":{"rendered":"Homenagem ao professor Nelson Figueiredo Mendes. Justa Homenagem!"},"content":{"rendered":"<p><a href=\"https:\/\/miltonmarchioli.com.br\/blog\/wp-content\/uploads\/nelson-marchioli.jpg\"><img loading=\"lazy\" decoding=\"async\" class=\"alignleft wp-image-7305\" title=\"nelson - marchioli\" src=\"https:\/\/miltonmarchioli.com.br\/blog\/wp-content\/uploads\/nelson-marchioli.jpg\" alt=\"\" width=\"228\" height=\"171\" \/><\/a>A C\u00e2mara\u00a0Municipal\u00a0 de Mar\u00edlia concedeu leg\u00edtima homenagem, no dia 24 de agosto, ao m\u00e9dico Nelson Figueiredo Mendes,\u00a0o T\u00edtulo de Cidad\u00e3o Mariliense.<\/p>\n<p>Uma bel\u00edssima homenagem !<\/p>\n<p>Formado em medicina pela USP (Universidade de S\u00e3o Paulo) em 1966,\u00a0cursou p\u00f3s-gradua\u00e7\u00e3o na Universidade de Duke, nos Estados Unidos, e na d\u00e9cada de 1990 cursou Direito na FMU (Faculdades Metropolitanas Unidas de S\u00e3o Paulo), e em 2006 escreveu o livro Responsabilidade \u00c9tica, Civil e Penal do M\u00e9dico (editora Sarvier).<\/p>\n<p>Professor Mendes, al\u00e9m de ter orientado in\u00fameras disserta\u00e7\u00f5es de mestrado e de doutorado, tamb\u00e9m foi Diretor Administrativo do Hospital Universit\u00e1rio da Unimar no de 2001, e Diretor da Faculdade de Medicina da Unimar entre 2002 e 2003.<\/p>\n<p>Fui coordenador de cl\u00ednica m\u00e9dica, entre 2002 e 2003, ap\u00f3s ser votado pelos pares, que \u00e0 \u00e9poca, eram tamb\u00e9m professores na Unimar.<\/p>\n<p>Nada de cargo bi\u00f4nico !<\/p>\n<p>Quando o professor Nelson Mendes me indicou para o cargo, imediatamente, a meu pedido, convocamos uma reuni\u00e3o para vota\u00e7\u00e3o de todos os professores.<\/p>\n<p>Cargo bi\u00f4nico n\u00e3o aceito.<\/p>\n<p>N\u00e3o tem legitimidade.<\/p>\n<p>Nada de QI: &#8220;Quem Indica&#8221;.<\/p>\n<p>Ao sair vencedor, mantive-me no cargo at\u00e9 o final de 2003.<\/p>\n<p>\u00d3tima experi\u00eancia, e \u00e0 \u00e9poca, ao final de 2003, com intensiva revis\u00e3o de temas no segundo semestre preparamos\u00a0os alunos da Unimar para o exame do Prov\u00e3o\u00a0 (anterior ao Enade), e\u00a0o trabalho foi recompensado.<\/p>\n<p>Crit\u00e9rio C no Prov\u00e3o (Crit\u00e9rio m\u00e1ximo A &#8211; m\u00ednimo E).<\/p>\n<p>Para a faculdade iniciada em 1996 foi uma vit\u00f3ria\u00a0comemorada por todos os professores.<\/p>\n<p>Lembrando que a Unesp- Faculdade de Medicina de Botucatu no mesmo per\u00edodo obteve B.<\/p>\n<p>E naquele momento nem se falava em Med Curso e SJT.<\/p>\n<p>A faculdade\u00a0 de medicina da Unimar ofereceu os conte\u00fados m\u00ednimos para os alunos na matriz curricular.<\/p>\n<p>O professor Nelson Mendes merece toda a homenagem oferecida pela C\u00e2mara Municipal de Mar\u00edlia, pois sua presen\u00e7a em Mar\u00edlia, enriqueceu, por demais, a\u00a0sociedade mariliense.<\/p>\n<p>Pessoa com retid\u00e3o de car\u00e1ter, sincero, trabalhador,e gestor empreendedor.<\/p>\n<p>A Unimar tem em seu legado, a honra de ter\u00a0tido na\u00a0dire\u00e7\u00e3o da faculdade de medicina, nos anos de 2002 e 2003, o professor\u00a0Nelson Mendes.<\/p>\n<p>Sinceros votos pela homenagem!<\/p>\n<p>Obrigado por ter me\u00a0 despertado para o perfil de coordenador de uma disciplina t\u00e3o importante para a forma\u00e7\u00e3o m\u00e9dica.<\/p>\n<p>A\u00a0important\u00edssima\u00a0 Cl\u00ednica M\u00e9dica.<\/p>\n<p>Atualmente\u00a0 o professor Nelson Mendes \u00e9 membro de cinco sociedades cient\u00edficas, al\u00e9m de presidente vital\u00edcio da Associa\u00e7\u00e3o Brasileira de Alergia e Imunopatologia.<\/p>\n<p>\u00c9 advogado pertencente a OAB.<\/p>\n<p>Homenagem mais que merecida.<\/p>\n<p style=\"text-align: left;\"><a href=\"https:\/\/miltonmarchioli.com.br\/blog\/wp-content\/uploads\/nelson-figueredo-e-esposa-marchioli-alda.jpg\"><img loading=\"lazy\" decoding=\"async\" class=\"aligncenter wp-image-7306\" title=\"nelson figueredo e esposa- marchioli- alda\" src=\"https:\/\/miltonmarchioli.com.br\/blog\/wp-content\/uploads\/nelson-figueredo-e-esposa-marchioli-alda.jpg\" alt=\"\" width=\"344\" height=\"258\" \/><\/a>&#8220;Procure ser um homem de valor em vez de procurar ser um homem de sucesso&#8221;.<\/p>\n<p style=\"text-align: center;\">\u00a0Albert Einstein<\/p>\n","protected":false},"excerpt":{"rendered":"<p>A C\u00e2mara\u00a0Municipal\u00a0 de Mar\u00edlia concedeu leg\u00edtima homenagem, no dia 24 de agosto, ao m\u00e9dico Nelson Figueiredo Mendes,\u00a0o T\u00edtulo de Cidad\u00e3o Mariliense. Uma bel\u00edssima homenagem ! Formado em medicina pela USP (Universidade de S\u00e3o Paulo) em 1966,\u00a0cursou p\u00f3s-gradua\u00e7\u00e3o na Universidade de Duke, nos Estados Unidos, e na d\u00e9cada de 1990 cursou Direito na FMU (Faculdades Metropolitanas &hellip; <a href=\"https:\/\/miltonmarchioli.com.br\/blog\/homenagem-ao-professor-nelson-figueiredo-mendes\/\" class=\"more-link\">Continue lendo <span class=\"screen-reader-text\">Homenagem ao professor Nelson Figueiredo Mendes. Justa Homenagem!<\/span> <span class=\"meta-nav\">&rarr;<\/span><\/a><\/p>\n","protected":false},"author":2,"featured_media":0,"comment_status":"open","ping_status":"open","sticky":false,"template":"","format":"standard","meta":{"rop_custom_images_group":[],"rop_custom_messages_group":[],"rop_publish_now":"initial","rop_publish_now_accounts":[],"rop_publish_now_history":[],"rop_publish_now_status":"pending","footnotes":""},"categories":[332,13,366],"tags":[1034,245,244],"class_list":["post-3809","post","type-post","status-publish","format-standard","hentry","category-educacao","category-opiniao","category-politica","tag-camara-municipal-de-marilia","tag-cidadao-mariliense-nelson-figueiredo-mendes","tag-nelson-figueiredo-mendes-milton-marchioli"],"_links":{"self":[{"href":"https:\/\/miltonmarchioli.com.br\/blog\/wp-json\/wp\/v2\/posts\/3809","targetHints":{"allow":["GET"]}}],"collection":[{"href":"https:\/\/miltonmarchioli.com.br\/blog\/wp-json\/wp\/v2\/posts"}],"about":[{"href":"https:\/\/miltonmarchioli.com.br\/blog\/wp-json\/wp\/v2\/types\/post"}],"author":[{"embeddable":true,"href":"https:\/\/miltonmarchioli.com.br\/blog\/wp-json\/wp\/v2\/users\/2"}],"replies":[{"embeddable":true,"href":"https:\/\/miltonmarchioli.com.br\/blog\/wp-json\/wp\/v2\/comments?post=3809"}],"version-history":[{"count":17,"href":"https:\/\/miltonmarchioli.com.br\/blog\/wp-json\/wp\/v2\/posts\/3809\/revisions"}],"predecessor-version":[{"id":12086,"href":"https:\/\/miltonmarchioli.com.br\/blog\/wp-json\/wp\/v2\/posts\/3809\/revisions\/12086"}],"wp:attachment":[{"href":"https:\/\/miltonmarchioli.com.br\/blog\/wp-json\/wp\/v2\/media?parent=3809"}],"wp:term":[{"taxonomy":"category","embeddable":true,"href":"https:\/\/miltonmarchioli.com.br\/blog\/wp-json\/wp\/v2\/categories?post=3809"},{"taxonomy":"post_tag","embeddable":true,"href":"https:\/\/miltonmarchioli.com.br\/blog\/wp-json\/wp\/v2\/tags?post=3809"}],"curies":[{"name":"wp","href":"https:\/\/api.w.org\/{rel}","templated":true}]}}