{"id":382,"date":"2011-04-22T22:53:55","date_gmt":"2011-04-22T22:53:55","guid":{"rendered":"http:\/\/miltonmarchioli.com.br\/blog\/?p=382"},"modified":"2022-01-07T11:06:18","modified_gmt":"2022-01-07T14:06:18","slug":"fisiopatogenia-da-enxaqueca-hipotalamo-tronco-cerebral-e-talamo","status":"publish","type":"post","link":"https:\/\/miltonmarchioli.com.br\/blog\/fisiopatogenia-da-enxaqueca-hipotalamo-tronco-cerebral-e-talamo\/","title":{"rendered":"Fisiopatogenia da Enxaqueca &#8211; hipot\u00e1lamo, tronco cerebral e t\u00e1lamo"},"content":{"rendered":"<p><a href=\"https:\/\/miltonmarchioli.com.br\/blog\/wp-content\/uploads\/enxaqueca-homem-demais.jpg\"><img loading=\"lazy\" decoding=\"async\" class=\"alignleft wp-image-10120\" src=\"https:\/\/miltonmarchioli.com.br\/blog\/wp-content\/uploads\/enxaqueca-homem-demais-300x169.jpg\" alt=\"enxaqueca - homem - demais\" width=\"254\" height=\"143\" srcset=\"https:\/\/miltonmarchioli.com.br\/blog\/wp-content\/uploads\/enxaqueca-homem-demais-300x169.jpg 300w, https:\/\/miltonmarchioli.com.br\/blog\/wp-content\/uploads\/enxaqueca-homem-demais.jpg 598w\" sizes=\"auto, (max-width: 254px) 100vw, 254px\" \/><\/a>Artigo discorre sobre a possibilidade da depress\u00e3o ser uma situa\u00e7\u00e3o cl\u00ednica predisponente nas crises de enxaqueca, e aponta\u00a0 para outras vias nociceptivas, al\u00e9m do sistema trig\u00eamino-vascular na <a href=\"https:\/\/miltonmarchioli.com.br\/blog\/wp-content\/uploads\/Neural-substrate-of-depression-during-migraine.pdf\">fisiopatogenia da enxaqueca<\/a>.<\/p>\n<p>H\u00e1 uma poss\u00edvel via para o desencadeamento da dor nas crises de enxaqueca como rela\u00e7\u00e3o entre o hipot\u00e1lamo, tronco cerebral e t\u00e1lamo em um circuito reverberante, principalmente em pacientes acometidos por fatores desencadeantes que atuam no sistema l\u00edmbico, tais como ansiedade e depress\u00e3o.<\/p>\n<p>H\u00e1 uma nova compreens\u00e3o da fisiopatogenia da enxaqueca com envolvimento do sistema nervoso parassimp\u00e1tico, ao atuar no g\u00e2nglio esfenopalatino e vasos cerebrais provocando vasodilata\u00e7\u00e3o, independente da ativa\u00e7\u00e3o do \u00a0sistema trig\u00eamino-vascular, primeiro ortodr\u00f4mica e depois antidr\u00f4micamente.<\/p>\n<p>Fen\u00f4menos corticais determinam a ativa\u00e7\u00e3o trigeminal, com libera\u00e7\u00e3o de subst\u00e2ncias vasoativas das termina\u00e7\u00f5es perivasculares e extens\u00e3o da resposta inflamat\u00f3ria pelas fibras do pr\u00f3prio trig\u00eameo. Condu\u00e7\u00e3o trigeminal dos est\u00edmulos nociceptivos para centro cerebrais superiores, onde ocorre o reconhecimento da dor.<\/p>\n<p>Durante as crises de enxaqueca, ocorre uma dilata\u00e7\u00e3o dos vasos sangu\u00edneos intra e extracranianos.<\/p>\n<p>A fonte da dor deve ser o pr\u00f3prio vaso, por\u00e9m os mecanismos pelos quais ela \u00e9 produzida n\u00e3o est\u00e3o bem claros; presumivelmente, uma estimula\u00e7\u00e3o antidr\u00f4mica em fibras trigeminais que inervam os vasos intracranianos extracerebrais desencadearia nestes uma inflamat\u00f3ria est\u00e9ril (inflama\u00e7\u00e3o neurog\u00eanica), ocorrendo libera\u00e7\u00e3o de subst\u00e2ncias vasoativas- subst\u00e2ncia P(SP), pept\u00eddeo vasoativo intestinal (VIP), neuropept\u00eddeo Y (NY) e pept\u00eddeo relacionado com o gene da calcitonina (CGRP) que acarretaria aumento da permeabilidade vascular e extravasamento plasm\u00e1tico para a advent\u00edcia do vaso.<\/p>\n<p>O Ambulat\u00f3rio de Cefaleia recebe encaminhamentos de usu\u00e1rios do SUS pelo Departamento Regional de Sa\u00fade IX do Estado de S\u00e3o Paulo.<\/p>\n<p>Em defesa do SUS !<\/p>\n<p><a href=\"https:\/\/miltonmarchioli.com.br\/blog\/wp-content\/uploads\/fisiopatogenia-da-enxaqueca-22.jpg\"><img loading=\"lazy\" decoding=\"async\" class=\"aligncenter wp-image-6345\" title=\"fisiopatogenia da enxaqueca 2\" src=\"https:\/\/miltonmarchioli.com.br\/blog\/wp-content\/uploads\/fisiopatogenia-da-enxaqueca-22-1024x639.jpg\" alt=\"\" width=\"563\" height=\"350\" srcset=\"https:\/\/miltonmarchioli.com.br\/blog\/wp-content\/uploads\/fisiopatogenia-da-enxaqueca-22-1024x639.jpg 1024w, https:\/\/miltonmarchioli.com.br\/blog\/wp-content\/uploads\/fisiopatogenia-da-enxaqueca-22-300x187.jpg 300w, https:\/\/miltonmarchioli.com.br\/blog\/wp-content\/uploads\/fisiopatogenia-da-enxaqueca-22.jpg 1772w\" sizes=\"auto, (max-width: 563px) 100vw, 563px\" \/><\/a><\/p>\n","protected":false},"excerpt":{"rendered":"<p>Artigo discorre sobre a possibilidade da depress\u00e3o ser uma situa\u00e7\u00e3o cl\u00ednica predisponente nas crises de enxaqueca, e aponta\u00a0 para outras vias nociceptivas, al\u00e9m do sistema trig\u00eamino-vascular na fisiopatogenia da enxaqueca. H\u00e1 uma poss\u00edvel via para o desencadeamento da dor nas crises de enxaqueca como rela\u00e7\u00e3o entre o hipot\u00e1lamo, tronco cerebral e t\u00e1lamo em um circuito &hellip; <a href=\"https:\/\/miltonmarchioli.com.br\/blog\/fisiopatogenia-da-enxaqueca-hipotalamo-tronco-cerebral-e-talamo\/\" class=\"more-link\">Continue lendo <span class=\"screen-reader-text\">Fisiopatogenia da Enxaqueca &#8211; hipot\u00e1lamo, tronco cerebral e t\u00e1lamo<\/span> <span class=\"meta-nav\">&rarr;<\/span><\/a><\/p>\n","protected":false},"author":2,"featured_media":0,"comment_status":"open","ping_status":"open","sticky":false,"template":"","format":"standard","meta":{"rop_custom_images_group":[],"rop_custom_messages_group":[],"rop_publish_now":"initial","rop_publish_now_accounts":[],"rop_publish_now_history":[],"rop_publish_now_status":"pending","footnotes":""},"categories":[332,4,13,9],"tags":[657],"class_list":["post-382","post","type-post","status-publish","format-standard","hentry","category-educacao","category-neurologia","category-opiniao","category-saude-publica","tag-ambulatorio-de-cefaleia-ambulatorio-mario-covas-famema"],"_links":{"self":[{"href":"https:\/\/miltonmarchioli.com.br\/blog\/wp-json\/wp\/v2\/posts\/382","targetHints":{"allow":["GET"]}}],"collection":[{"href":"https:\/\/miltonmarchioli.com.br\/blog\/wp-json\/wp\/v2\/posts"}],"about":[{"href":"https:\/\/miltonmarchioli.com.br\/blog\/wp-json\/wp\/v2\/types\/post"}],"author":[{"embeddable":true,"href":"https:\/\/miltonmarchioli.com.br\/blog\/wp-json\/wp\/v2\/users\/2"}],"replies":[{"embeddable":true,"href":"https:\/\/miltonmarchioli.com.br\/blog\/wp-json\/wp\/v2\/comments?post=382"}],"version-history":[{"count":29,"href":"https:\/\/miltonmarchioli.com.br\/blog\/wp-json\/wp\/v2\/posts\/382\/revisions"}],"predecessor-version":[{"id":11834,"href":"https:\/\/miltonmarchioli.com.br\/blog\/wp-json\/wp\/v2\/posts\/382\/revisions\/11834"}],"wp:attachment":[{"href":"https:\/\/miltonmarchioli.com.br\/blog\/wp-json\/wp\/v2\/media?parent=382"}],"wp:term":[{"taxonomy":"category","embeddable":true,"href":"https:\/\/miltonmarchioli.com.br\/blog\/wp-json\/wp\/v2\/categories?post=382"},{"taxonomy":"post_tag","embeddable":true,"href":"https:\/\/miltonmarchioli.com.br\/blog\/wp-json\/wp\/v2\/tags?post=382"}],"curies":[{"name":"wp","href":"https:\/\/api.w.org\/{rel}","templated":true}]}}