{"id":3906,"date":"2012-09-12T09:14:11","date_gmt":"2012-09-12T12:14:11","guid":{"rendered":"http:\/\/miltonmarchioli.com.br\/blog\/?p=3906"},"modified":"2022-01-12T11:04:54","modified_gmt":"2022-01-12T14:04:54","slug":"cpi-da-fumes-investiga-convenio-entre-famar-e-fumes","status":"publish","type":"post","link":"https:\/\/miltonmarchioli.com.br\/blog\/cpi-da-fumes-investiga-convenio-entre-famar-e-fumes\/","title":{"rendered":"CPI da FUMES investiga conv\u00eanio entre Famar e Fumes"},"content":{"rendered":"<p><a href=\"https:\/\/miltonmarchioli.com.br\/blog\/wp-content\/uploads\/cpi1.jpg\"><img loading=\"lazy\" decoding=\"async\" class=\"alignleft wp-image-10663\" src=\"https:\/\/miltonmarchioli.com.br\/blog\/wp-content\/uploads\/cpi1-300x161.jpg\" alt=\"cpi\" width=\"278\" height=\"149\" srcset=\"https:\/\/miltonmarchioli.com.br\/blog\/wp-content\/uploads\/cpi1-300x161.jpg 300w, https:\/\/miltonmarchioli.com.br\/blog\/wp-content\/uploads\/cpi1.jpg 600w\" sizes=\"auto, (max-width: 278px) 100vw, 278px\" \/><\/a>A\u00a0CPI da Fumes foi instaurada em junho de 2010, e atualmente presidida pelo vereador Eduardo Gimenes, e ainda\u00a0 \u00e9 composta pelos vereadores L\u00e1zaro da Cruz J\u00fanior da Farm\u00e1cia e Wilson Alves Damasceno.<\/p>\n<p>Ainda em 2010, a Fumes entrou com Mandado de Seguran\u00e7a pedindo a suspens\u00e3o das investiga\u00e7\u00f5es.<\/p>\n<p>Em 2011 as liminares concedidas de um dos Mandados de Seguran\u00e7a foi cassada.<\/p>\n<p>A CPI recome\u00e7ou em 2011.<\/p>\n<p>O objetivo da CPI da Fumes \u00e9 apurar poss\u00edveis irregularidades na aplica\u00e7\u00e3o de recursos destinados ao Complexo Famema, que administra o Hospital das Cl\u00ednicas, Hospital Materno Infantil, Unidade S\u00e3o Francisco, Hemocentro e Ambulat\u00f3rio M\u00e1rio Covas<\/p>\n<p>No relat\u00f3rio parcial entregue ao prefeito Ticiano Toffoli neste m\u00eas consta que a administra\u00e7\u00e3o municipal n\u00e3o concedeu aval para o conv\u00eanio firmado entre a Fumes e a Famar em 2008.<\/p>\n<p>H\u00e1 aus\u00eancia de contrato entre Fumes e Famar, j\u00e1 que foi feito somente um conv\u00eanio de coopera\u00e7\u00e3o entre ambas.<\/p>\n<p>A CPI ainda aponta que a Famar foi criada para substituir a Fumes, j\u00e1 a que primeira possu\u00eda a Certid\u00e3o Negativa de D\u00e9bito, enquanto a \u00faltima Certid\u00e3o Positiva de D\u00e9bito.<\/p>\n<p>Entre outros itens o relat\u00f3rio que \u00e9 composto por depoimentos e laudo cont\u00e1bil do perito Dorival Venciguera, pede a suspens\u00e3o do conv\u00eanio entre a Fumes (Funda\u00e7\u00e3o Municipal de Ensino Superior de Mar\u00edlia) e a Famar (Funda\u00e7\u00e3o de Apoio \u00e0 Faculdade de Medicina de Mar\u00edlia).<\/p>\n<p>Outro pedido que consta no relat\u00f3rio \u00e9 a interven\u00e7\u00e3o municipal na Fumes pelo prefeito municipal para administra\u00e7\u00e3o da Fumes.<\/p>\n<p>Al\u00e9m disso, o relat\u00f3rio tamb\u00e9m solicita que verba repassada \u00e0 Fumes seja gerenciada pela prefeitura.<\/p>\n<p>Somente do SUS a entidade recebeu R$ 92 milh\u00f5es neste ano de 2012.<\/p>\n<p>Na semana passada, o vereador Gimenes esteve no Tribunal de Contas do Estado de S\u00e3o Paulo para confer\u00eancia de alguns documentos relacionados as irregularidades de contratos sem licita\u00e7\u00e3o, tomada de pre\u00e7os e horas extras. \u201cA visita serviu para constatarmos v\u00e1rias irregularidades j\u00e1 diagnosticadas durante os trabalhos da CPI, como a quest\u00e3o de falta de licita\u00e7\u00e3o para contrata\u00e7\u00e3o de outras empresas. Este material tamb\u00e9m ser\u00e1 anexado ao relat\u00f3rio\u201d, disse.<\/p>\n<p>O conte\u00fado completo dos relat\u00f3rios, mas segundo se \u00a0apurou\u00a0j\u00e1 foram identificadas v\u00e1rias irregularidades, como viagens suspeitas ao custo de R$ 146,7 mil no m\u00eas de dezembro de 2009, al\u00e9m de diversos exames terceirizados n\u00e3o especificados na contabilidade da Fumes.<\/p>\n<p>Os exames terceirizados eram com a Inrad (Instituto de Radiologia),\u00a0 e com o IOM (Instituto de Olhos de Mar\u00edlia).<\/p>\n<p>A terceiriza\u00e7\u00e3o na Sa\u00fade p\u00fablica\u00a0como\u00a0atividade-fim \u00e9 inconceb\u00edvel.<\/p>\n<p>Atualmente, a Famar realiza pagamento de funcion\u00e1rios e todas\u00a0 as despesas da Fumes.<\/p>\n<p>As duas funda\u00e7\u00f5es est\u00e3o ligadas a autarquia Famema.<\/p>\n<p>O dinheiro do Estado \u00e9 repassado para Famar, a qual repassa \u00e0 Fumes, que seria, em tese, respons\u00e1vel pela administra\u00e7\u00e3o do recurso a ser utilizado pelos hospitais.<\/p>\n<p>\u201cN\u00e3o foi realizada licita\u00e7\u00e3o, mas apenas um termo de coopera\u00e7\u00e3o em que as cl\u00e1usulas do contrato levaram a permiss\u00e3o de uso ilegal do patrim\u00f4nio p\u00fablico. Com o fim desta parceria pretendemos restabelecer a ordem jur\u00eddica, cancelar o contrato de forma retroativa para que os respons\u00e1veis sejam punidos\u201d,\u00a0afirmou Eduardo\u00a0Gimenes\u00a0.<\/p>\n<p>O Frankenstein Jur\u00eddico (Famema-Fumes-Famar)\u00a0parece estar chegando ao fim, e os respons\u00e1veis, civilmente e criminalmente, ser\u00e3o investigados pelo Minist\u00e9rio P\u00fablico.<\/p>\n<p>\u00c9 o que se espera do Minist\u00e9rio Publico.<\/p>\n<p>A sociedade de\u00a0Mar\u00edlia precisa de uma resposta do Poder Judici\u00e1rio.<\/p>\n<p style=\"text-align: left;\"><a href=\"https:\/\/miltonmarchioli.com.br\/blog\/wp-content\/uploads\/eduardo-akuri-e-os-3-vereadores-frente1.jpg\"><img loading=\"lazy\" decoding=\"async\" class=\"aligncenter wp-image-4005\" title=\"eduardo akuri e os 3 vereadores - frente\" src=\"https:\/\/miltonmarchioli.com.br\/blog\/wp-content\/uploads\/eduardo-akuri-e-os-3-vereadores-frente1.jpg\" alt=\"\" width=\"618\" height=\"451\" \/><\/a>&#8220;De tanto ver triunfar as nulidades; de tanto ver prosperar a desonra, de tanto ver crescer a injusti\u00e7a. De tanto ver agigantarem-se os poderes nas m\u00e3os dos maus, o homem chega a desanimar-se da virtude, a rir-se da honra e a ter vergonha de ser honesto&#8221;.<\/p>\n<p style=\"text-align: center;\">Rui Barbosa<\/p>\n","protected":false},"excerpt":{"rendered":"<p>A\u00a0CPI da Fumes foi instaurada em junho de 2010, e atualmente presidida pelo vereador Eduardo Gimenes, e ainda\u00a0 \u00e9 composta pelos vereadores L\u00e1zaro da Cruz J\u00fanior da Farm\u00e1cia e Wilson Alves Damasceno. Ainda em 2010, a Fumes entrou com Mandado de Seguran\u00e7a pedindo a suspens\u00e3o das investiga\u00e7\u00f5es. Em 2011 as liminares concedidas de um dos &hellip; <a href=\"https:\/\/miltonmarchioli.com.br\/blog\/cpi-da-fumes-investiga-convenio-entre-famar-e-fumes\/\" class=\"more-link\">Continue lendo <span class=\"screen-reader-text\">CPI da FUMES investiga conv\u00eanio entre Famar e Fumes<\/span> <span class=\"meta-nav\">&rarr;<\/span><\/a><\/p>\n","protected":false},"author":2,"featured_media":0,"comment_status":"open","ping_status":"open","sticky":false,"template":"","format":"standard","meta":{"rop_custom_images_group":[],"rop_custom_messages_group":[],"rop_publish_now":"initial","rop_publish_now_accounts":[],"rop_publish_now_history":[],"rop_publish_now_status":"pending","footnotes":""},"categories":[18,8,13,366,9],"tags":[214,1247,1248],"class_list":["post-3906","post","type-post","status-publish","format-standard","hentry","category-direito","category-direito-e-saude","category-opiniao","category-politica","category-saude-publica","tag-cpi-da-fumes","tag-instituto-de-olhos-de-marilia-iom","tag-instituto-de-radiologia-inrad"],"_links":{"self":[{"href":"https:\/\/miltonmarchioli.com.br\/blog\/wp-json\/wp\/v2\/posts\/3906","targetHints":{"allow":["GET"]}}],"collection":[{"href":"https:\/\/miltonmarchioli.com.br\/blog\/wp-json\/wp\/v2\/posts"}],"about":[{"href":"https:\/\/miltonmarchioli.com.br\/blog\/wp-json\/wp\/v2\/types\/post"}],"author":[{"embeddable":true,"href":"https:\/\/miltonmarchioli.com.br\/blog\/wp-json\/wp\/v2\/users\/2"}],"replies":[{"embeddable":true,"href":"https:\/\/miltonmarchioli.com.br\/blog\/wp-json\/wp\/v2\/comments?post=3906"}],"version-history":[{"count":24,"href":"https:\/\/miltonmarchioli.com.br\/blog\/wp-json\/wp\/v2\/posts\/3906\/revisions"}],"predecessor-version":[{"id":13621,"href":"https:\/\/miltonmarchioli.com.br\/blog\/wp-json\/wp\/v2\/posts\/3906\/revisions\/13621"}],"wp:attachment":[{"href":"https:\/\/miltonmarchioli.com.br\/blog\/wp-json\/wp\/v2\/media?parent=3906"}],"wp:term":[{"taxonomy":"category","embeddable":true,"href":"https:\/\/miltonmarchioli.com.br\/blog\/wp-json\/wp\/v2\/categories?post=3906"},{"taxonomy":"post_tag","embeddable":true,"href":"https:\/\/miltonmarchioli.com.br\/blog\/wp-json\/wp\/v2\/tags?post=3906"}],"curies":[{"name":"wp","href":"https:\/\/api.w.org\/{rel}","templated":true}]}}