{"id":4172,"date":"2012-09-26T18:16:17","date_gmt":"2012-09-26T21:16:17","guid":{"rendered":"http:\/\/miltonmarchioli.com.br\/blog\/?p=4172"},"modified":"2022-01-12T14:33:26","modified_gmt":"2022-01-12T17:33:26","slug":"cefaleias-primarias-e-secundarias-seminario-curso-de-medicina-da-famema-2","status":"publish","type":"post","link":"https:\/\/miltonmarchioli.com.br\/blog\/cefaleias-primarias-e-secundarias-seminario-curso-de-medicina-da-famema-2\/","title":{"rendered":"Cefaleias Prim\u00e1rias e Secund\u00e1rias. Semin\u00e1rio. Curso de Medicina da Famema"},"content":{"rendered":"<p><a href=\"https:\/\/miltonmarchioli.com.br\/blog\/wp-content\/uploads\/casal-com-dor.jpg\"><img loading=\"lazy\" decoding=\"async\" class=\"alignleft wp-image-10686\" src=\"https:\/\/miltonmarchioli.com.br\/blog\/wp-content\/uploads\/casal-com-dor-300x203.jpg\" alt=\"casal com dor\" width=\"282\" height=\"191\" srcset=\"https:\/\/miltonmarchioli.com.br\/blog\/wp-content\/uploads\/casal-com-dor-300x203.jpg 300w, https:\/\/miltonmarchioli.com.br\/blog\/wp-content\/uploads\/casal-com-dor.jpg 320w\" sizes=\"auto, (max-width: 282px) 100vw, 282px\" \/><\/a><a href=\"https:\/\/miltonmarchioli.com.br\/blog\/wp-content\/uploads\/cefal\u00e9ias-Ewerton-Teixeira.pdf\">Semin\u00e1rio apresentado pelo acad\u00eamico de medicina Ewerton Teixeira &#8211; 4\u00ba ano do curso de medicina da Famema- sobre Cefaleias Prim\u00e1rias e Secund\u00e1rias- Ambulat\u00f3rio de Cefaleia- Ambulat\u00f3rio M\u00e1rio Covas- disciplinas Neurologia e Educa\u00e7\u00e3o em Ci\u00eancias da Sa\u00fade.<\/a><\/p>\n<p>Uma das queixas mais comuns em ambulat\u00f3rios de Neurologia e de hospitais privados ou p\u00fablicos.<\/p>\n<p>O tratamento da crise aguda e a profilaxia avan\u00e7ou nos \u00faltimos 20 anos, desde a primeira Classifica\u00e7\u00e3o Internacional de Cefaleia em 1988.<\/p>\n<p>A fisiopatogenia de todos os tipos de cefaleias prim\u00e1rias e secund\u00e1rias\u00a0 passou a ser melhor compreendida pelos pesquisadores da cefaleia em todo o mundo.<\/p>\n<p>Em tese, todas as cefaleias prim\u00e1rias deveriam ser tratadas por todos os cl\u00ednicos gerais, e n\u00e3o somente pelos neurologistas, mas o que se observa\u00a0 no dia a dia do Ambulat\u00f3rio de Cefaleia -M\u00e1rio Covas-Famema \u00e9 que todas as cefaleias prim\u00e1rias s\u00e3o encaminhadas pela rede de aten\u00e7\u00e3o b\u00e1sica.<\/p>\n<p>O Ambulat\u00f3rio de Cefaleia tende todos os usu\u00e1rios encaminhados por m\u00e9dicos que pertencem ao Departamento Regional de Sa\u00fade IX do Estado de S\u00e3o Paulo.<\/p>\n<p><img loading=\"lazy\" decoding=\"async\" class=\"aligncenter size-full wp-image-11765\" src=\"https:\/\/miltonmarchioli.com.br\/blog\/wp-content\/uploads\/mulher-com-dor-de-cabe\u00e7a-quadro.jpg\" alt=\"mulher com dor de cabe\u00e7a- quadro\" width=\"579\" height=\"692\" srcset=\"https:\/\/miltonmarchioli.com.br\/blog\/wp-content\/uploads\/mulher-com-dor-de-cabe\u00e7a-quadro.jpg 579w, https:\/\/miltonmarchioli.com.br\/blog\/wp-content\/uploads\/mulher-com-dor-de-cabe\u00e7a-quadro-251x300.jpg 251w\" sizes=\"auto, (max-width: 579px) 100vw, 579px\" \/><\/p>\n","protected":false},"excerpt":{"rendered":"<p>Semin\u00e1rio apresentado pelo acad\u00eamico de medicina Ewerton Teixeira &#8211; 4\u00ba ano do curso de medicina da Famema- sobre Cefaleias Prim\u00e1rias e Secund\u00e1rias- Ambulat\u00f3rio de Cefaleia- Ambulat\u00f3rio M\u00e1rio Covas- disciplinas Neurologia e Educa\u00e7\u00e3o em Ci\u00eancias da Sa\u00fade. Uma das queixas mais comuns em ambulat\u00f3rios de Neurologia e de hospitais privados ou p\u00fablicos. O tratamento da crise &hellip; <a href=\"https:\/\/miltonmarchioli.com.br\/blog\/cefaleias-primarias-e-secundarias-seminario-curso-de-medicina-da-famema-2\/\" class=\"more-link\">Continue lendo <span class=\"screen-reader-text\">Cefaleias Prim\u00e1rias e Secund\u00e1rias. Semin\u00e1rio. Curso de Medicina da Famema<\/span> <span class=\"meta-nav\">&rarr;<\/span><\/a><\/p>\n","protected":false},"author":2,"featured_media":0,"comment_status":"open","ping_status":"open","sticky":false,"template":"","format":"standard","meta":{"rop_custom_images_group":[],"rop_custom_messages_group":[],"rop_publish_now":"initial","rop_publish_now_accounts":[],"rop_publish_now_history":[],"rop_publish_now_status":"pending","footnotes":""},"categories":[4,13,9],"tags":[304],"class_list":["post-4172","post","type-post","status-publish","format-standard","hentry","category-neurologia","category-opiniao","category-saude-publica","tag-ambulatorio-de-cefaleia-famema-milton-marchioli"],"_links":{"self":[{"href":"https:\/\/miltonmarchioli.com.br\/blog\/wp-json\/wp\/v2\/posts\/4172","targetHints":{"allow":["GET"]}}],"collection":[{"href":"https:\/\/miltonmarchioli.com.br\/blog\/wp-json\/wp\/v2\/posts"}],"about":[{"href":"https:\/\/miltonmarchioli.com.br\/blog\/wp-json\/wp\/v2\/types\/post"}],"author":[{"embeddable":true,"href":"https:\/\/miltonmarchioli.com.br\/blog\/wp-json\/wp\/v2\/users\/2"}],"replies":[{"embeddable":true,"href":"https:\/\/miltonmarchioli.com.br\/blog\/wp-json\/wp\/v2\/comments?post=4172"}],"version-history":[{"count":15,"href":"https:\/\/miltonmarchioli.com.br\/blog\/wp-json\/wp\/v2\/posts\/4172\/revisions"}],"predecessor-version":[{"id":13626,"href":"https:\/\/miltonmarchioli.com.br\/blog\/wp-json\/wp\/v2\/posts\/4172\/revisions\/13626"}],"wp:attachment":[{"href":"https:\/\/miltonmarchioli.com.br\/blog\/wp-json\/wp\/v2\/media?parent=4172"}],"wp:term":[{"taxonomy":"category","embeddable":true,"href":"https:\/\/miltonmarchioli.com.br\/blog\/wp-json\/wp\/v2\/categories?post=4172"},{"taxonomy":"post_tag","embeddable":true,"href":"https:\/\/miltonmarchioli.com.br\/blog\/wp-json\/wp\/v2\/tags?post=4172"}],"curies":[{"name":"wp","href":"https:\/\/api.w.org\/{rel}","templated":true}]}}