{"id":4182,"date":"2012-10-03T00:21:33","date_gmt":"2012-10-03T03:21:33","guid":{"rendered":"http:\/\/miltonmarchioli.com.br\/blog\/?p=4182"},"modified":"2022-01-13T11:24:07","modified_gmt":"2022-01-13T14:24:07","slug":"acidente-vascular-cerebral-seminario-curso-de-medicina-da-famema-2","status":"publish","type":"post","link":"https:\/\/miltonmarchioli.com.br\/blog\/acidente-vascular-cerebral-seminario-curso-de-medicina-da-famema-2\/","title":{"rendered":"Acidente Vascular Cerebral. Semin\u00e1rio. Curso de Medicina da Famema"},"content":{"rendered":"<p><a href=\"https:\/\/miltonmarchioli.com.br\/blog\/wp-content\/uploads\/dia-mundial-do-avc.jpg\"><img loading=\"lazy\" decoding=\"async\" class=\"alignleft wp-image-10693\" src=\"https:\/\/miltonmarchioli.com.br\/blog\/wp-content\/uploads\/dia-mundial-do-avc-300x255.jpg\" alt=\"dia mundial do avc\" width=\"242\" height=\"206\" srcset=\"https:\/\/miltonmarchioli.com.br\/blog\/wp-content\/uploads\/dia-mundial-do-avc-300x255.jpg 300w, https:\/\/miltonmarchioli.com.br\/blog\/wp-content\/uploads\/dia-mundial-do-avc.jpg 504w\" sizes=\"auto, (max-width: 242px) 100vw, 242px\" \/><\/a><a href=\"https:\/\/miltonmarchioli.com.br\/blog\/wp-content\/uploads\/AVC-Jos\u00e9-Carlos-Ign\u00e1cio-J\u00fanior.ppt\">Semin\u00e1rio apresentado\u00a0 pelo acad\u00eamico de medicina da 4\u00aa s\u00e9rie do curso de medicina da Famema &#8211; Jos\u00e9 Carlos Ign\u00e1cio J\u00fanior &#8211; no Ambulat\u00f3rio\u00a0 Neurovascular- Ambulat\u00f3rio M\u00e1rio Covas &#8211; disciplinas Neurologia e Educa\u00e7\u00e3o em Ci\u00eancias da Sa\u00fade abordando o tema AVC.<\/a><\/p>\n<p>Infelizmente ainda \u00e9 a segunda causa de incapacidade laborativa permanente perante o INSS, e grande utiliza\u00e7\u00e3o de recursos pelo SUS no tratamento cr\u00f4nico e agudo.<\/p>\n<p>O diagn\u00f3stico precoce com trombol\u00edticos dentro de 4,5 horas do in\u00edcio dos sintomas pode minimizar ou desaparecer as sequelas que normalmente sucedem o AVC.<\/p>\n<p>H\u00e1 necessidade premente de se criar a Unidade de AVC no Hospital das Cl\u00ednicas de Mar\u00edlia para a aplica\u00e7\u00e3o do trombol\u00edtico, o qual j\u00e1 \u00e9 oferecido pelo Minist\u00e9rio da Sa\u00fade.<\/p>\n<p>Os residentes de Neurologia j\u00e1 se capacitaram em v\u00e1rios cursos para o funcionamento da Unidade de AVC.<\/p>\n<p>A cidade de Mar\u00edlia necessita de uma Unidade AVC.<\/p>\n<p>Por que o Hospital das Cl\u00ednicas ainda n\u00e3o tem sua Unidade AVC ?<\/p>\n<p><a href=\"https:\/\/miltonmarchioli.com.br\/blog\/wp-content\/uploads\/stroke-unit.jpg\"><img loading=\"lazy\" decoding=\"async\" class=\"aligncenter size-full wp-image-10692\" src=\"https:\/\/miltonmarchioli.com.br\/blog\/wp-content\/uploads\/stroke-unit.jpg\" alt=\"stroke unit\" width=\"434\" height=\"450\" srcset=\"https:\/\/miltonmarchioli.com.br\/blog\/wp-content\/uploads\/stroke-unit.jpg 434w, https:\/\/miltonmarchioli.com.br\/blog\/wp-content\/uploads\/stroke-unit-289x300.jpg 289w\" sizes=\"auto, (max-width: 434px) 100vw, 434px\" \/><\/a><\/p>\n","protected":false},"excerpt":{"rendered":"<p>Semin\u00e1rio apresentado\u00a0 pelo acad\u00eamico de medicina da 4\u00aa s\u00e9rie do curso de medicina da Famema &#8211; Jos\u00e9 Carlos Ign\u00e1cio J\u00fanior &#8211; no Ambulat\u00f3rio\u00a0 Neurovascular- Ambulat\u00f3rio M\u00e1rio Covas &#8211; disciplinas Neurologia e Educa\u00e7\u00e3o em Ci\u00eancias da Sa\u00fade abordando o tema AVC. Infelizmente ainda \u00e9 a segunda causa de incapacidade laborativa permanente perante o INSS, e grande &hellip; <a href=\"https:\/\/miltonmarchioli.com.br\/blog\/acidente-vascular-cerebral-seminario-curso-de-medicina-da-famema-2\/\" class=\"more-link\">Continue lendo <span class=\"screen-reader-text\">Acidente Vascular Cerebral. Semin\u00e1rio. Curso de Medicina da Famema<\/span> <span class=\"meta-nav\">&rarr;<\/span><\/a><\/p>\n","protected":false},"author":2,"featured_media":0,"comment_status":"open","ping_status":"open","sticky":false,"template":"","format":"standard","meta":{"rop_custom_images_group":[],"rop_custom_messages_group":[],"rop_publish_now":"initial","rop_publish_now_accounts":[],"rop_publish_now_history":[],"rop_publish_now_status":"pending","footnotes":""},"categories":[4,13,9],"tags":[776,713,754],"class_list":["post-4182","post","type-post","status-publish","format-standard","hentry","category-neurologia","category-opiniao","category-saude-publica","tag-ambulatorio-de-neurovascular-famema-milton-marchioli","tag-hospital-das-clinicas-de-marilia","tag-unidade-de-avc"],"_links":{"self":[{"href":"https:\/\/miltonmarchioli.com.br\/blog\/wp-json\/wp\/v2\/posts\/4182","targetHints":{"allow":["GET"]}}],"collection":[{"href":"https:\/\/miltonmarchioli.com.br\/blog\/wp-json\/wp\/v2\/posts"}],"about":[{"href":"https:\/\/miltonmarchioli.com.br\/blog\/wp-json\/wp\/v2\/types\/post"}],"author":[{"embeddable":true,"href":"https:\/\/miltonmarchioli.com.br\/blog\/wp-json\/wp\/v2\/users\/2"}],"replies":[{"embeddable":true,"href":"https:\/\/miltonmarchioli.com.br\/blog\/wp-json\/wp\/v2\/comments?post=4182"}],"version-history":[{"count":9,"href":"https:\/\/miltonmarchioli.com.br\/blog\/wp-json\/wp\/v2\/posts\/4182\/revisions"}],"predecessor-version":[{"id":13627,"href":"https:\/\/miltonmarchioli.com.br\/blog\/wp-json\/wp\/v2\/posts\/4182\/revisions\/13627"}],"wp:attachment":[{"href":"https:\/\/miltonmarchioli.com.br\/blog\/wp-json\/wp\/v2\/media?parent=4182"}],"wp:term":[{"taxonomy":"category","embeddable":true,"href":"https:\/\/miltonmarchioli.com.br\/blog\/wp-json\/wp\/v2\/categories?post=4182"},{"taxonomy":"post_tag","embeddable":true,"href":"https:\/\/miltonmarchioli.com.br\/blog\/wp-json\/wp\/v2\/tags?post=4182"}],"curies":[{"name":"wp","href":"https:\/\/api.w.org\/{rel}","templated":true}]}}