{"id":4189,"date":"2012-10-03T09:25:42","date_gmt":"2012-10-03T12:25:42","guid":{"rendered":"http:\/\/miltonmarchioli.com.br\/blog\/?p=4189"},"modified":"2022-01-13T11:25:20","modified_gmt":"2022-01-13T14:25:20","slug":"cefaleias-primarias-seminario-curso-de-medicina-da-famema-9","status":"publish","type":"post","link":"https:\/\/miltonmarchioli.com.br\/blog\/cefaleias-primarias-seminario-curso-de-medicina-da-famema-9\/","title":{"rendered":"Cefaleias Prim\u00e1rias. Semin\u00e1rio. Curso de Medicina da Famema"},"content":{"rendered":"<p><a href=\"https:\/\/miltonmarchioli.com.br\/blog\/wp-content\/uploads\/cefaleia-homem-de-terno.jpg\"><img loading=\"lazy\" decoding=\"async\" class=\"alignleft wp-image-4190\" title=\"cefaleia - homem de terno\" src=\"https:\/\/miltonmarchioli.com.br\/blog\/wp-content\/uploads\/cefaleia-homem-de-terno.jpg\" alt=\"\" width=\"244\" height=\"244\" srcset=\"https:\/\/miltonmarchioli.com.br\/blog\/wp-content\/uploads\/cefaleia-homem-de-terno.jpg 300w, https:\/\/miltonmarchioli.com.br\/blog\/wp-content\/uploads\/cefaleia-homem-de-terno-150x150.jpg 150w\" sizes=\"auto, (max-width: 244px) 100vw, 244px\" \/><\/a><a href=\"https:\/\/miltonmarchioli.com.br\/blog\/wp-content\/uploads\/Cefal\u00e9ias-Jo\u00e3o-Victor-Rossi-Galastri.ppt\">Semin\u00e1rio apresentado pelo aluno Jo\u00e3o Victor Rosssi Galastri do 4\u00ba ano do curso de medicina da Famema no Ambulat\u00f3rio Neurovascular-\u00a0 disciplinas Neurologia e Educa\u00e7\u00e3o em Ci\u00eancias da Sa\u00fade.<\/a><\/p>\n<p>Cefaleias s\u00e3o muito frequentes nos ambulat\u00f3rios\u00a0 de Neurologia, e nos \u00faltimos anos h\u00e1 in\u00fameras pesquisas\u00a0 apontando grandes avan\u00e7os na fisiopatogenia da Enxaqueca, Tensional e Cefaleia em Salvas.<\/p>\n<p><span style=\"text-decoration: underline;\">U<\/span>m estudo epidemiol\u00f3gico nacional realizado com quase quatro mil pessoas revelou que, entre os brasileiros, 15,2% t\u00eam enxaqueca,\u00a0 13% sofrem de cefaleia tensional e 6,9% de cefaleia cr\u00f4nica di\u00e1ria.<\/p>\n<p>De acordo com o estudo da Sociedade Brasileira de Cefaleia, a dor de cabe\u00e7a \u00e9 a raz\u00e3o mais frequente das queixas aos m\u00e9dicos em qualquer parte do mundo, e pode ser classificada em mais de 150 subtipos.<\/p>\n<p>O\u00a0 mais importante, \u00e9 descartar causas secund\u00e1rias para a dor, como infec\u00e7\u00f5es, tumores, ou aneurismas.<\/p>\n<p>Dentre os sintomas a serem descartados inicialmente est\u00e3o as sinusites; problemas dent\u00e1rios; dist\u00farbio na Articula\u00e7\u00e3o T\u00eamporo-Mandibular (ATM); dist\u00farbios de vis\u00e3o,\u00a0 hipertens\u00e3o e alergias alimentares.<\/p>\n<p>O Ambulat\u00f3rio Neurovascular recebe encaminhamentos de\u00a0 usu\u00e1rios do SUS de 62 munic\u00edpios do DRS IX\u00a0 Estado de S\u00e3o Paulo.<\/p>\n<p><a href=\"https:\/\/miltonmarchioli.com.br\/blog\/wp-content\/uploads\/cefaleia-imagens-de-uma-pessoa-com-vasos-cranianos.jpg\"><img loading=\"lazy\" decoding=\"async\" class=\"aligncenter size-full wp-image-4191\" title=\"cefaleia - imagens de uma pessoa com vasos cranianos\" src=\"https:\/\/miltonmarchioli.com.br\/blog\/wp-content\/uploads\/cefaleia-imagens-de-uma-pessoa-com-vasos-cranianos.jpg\" alt=\"\" width=\"616\" height=\"421\" srcset=\"https:\/\/miltonmarchioli.com.br\/blog\/wp-content\/uploads\/cefaleia-imagens-de-uma-pessoa-com-vasos-cranianos.jpg 616w, https:\/\/miltonmarchioli.com.br\/blog\/wp-content\/uploads\/cefaleia-imagens-de-uma-pessoa-com-vasos-cranianos-300x205.jpg 300w\" sizes=\"auto, (max-width: 616px) 100vw, 616px\" \/><\/a><\/p>\n","protected":false},"excerpt":{"rendered":"<p>Semin\u00e1rio apresentado pelo aluno Jo\u00e3o Victor Rosssi Galastri do 4\u00ba ano do curso de medicina da Famema no Ambulat\u00f3rio Neurovascular-\u00a0 disciplinas Neurologia e Educa\u00e7\u00e3o em Ci\u00eancias da Sa\u00fade. Cefaleias s\u00e3o muito frequentes nos ambulat\u00f3rios\u00a0 de Neurologia, e nos \u00faltimos anos h\u00e1 in\u00fameras pesquisas\u00a0 apontando grandes avan\u00e7os na fisiopatogenia da Enxaqueca, Tensional e Cefaleia em Salvas. &hellip; <a href=\"https:\/\/miltonmarchioli.com.br\/blog\/cefaleias-primarias-seminario-curso-de-medicina-da-famema-9\/\" class=\"more-link\">Continue lendo <span class=\"screen-reader-text\">Cefaleias Prim\u00e1rias. Semin\u00e1rio. Curso de Medicina da Famema<\/span> <span class=\"meta-nav\">&rarr;<\/span><\/a><\/p>\n","protected":false},"author":2,"featured_media":0,"comment_status":"open","ping_status":"open","sticky":false,"template":"","format":"standard","meta":{"rop_custom_images_group":[],"rop_custom_messages_group":[],"rop_publish_now":"initial","rop_publish_now_accounts":[],"rop_publish_now_history":[],"rop_publish_now_status":"pending","footnotes":""},"categories":[4,13,9],"tags":[776],"class_list":["post-4189","post","type-post","status-publish","format-standard","hentry","category-neurologia","category-opiniao","category-saude-publica","tag-ambulatorio-de-neurovascular-famema-milton-marchioli"],"_links":{"self":[{"href":"https:\/\/miltonmarchioli.com.br\/blog\/wp-json\/wp\/v2\/posts\/4189","targetHints":{"allow":["GET"]}}],"collection":[{"href":"https:\/\/miltonmarchioli.com.br\/blog\/wp-json\/wp\/v2\/posts"}],"about":[{"href":"https:\/\/miltonmarchioli.com.br\/blog\/wp-json\/wp\/v2\/types\/post"}],"author":[{"embeddable":true,"href":"https:\/\/miltonmarchioli.com.br\/blog\/wp-json\/wp\/v2\/users\/2"}],"replies":[{"embeddable":true,"href":"https:\/\/miltonmarchioli.com.br\/blog\/wp-json\/wp\/v2\/comments?post=4189"}],"version-history":[{"count":11,"href":"https:\/\/miltonmarchioli.com.br\/blog\/wp-json\/wp\/v2\/posts\/4189\/revisions"}],"predecessor-version":[{"id":13628,"href":"https:\/\/miltonmarchioli.com.br\/blog\/wp-json\/wp\/v2\/posts\/4189\/revisions\/13628"}],"wp:attachment":[{"href":"https:\/\/miltonmarchioli.com.br\/blog\/wp-json\/wp\/v2\/media?parent=4189"}],"wp:term":[{"taxonomy":"category","embeddable":true,"href":"https:\/\/miltonmarchioli.com.br\/blog\/wp-json\/wp\/v2\/categories?post=4189"},{"taxonomy":"post_tag","embeddable":true,"href":"https:\/\/miltonmarchioli.com.br\/blog\/wp-json\/wp\/v2\/tags?post=4189"}],"curies":[{"name":"wp","href":"https:\/\/api.w.org\/{rel}","templated":true}]}}