{"id":4203,"date":"2012-10-23T17:58:47","date_gmt":"2012-10-23T19:58:47","guid":{"rendered":"http:\/\/miltonmarchioli.com.br\/blog\/?p=4203"},"modified":"2022-01-14T11:12:53","modified_gmt":"2022-01-14T14:12:53","slug":"ser-um-medico-no-brasil-um-sacerdocio-permanente","status":"publish","type":"post","link":"https:\/\/miltonmarchioli.com.br\/blog\/ser-um-medico-no-brasil-um-sacerdocio-permanente\/","title":{"rendered":"Ser um m\u00e9dico no Brasil. Um sacerd\u00f3cio permanente!"},"content":{"rendered":"<p><a href=\"https:\/\/miltonmarchioli.com.br\/blog\/wp-content\/uploads\/dia-do-medico-3.jpg\"><img loading=\"lazy\" decoding=\"async\" class=\"alignleft wp-image-10701\" src=\"https:\/\/miltonmarchioli.com.br\/blog\/wp-content\/uploads\/dia-do-medico-3-300x251.jpg\" alt=\"dia do medico 3\" width=\"265\" height=\"222\" srcset=\"https:\/\/miltonmarchioli.com.br\/blog\/wp-content\/uploads\/dia-do-medico-3-300x251.jpg 300w, https:\/\/miltonmarchioli.com.br\/blog\/wp-content\/uploads\/dia-do-medico-3.jpg 536w\" sizes=\"auto, (max-width: 265px) 100vw, 265px\" \/><\/a>Os m\u00e9dicos t\u00eam raz\u00f5es, sim, para celebrar o seu dia (18 de outubro).<\/p>\n<p>Nos \u00faltimos anos, a categoria mostrou for\u00e7a com grandes mobiliza\u00e7\u00f5es em todo o pa\u00eds.<\/p>\n<p>Unidos, buscam melhorias nas condi\u00e7\u00f5es de trabalho, financiamento adequado para o setor e quali\ufb01ca\u00e7\u00e3o da assist\u00eancia.<\/p>\n<p>S\u00e3o reconhecidos pela forma inovadora como se dedicam \u00e0 an\u00e1lise de temas complexos, dando par\u00e2metros importantes para todos.<\/p>\n<p>As pesquisas dos \u00faltimos anos revelam a credibilidade da categoria.<\/p>\n<p>A maioria dos brasileiros avalia o atendimento do \u00faltimo m\u00e9dico visitado como excelente ou muito bom (57%). Na rede p\u00fablica de assist\u00eancia, 50% dos pacientes consideraram o atendimento excelente ou muito bom.<\/p>\n<p>No grupo dos que consultam m\u00e9dicos credenciados a planos de sa\u00fade, 70% sustentam essa avalia\u00e7\u00e3o.<\/p>\n<p>Quando o atendimento \u00e9 particular, o \u00edndice sobe para 73%.<\/p>\n<p>Estes s\u00e3o os n\u00fameros indicados no relat\u00f3rio final de pesquisa realizada no Brasil pelo Ibope Intelig\u00eancia entre agosto e setembro de 2011, em parceria com a Worldwide Independent Network Research (WIN).<\/p>\n<p>Sobre a confian\u00e7a, o m\u00e9dico est\u00e1 na terceira profiss\u00e3o com mais credibilidade no mundo (84%), atr\u00e1s apenas dos bombeiros e carteiros \u2013 dados coletados de pesquisa realizada pelo instituto alem\u00e3o GFK em 19 pa\u00edses. No Brasil, os m\u00e9dicos apontaram uma m\u00e9dia ainda melhor: 87% dos brasileiros dizem confiar no seu m\u00e9dico.<\/p>\n<p>A cria\u00e7\u00e3o e o estabelecimento do SUS foi o \u00e1pice de uma luta para a conquista, pelo povo brasileiro, de um sistema que encerra os princ\u00edpios da universalidade, equidade e integralidade.<\/p>\n<p>Ainda s\u00e3o muitos, por\u00e9m, os problemas e os desafios do setor. Mas os m\u00e9dicos brasileiros seguem tendo papel importante na busca de solu\u00e7\u00f5es para tais quest\u00f5es.<\/p>\n<p>Entre os maiores entraves, est\u00e3o a desigual distribui\u00e7\u00e3o de profissionais pelo territ\u00f3rio brasileiro e entre os setores privado e p\u00fablico, al\u00e9m do subfinanciamento do SUS e sua falta de infraestrutura.<\/p>\n<p>\u201cAmar ao pr\u00f3ximo como a si mesmo.\u201d<\/p>\n<p>Nenhum profissional desempenha com tanto rigor este mandamento como os m\u00e9dicos, a quem confiamos nossas vidas nos momentos mais dif\u00edceis.<\/p>\n<p>Por isso, assim como o magistrado, o exerc\u00edcio da medicina deve ser exercido por profissionais capacitados, pois se trata de uma das profiss\u00f5es mais nobres e requisitadas por nossa popula\u00e7\u00e3o.<\/p>\n<p>A medicina \u00e9 uma profiss\u00e3o invej\u00e1vel.<\/p>\n<p>Como poderia um m\u00e9dico deixar de comemorar o seu dia, por conta de quaisquer dificuldades.<\/p>\n<p>A quest\u00e3o talvez seja de enfoque.<\/p>\n<p>Dificuldades certamente existem, mas s\u00e3o inerentes a todas as profiss\u00f5es.<\/p>\n<p>As vari\u00e1veis positivas certamente que s\u00e3o em n\u00famero muito maior do que aquelas que poder\u00edamos chamar de negativas.<\/p>\n<p>N\u00e3o fiquei rico com a medicina, nem ficarei mais aos 48 anos, at\u00e9 porque fiz a op\u00e7\u00e3o de ser docente, um servidor p\u00fablico&#8230;<\/p>\n<p>Filho de Emilia Sanches Marchioli e Silvio Marchioli\u00a0 (in memorian), nasci em Mar\u00edlia, e posso dizer que ser m\u00e9dico j\u00e1 valeu a minha exist\u00eancia nessa vida.<\/p>\n<p>Meus pais nem tiveram ensino fundamental.<\/p>\n<p>Contudo, aprendi que antes de ser m\u00e9dico se deve ter car\u00e1ter !<\/p>\n<p>Ser profissional com dedica\u00e7\u00e3o \u00e0 profiss\u00e3o, e ter \u00e9tica crist\u00e3 no dia a dia.<\/p>\n<p>Segredos que passo aos colegas de profiss\u00e3o, e de doc\u00eancia em universidades.<\/p>\n<p>Ensinar e cuidar !<\/p>\n<p>Parab\u00e9ns a todos os m\u00e9dicos pelo seu dia !<\/p>\n<p>O Dia do M\u00e9dico !<\/p>\n<p><a href=\"https:\/\/miltonmarchioli.com.br\/blog\/wp-content\/uploads\/dia-do-medico-2.png\"><img loading=\"lazy\" decoding=\"async\" class=\"alignleft size-full wp-image-10700\" src=\"https:\/\/miltonmarchioli.com.br\/blog\/wp-content\/uploads\/dia-do-medico-2.png\" alt=\"dia do medico 2\" width=\"467\" height=\"358\" srcset=\"https:\/\/miltonmarchioli.com.br\/blog\/wp-content\/uploads\/dia-do-medico-2.png 467w, https:\/\/miltonmarchioli.com.br\/blog\/wp-content\/uploads\/dia-do-medico-2-300x230.png 300w\" sizes=\"auto, (max-width: 467px) 100vw, 467px\" \/><\/a><\/p>\n<p style=\"text-align: center;\">&#8220;O m\u00e9dico que s\u00f3 sabe de medicina, nem de medicina sabe&#8221;.<\/p>\n<p style=\"text-align: center;\">Abel Salazar<\/p>\n","protected":false},"excerpt":{"rendered":"<p>Os m\u00e9dicos t\u00eam raz\u00f5es, sim, para celebrar o seu dia (18 de outubro). Nos \u00faltimos anos, a categoria mostrou for\u00e7a com grandes mobiliza\u00e7\u00f5es em todo o pa\u00eds. Unidos, buscam melhorias nas condi\u00e7\u00f5es de trabalho, financiamento adequado para o setor e quali\ufb01ca\u00e7\u00e3o da assist\u00eancia. S\u00e3o reconhecidos pela forma inovadora como se dedicam \u00e0 an\u00e1lise de temas &hellip; <a href=\"https:\/\/miltonmarchioli.com.br\/blog\/ser-um-medico-no-brasil-um-sacerdocio-permanente\/\" class=\"more-link\">Continue lendo <span class=\"screen-reader-text\">Ser um m\u00e9dico no Brasil. Um sacerd\u00f3cio permanente!<\/span> <span class=\"meta-nav\">&rarr;<\/span><\/a><\/p>\n","protected":false},"author":2,"featured_media":0,"comment_status":"open","ping_status":"open","sticky":false,"template":"","format":"standard","meta":{"rop_custom_images_group":[],"rop_custom_messages_group":[],"rop_publish_now":"initial","rop_publish_now_accounts":[],"rop_publish_now_history":[],"rop_publish_now_status":"pending","footnotes":""},"categories":[13,9,430],"tags":[1252],"class_list":["post-4203","post","type-post","status-publish","format-standard","hentry","category-opiniao","category-saude-publica","category-saude-suplementar","tag-medicina-um-sacerdocio-permanente"],"_links":{"self":[{"href":"https:\/\/miltonmarchioli.com.br\/blog\/wp-json\/wp\/v2\/posts\/4203","targetHints":{"allow":["GET"]}}],"collection":[{"href":"https:\/\/miltonmarchioli.com.br\/blog\/wp-json\/wp\/v2\/posts"}],"about":[{"href":"https:\/\/miltonmarchioli.com.br\/blog\/wp-json\/wp\/v2\/types\/post"}],"author":[{"embeddable":true,"href":"https:\/\/miltonmarchioli.com.br\/blog\/wp-json\/wp\/v2\/users\/2"}],"replies":[{"embeddable":true,"href":"https:\/\/miltonmarchioli.com.br\/blog\/wp-json\/wp\/v2\/comments?post=4203"}],"version-history":[{"count":9,"href":"https:\/\/miltonmarchioli.com.br\/blog\/wp-json\/wp\/v2\/posts\/4203\/revisions"}],"predecessor-version":[{"id":13641,"href":"https:\/\/miltonmarchioli.com.br\/blog\/wp-json\/wp\/v2\/posts\/4203\/revisions\/13641"}],"wp:attachment":[{"href":"https:\/\/miltonmarchioli.com.br\/blog\/wp-json\/wp\/v2\/media?parent=4203"}],"wp:term":[{"taxonomy":"category","embeddable":true,"href":"https:\/\/miltonmarchioli.com.br\/blog\/wp-json\/wp\/v2\/categories?post=4203"},{"taxonomy":"post_tag","embeddable":true,"href":"https:\/\/miltonmarchioli.com.br\/blog\/wp-json\/wp\/v2\/tags?post=4203"}],"curies":[{"name":"wp","href":"https:\/\/api.w.org\/{rel}","templated":true}]}}