{"id":4212,"date":"2012-10-25T10:21:29","date_gmt":"2012-10-25T12:21:29","guid":{"rendered":"http:\/\/miltonmarchioli.com.br\/blog\/?p=4212"},"modified":"2022-01-15T18:09:34","modified_gmt":"2022-01-15T21:09:34","slug":"semana-xxix-juridica-univem-palestra-sobre-o-retrocesso-da-politica-nacional-do-meio-ambiente","status":"publish","type":"post","link":"https:\/\/miltonmarchioli.com.br\/blog\/semana-xxix-juridica-univem-palestra-sobre-o-retrocesso-da-politica-nacional-do-meio-ambiente\/","title":{"rendered":"Semana XXIX Jur\u00eddica Univem. Palestra sobre o  Retrocesso da Pol\u00edtica Nacional do Meio Ambiente"},"content":{"rendered":"<p align=\"justify\"><a href=\"https:\/\/miltonmarchioli.com.br\/blog\/wp-content\/uploads\/PROFESSORA-NORMA-24-10-2012-300x2251.jpg\"><img loading=\"lazy\" decoding=\"async\" class=\"alignleft wp-image-9589\" src=\"https:\/\/miltonmarchioli.com.br\/blog\/wp-content\/uploads\/PROFESSORA-NORMA-24-10-2012-300x2251-300x225.jpg\" alt=\"PROFESSORA-NORMA-24-10-2012-300x225\" width=\"240\" height=\"180\" \/><\/a>O Univem\u00a0iniciou ontem a XXIX Semana Jur\u00eddica.<\/p>\n<p>A palestra do primeiro dia foi ministrada pela \u00a0professora da Universidade Federal do Mato Grosso do Sul e do Programa de Doutorado e Mestrado da Universidade Cat\u00f3lica de Santos, Norma Sueli Padilha.<\/p>\n<p>O tema abordado foi\u00a0\u201cRetrocesso da Pol\u00edtica Nacional do Meio Ambiente\u201d.<\/p>\n<p>Segundo a professora Norma, o C\u00f3digo Florestal aprovado recentemente pelo Congresso Nacional \u00e9 na verdade um &#8220;C\u00f3digo Agr\u00edcola&#8221;, pois aprovado como foi,\u00a0 n\u00e3o punir\u00e1 ningu\u00e9m que tenha feito desmatamento ilegal at\u00e9 2008, e ainda assim, a preserva\u00e7\u00e3o da mata ciliar a beira dos rios de 15 metros no m\u00ednimo, \u00e9 menor que o projeto original de 30 metros.<\/p>\n<p>Aduz ainda a palestrante que o tratamento de esgoto, energias alternativas sem impacto no meio ambiente, e educa\u00e7\u00e3o sobre Pol\u00edtica do Meio Ambiente devem discutidos com a sociedade em todos os n\u00edveis: ensino fundamental, m\u00e9dio e superior.<\/p>\n<p>Norma Padilha, advogada , Doutora e Mestre em Direito Ambiental, pela PUC de S\u00e3o Paulo, \u00a0e P\u00f3s Doutoranda em \u00c9tica Ambiental pela Unicamp, recebeu o pr\u00eamio\u00a0 Jabuti na categoria livro jur\u00eddico por sua obra &#8211; Fundamentos\u00a0 Constitucionais do Direito Ambiental Brasileiro.<\/p>\n<p>Por fim,\u00a0 encerrou a palestra afirmando que a gera\u00e7\u00e3o jovem de hoje \u00e9 a esperan\u00e7a da conscientiza\u00e7\u00e3o\u00a0 sobre a import\u00e2ncia de preserva\u00e7\u00e3o do meio ambiente<\/p>\n<p>Semana Jur\u00eddica Univem 2012 imperd\u00edvel !<\/p>\n<p style=\"text-align: left;\"><a href=\"https:\/\/miltonmarchioli.com.br\/blog\/wp-content\/uploads\/marchioli-e-Norma-24-10-2012-em-close2.jpg\"><img loading=\"lazy\" decoding=\"async\" class=\"aligncenter wp-image-4227\" title=\"marchioli e Norma 24 10 2012- em close\" src=\"https:\/\/miltonmarchioli.com.br\/blog\/wp-content\/uploads\/marchioli-e-Norma-24-10-2012-em-close2-300x225.jpg\" alt=\"\" width=\"402\" height=\"302\" srcset=\"https:\/\/miltonmarchioli.com.br\/blog\/wp-content\/uploads\/marchioli-e-Norma-24-10-2012-em-close2-300x225.jpg 300w, https:\/\/miltonmarchioli.com.br\/blog\/wp-content\/uploads\/marchioli-e-Norma-24-10-2012-em-close2-1024x768.jpg 1024w\" sizes=\"auto, (max-width: 402px) 100vw, 402px\" \/><\/a>&#8220;O primeiro passo em dire\u00e7\u00e3o ao sucesso \u00e9 dado quando voc\u00ea se recusa a ser prisioneiro do ambiente no qual voc\u00ea inicialmente se encontra&#8221;.<\/p>\n<p style=\"text-align: center;\">Mark Caine<\/p>\n","protected":false},"excerpt":{"rendered":"<p>O Univem\u00a0iniciou ontem a XXIX Semana Jur\u00eddica. A palestra do primeiro dia foi ministrada pela \u00a0professora da Universidade Federal do Mato Grosso do Sul e do Programa de Doutorado e Mestrado da Universidade Cat\u00f3lica de Santos, Norma Sueli Padilha. O tema abordado foi\u00a0\u201cRetrocesso da Pol\u00edtica Nacional do Meio Ambiente\u201d. Segundo a professora Norma, o C\u00f3digo &hellip; <a href=\"https:\/\/miltonmarchioli.com.br\/blog\/semana-xxix-juridica-univem-palestra-sobre-o-retrocesso-da-politica-nacional-do-meio-ambiente\/\" class=\"more-link\">Continue lendo <span class=\"screen-reader-text\">Semana XXIX Jur\u00eddica Univem. Palestra sobre o  Retrocesso da Pol\u00edtica Nacional do Meio Ambiente<\/span> <span class=\"meta-nav\">&rarr;<\/span><\/a><\/p>\n","protected":false},"author":2,"featured_media":0,"comment_status":"open","ping_status":"open","sticky":false,"template":"","format":"standard","meta":{"rop_custom_images_group":[],"rop_custom_messages_group":[],"rop_publish_now":"initial","rop_publish_now_accounts":[],"rop_publish_now_history":[],"rop_publish_now_status":"pending","footnotes":""},"categories":[18,332,13],"tags":[266,265],"class_list":["post-4212","post","type-post","status-publish","format-standard","hentry","category-direito","category-educacao","category-opiniao","tag-milton-marchioli-e-norma-padilha","tag-semana-juridica-univem-xxix-2012"],"_links":{"self":[{"href":"https:\/\/miltonmarchioli.com.br\/blog\/wp-json\/wp\/v2\/posts\/4212","targetHints":{"allow":["GET"]}}],"collection":[{"href":"https:\/\/miltonmarchioli.com.br\/blog\/wp-json\/wp\/v2\/posts"}],"about":[{"href":"https:\/\/miltonmarchioli.com.br\/blog\/wp-json\/wp\/v2\/types\/post"}],"author":[{"embeddable":true,"href":"https:\/\/miltonmarchioli.com.br\/blog\/wp-json\/wp\/v2\/users\/2"}],"replies":[{"embeddable":true,"href":"https:\/\/miltonmarchioli.com.br\/blog\/wp-json\/wp\/v2\/comments?post=4212"}],"version-history":[{"count":23,"href":"https:\/\/miltonmarchioli.com.br\/blog\/wp-json\/wp\/v2\/posts\/4212\/revisions"}],"predecessor-version":[{"id":13642,"href":"https:\/\/miltonmarchioli.com.br\/blog\/wp-json\/wp\/v2\/posts\/4212\/revisions\/13642"}],"wp:attachment":[{"href":"https:\/\/miltonmarchioli.com.br\/blog\/wp-json\/wp\/v2\/media?parent=4212"}],"wp:term":[{"taxonomy":"category","embeddable":true,"href":"https:\/\/miltonmarchioli.com.br\/blog\/wp-json\/wp\/v2\/categories?post=4212"},{"taxonomy":"post_tag","embeddable":true,"href":"https:\/\/miltonmarchioli.com.br\/blog\/wp-json\/wp\/v2\/tags?post=4212"}],"curies":[{"name":"wp","href":"https:\/\/api.w.org\/{rel}","templated":true}]}}