{"id":4236,"date":"2012-10-26T00:39:59","date_gmt":"2012-10-26T02:39:59","guid":{"rendered":"http:\/\/miltonmarchioli.com.br\/blog\/?p=4236"},"modified":"2022-01-15T18:10:41","modified_gmt":"2022-01-15T21:10:41","slug":"ssemana-xxix-juridica-univem-estatuto-da-crianca-e-do-adolescente-responsabilidade-da-sociedade-e-do-estado","status":"publish","type":"post","link":"https:\/\/miltonmarchioli.com.br\/blog\/ssemana-xxix-juridica-univem-estatuto-da-crianca-e-do-adolescente-responsabilidade-da-sociedade-e-do-estado\/","title":{"rendered":"Semana XXIX Jur\u00eddica Univem. Estatuto da Crian\u00e7a e do Adolescente: Responsabilidade da sociedade e do Estado"},"content":{"rendered":"<p><a href=\"https:\/\/miltonmarchioli.com.br\/blog\/wp-content\/uploads\/EVANDRO-PERALIN-25-10-2012.jpg\"><img loading=\"lazy\" decoding=\"async\" class=\"alignleft wp-image-4237\" title=\"EVANDRO PERALIN 25 10 2012\" src=\"https:\/\/miltonmarchioli.com.br\/blog\/wp-content\/uploads\/EVANDRO-PERALIN-25-10-2012-300x225.jpg\" alt=\"\" width=\"231\" height=\"173\" srcset=\"https:\/\/miltonmarchioli.com.br\/blog\/wp-content\/uploads\/EVANDRO-PERALIN-25-10-2012-300x225.jpg 300w, https:\/\/miltonmarchioli.com.br\/blog\/wp-content\/uploads\/EVANDRO-PERALIN-25-10-2012-1024x768.jpg 1024w\" sizes=\"auto, (max-width: 231px) 100vw, 231px\" \/><\/a>No dia 25 desse m\u00eas ocorreu a palestra sobre o Estatuto da Crian\u00e7a e do Adolescente\u00a0 (ECA) proferida pelo Juiz de Direito de Fernand\u00f3polis, e tamb\u00e9m\u00a0 professor da Universidade Estadual de Mato Grosso do Sul Evandro Pelarin.<\/p>\n<p>Primeiramente o professor Evandro abordou juridicamente o ECA, e destacou que o poder familiar deve ser exercido pelos pais, e que a omiss\u00e3o em n\u00e3o exerc\u00ea-lo pode se caracterizar\u00a0 como forma de descumprimento do mesmo.<\/p>\n<p>Outrossim, o palestrante narrou v\u00e1rias situa\u00e7\u00f5es f\u00e1ticas\u00a0 que ocorrem em sua cidade no tocante ao comportamento de pais que abandonam seus filhos com a torpe desculpa que os filhos podem estar desacompanhados de suas presen\u00e7as, em casa ou em locais p\u00fablicos\u00a0 distantes , tais como Lojas de Conveni\u00eancia em postos de\u00a0 combust\u00edvel, bares e restaurantes, Shopping Center, etc.<\/p>\n<p>O que ficou claro na palestra, \u00e9\u00a0 que todos podem participar na aplica\u00e7\u00e3o do ECA, e que todos os atores sociais,\u00a0 al\u00e9m do Poder Judici\u00e1rio se tornam determinantes e part\u00edcipes na efetividade\u00a0 das normas positivas impostas aos pais e aos infratores\u00a0 do mesmo.<\/p>\n<p>Perguntado sobre a maioridade penal, o conferencista \u00e9 a favor de redu\u00e7\u00e3o da mesma para 16 anos, mas somente para crimes hediondos.<a href=\"https:\/\/miltonmarchioli.com.br\/blog\/wp-content\/uploads\/MARCHIOLI-E-EVANDRO-PERALIN-25-10-20121.jpg\"><img loading=\"lazy\" decoding=\"async\" class=\"alignright size-medium wp-image-4244\" title=\"MARCHIOLI E EVANDRO PERALIN 25 10 2012\" src=\"https:\/\/miltonmarchioli.com.br\/blog\/wp-content\/uploads\/MARCHIOLI-E-EVANDRO-PERALIN-25-10-20121-300x189.jpg\" alt=\"\" width=\"300\" height=\"189\" srcset=\"https:\/\/miltonmarchioli.com.br\/blog\/wp-content\/uploads\/MARCHIOLI-E-EVANDRO-PERALIN-25-10-20121-300x189.jpg 300w, https:\/\/miltonmarchioli.com.br\/blog\/wp-content\/uploads\/MARCHIOLI-E-EVANDRO-PERALIN-25-10-20121-1024x647.jpg 1024w\" sizes=\"auto, (max-width: 300px) 100vw, 300px\" \/><\/a><\/p>\n<p>O professor Evandro aventa a hip\u00f3tese de no Estado de S\u00e3o Paulo as interna\u00e7\u00f5es\u00a0 que ocorrem na\u00a0 Funda\u00e7\u00e3o Casa serem maiores que 3 anos\u00a0 como forma de possibilitar a ressocializa\u00e7\u00e3o do infrator\u00a0 em medida s\u00f3cio-educativa (Lei 8069 \/90 ECA).<\/p>\n<p>Defendeu a ideia da redu\u00e7\u00e3o da maioridade penal, por\u00e9m enfatizou que enquanto tal proposta feita pela sociedade n\u00e3o for aprovada pelo Congresso Nacional, a sociedade\u00a0 \u00e9 respons\u00e1vel pelo cumprimento do ECA, al\u00e9m do Poder Judici\u00e1rio que representa o Estado, al\u00e9m de todo cidad\u00e3o brasileiro que deve fiscalizar o cumprimento das normas positivadas no mesmo.<\/p>\n<p>Semana Jur\u00eddica Univem XXIX de 2012.<\/p>\n<p>Imperd\u00edvel !<\/p>\n<p>Sucesso absoluto !<\/p>\n<p style=\"text-align: center;\"><a href=\"https:\/\/miltonmarchioli.com.br\/blog\/wp-content\/uploads\/MARCHIOLI-EVANDRO-PERALIN-PROFESSORA-RAQUEL.jpg\"><img loading=\"lazy\" decoding=\"async\" class=\"aligncenter wp-image-4245\" title=\"MARCHIOLI- EVANDRO PERALIN- PROFESSORA RAQUEL\" src=\"https:\/\/miltonmarchioli.com.br\/blog\/wp-content\/uploads\/MARCHIOLI-EVANDRO-PERALIN-PROFESSORA-RAQUEL-300x187.jpg\" alt=\"\" width=\"408\" height=\"254\" srcset=\"https:\/\/miltonmarchioli.com.br\/blog\/wp-content\/uploads\/MARCHIOLI-EVANDRO-PERALIN-PROFESSORA-RAQUEL-300x187.jpg 300w, https:\/\/miltonmarchioli.com.br\/blog\/wp-content\/uploads\/MARCHIOLI-EVANDRO-PERALIN-PROFESSORA-RAQUEL-1024x639.jpg 1024w\" sizes=\"auto, (max-width: 408px) 100vw, 408px\" \/><\/a>&#8221; Um homem de virtude somente nascer\u00e1 de pais virtuosos.&#8221; Arist\u00f3teles<\/p>\n","protected":false},"excerpt":{"rendered":"<p>No dia 25 desse m\u00eas ocorreu a palestra sobre o Estatuto da Crian\u00e7a e do Adolescente\u00a0 (ECA) proferida pelo Juiz de Direito de Fernand\u00f3polis, e tamb\u00e9m\u00a0 professor da Universidade Estadual de Mato Grosso do Sul Evandro Pelarin. Primeiramente o professor Evandro abordou juridicamente o ECA, e destacou que o poder familiar deve ser exercido pelos &hellip; <a href=\"https:\/\/miltonmarchioli.com.br\/blog\/ssemana-xxix-juridica-univem-estatuto-da-crianca-e-do-adolescente-responsabilidade-da-sociedade-e-do-estado\/\" class=\"more-link\">Continue lendo <span class=\"screen-reader-text\">Semana XXIX Jur\u00eddica Univem. Estatuto da Crian\u00e7a e do Adolescente: Responsabilidade da sociedade e do Estado<\/span> <span class=\"meta-nav\">&rarr;<\/span><\/a><\/p>\n","protected":false},"author":2,"featured_media":0,"comment_status":"open","ping_status":"open","sticky":false,"template":"","format":"standard","meta":{"rop_custom_images_group":[],"rop_custom_messages_group":[],"rop_publish_now":"initial","rop_publish_now_accounts":[],"rop_publish_now_history":[],"rop_publish_now_status":"pending","footnotes":""},"categories":[18,332,13],"tags":[781,193,782,265],"class_list":["post-4236","post","type-post","status-publish","format-standard","hentry","category-direito","category-educacao","category-opiniao","tag-evandro-pelarin","tag-milton-marchioli","tag-raquel-cristina-ferraroni-sanches","tag-semana-juridica-univem-xxix-2012"],"_links":{"self":[{"href":"https:\/\/miltonmarchioli.com.br\/blog\/wp-json\/wp\/v2\/posts\/4236","targetHints":{"allow":["GET"]}}],"collection":[{"href":"https:\/\/miltonmarchioli.com.br\/blog\/wp-json\/wp\/v2\/posts"}],"about":[{"href":"https:\/\/miltonmarchioli.com.br\/blog\/wp-json\/wp\/v2\/types\/post"}],"author":[{"embeddable":true,"href":"https:\/\/miltonmarchioli.com.br\/blog\/wp-json\/wp\/v2\/users\/2"}],"replies":[{"embeddable":true,"href":"https:\/\/miltonmarchioli.com.br\/blog\/wp-json\/wp\/v2\/comments?post=4236"}],"version-history":[{"count":12,"href":"https:\/\/miltonmarchioli.com.br\/blog\/wp-json\/wp\/v2\/posts\/4236\/revisions"}],"predecessor-version":[{"id":13643,"href":"https:\/\/miltonmarchioli.com.br\/blog\/wp-json\/wp\/v2\/posts\/4236\/revisions\/13643"}],"wp:attachment":[{"href":"https:\/\/miltonmarchioli.com.br\/blog\/wp-json\/wp\/v2\/media?parent=4236"}],"wp:term":[{"taxonomy":"category","embeddable":true,"href":"https:\/\/miltonmarchioli.com.br\/blog\/wp-json\/wp\/v2\/categories?post=4236"},{"taxonomy":"post_tag","embeddable":true,"href":"https:\/\/miltonmarchioli.com.br\/blog\/wp-json\/wp\/v2\/tags?post=4236"}],"curies":[{"name":"wp","href":"https:\/\/api.w.org\/{rel}","templated":true}]}}