{"id":4397,"date":"2012-12-11T20:05:40","date_gmt":"2012-12-11T22:05:40","guid":{"rendered":"http:\/\/miltonmarchioli.com.br\/blog\/?p=4397"},"modified":"2022-01-15T18:20:27","modified_gmt":"2022-01-15T21:20:27","slug":"cpi-fumes-relatorio-final-apresentado-na-sessao-ordinaria-da-camara-municipal-de-marilia","status":"publish","type":"post","link":"https:\/\/miltonmarchioli.com.br\/blog\/cpi-fumes-relatorio-final-apresentado-na-sessao-ordinaria-da-camara-municipal-de-marilia\/","title":{"rendered":"CPI FUMES. Relat\u00f3rio Final apresentado na sess\u00e3o ordin\u00e1ria da C\u00e2mara Municipal de Mar\u00edlia"},"content":{"rendered":"<p><a href=\"https:\/\/miltonmarchioli.com.br\/blog\/wp-content\/uploads\/DIA-D-3.jpg\"><img loading=\"lazy\" decoding=\"async\" class=\"alignleft wp-image-4401\" title=\"DIA D 3\" src=\"https:\/\/miltonmarchioli.com.br\/blog\/wp-content\/uploads\/DIA-D-3-300x226.jpg\" alt=\"\" width=\"255\" height=\"192\" srcset=\"https:\/\/miltonmarchioli.com.br\/blog\/wp-content\/uploads\/DIA-D-3-300x226.jpg 300w, https:\/\/miltonmarchioli.com.br\/blog\/wp-content\/uploads\/DIA-D-3.jpg 424w\" sizes=\"auto, (max-width: 255px) 100vw, 255px\" \/><\/a>A CPI da Fumes apresentou seu Relat\u00f3rio Final, o qual foi lido na sess\u00e3o plen\u00e1ria ordin\u00e1ria na C\u00e2mara Municipal de Mar\u00edlia.<\/p>\n<p>Composta pelos vereadores Eduardo Gimenes (presidente), Wilson Damasceno e L\u00e1zaro J\u00fanior (relator), a CPI demorou perto de 18 meses de intensivos trabalhos.<\/p>\n<p><a href=\"http:\/\/www.youtube.com\/watch?v=5PDzlPiZ2vI\">No meio da leitura do relat\u00f3rio final, o vereador Jos\u00e9 Albuquerque pediu vista dos autos da CPI por cinco dias, o que inviabilizaria a vota\u00e7\u00e3o\u00a0 pela sess\u00e3o plen\u00e1ria ainda nessa sess\u00e3o legislativa, antes do recesso parlamentar.<\/a><\/p>\n<p>Diante de tal pedido, o presidente da C\u00e2mara Yoshio Takaoka pediu ao relator que terminasse a leitura, ap\u00f3s pedido dos vereadores\u00a0 Damasceno e Cora\u00edni.<\/p>\n<p>Assim foi feito.<\/p>\n<p><a href=\"http:\/\/www.youtube.com\/watch?v=sEjBKGoyfCI&amp;feature=g-crec-u\">A leitura completa do Relat\u00f3rio Final da CPI da Fumes (relator L\u00e1zaro J\u00fanior) foi obtida com exclusividade para os leitores do blog.<\/a><\/p>\n<p>Ao final da leitura, o vereador Albuquerque que teve dois anos e meio para se inteirar dos trabalhos da CPI da Fumes, reduziu em seu seu requerimento verbal\u00a0 para quatro dias.<\/p>\n<p>Ser\u00e1 ent\u00e3o apreciada no pr\u00f3xima dia 14.<\/p>\n<p><a href=\"http:\/\/www.youtube.com\/watch?v=0FpwwgWARvQ&amp;feature=g-crec-u\">Em sendo assim, o vereador Wilson Damasceno assim se pronunciou temeroso pelo arquivamento da CPI pela manobra pol\u00edtica do vereador Albuquerque (trancar a pauta de vota\u00e7\u00e3o).<\/a><\/p>\n<p><a href=\"http:\/\/www.youtube.com\/watch?v=S5HVB_jMDaI\">O vereador Mario Cora\u00edni tamb\u00e9m se mostrou inconformado ap\u00f3s a leitura do relat\u00f3rio final, quando o vereador Albuquerque pediu vista para impedir a vota\u00e7\u00e3o pelo plen\u00e1rio da C\u00e2mara Municipal por 13 vereadores.<\/a><\/p>\n<p>A sociedade de Mar\u00edlia vai ter que esperar por mais tr\u00eas dias.<\/p>\n<p>Dia 14 de dezembro de 2012.<\/p>\n<p>O Dia D para a Sa\u00fade P\u00fablica de Mar\u00edlia.<\/p>\n<p style=\"text-align: left;\"><a href=\"https:\/\/miltonmarchioli.com.br\/blog\/wp-content\/uploads\/DIA-D-2.jpg\"><img loading=\"lazy\" decoding=\"async\" class=\"aligncenter wp-image-4400\" title=\"DIA D 2\" src=\"https:\/\/miltonmarchioli.com.br\/blog\/wp-content\/uploads\/DIA-D-2-300x240.jpg\" alt=\"\" width=\"438\" height=\"350\" \/><\/a>&#8220;A justi\u00e7a n\u00e3o consiste em ser neutro entre o certo e o errado, mas em descobrir o certo e sustent\u00e1-lo,\u00a0onde quer que ele se encontre, contra o errado&#8221; .<\/p>\n<p style=\"text-align: center;\">Theodore Roosevelt<\/p>\n","protected":false},"excerpt":{"rendered":"<p>A CPI da Fumes apresentou seu Relat\u00f3rio Final, o qual foi lido na sess\u00e3o plen\u00e1ria ordin\u00e1ria na C\u00e2mara Municipal de Mar\u00edlia. Composta pelos vereadores Eduardo Gimenes (presidente), Wilson Damasceno e L\u00e1zaro J\u00fanior (relator), a CPI demorou perto de 18 meses de intensivos trabalhos. No meio da leitura do relat\u00f3rio final, o vereador Jos\u00e9 Albuquerque pediu &hellip; <a href=\"https:\/\/miltonmarchioli.com.br\/blog\/cpi-fumes-relatorio-final-apresentado-na-sessao-ordinaria-da-camara-municipal-de-marilia\/\" class=\"more-link\">Continue lendo <span class=\"screen-reader-text\">CPI FUMES. Relat\u00f3rio Final apresentado na sess\u00e3o ordin\u00e1ria da C\u00e2mara Municipal de Mar\u00edlia<\/span> <span class=\"meta-nav\">&rarr;<\/span><\/a><\/p>\n","protected":false},"author":2,"featured_media":0,"comment_status":"open","ping_status":"open","sticky":false,"template":"","format":"standard","meta":{"rop_custom_images_group":[],"rop_custom_messages_group":[],"rop_publish_now":"initial","rop_publish_now_accounts":[],"rop_publish_now_history":[],"rop_publish_now_status":"pending","footnotes":""},"categories":[18,8,13,366,9],"tags":[1034,87,202,787],"class_list":["post-4397","post","type-post","status-publish","format-standard","hentry","category-direito","category-direito-e-saude","category-opiniao","category-politica","category-saude-publica","tag-camara-municipal-de-marilia","tag-cpi-fumes","tag-famema","tag-sessao-ordinaria-cpi-da-fumes"],"_links":{"self":[{"href":"https:\/\/miltonmarchioli.com.br\/blog\/wp-json\/wp\/v2\/posts\/4397","targetHints":{"allow":["GET"]}}],"collection":[{"href":"https:\/\/miltonmarchioli.com.br\/blog\/wp-json\/wp\/v2\/posts"}],"about":[{"href":"https:\/\/miltonmarchioli.com.br\/blog\/wp-json\/wp\/v2\/types\/post"}],"author":[{"embeddable":true,"href":"https:\/\/miltonmarchioli.com.br\/blog\/wp-json\/wp\/v2\/users\/2"}],"replies":[{"embeddable":true,"href":"https:\/\/miltonmarchioli.com.br\/blog\/wp-json\/wp\/v2\/comments?post=4397"}],"version-history":[{"count":23,"href":"https:\/\/miltonmarchioli.com.br\/blog\/wp-json\/wp\/v2\/posts\/4397\/revisions"}],"predecessor-version":[{"id":13646,"href":"https:\/\/miltonmarchioli.com.br\/blog\/wp-json\/wp\/v2\/posts\/4397\/revisions\/13646"}],"wp:attachment":[{"href":"https:\/\/miltonmarchioli.com.br\/blog\/wp-json\/wp\/v2\/media?parent=4397"}],"wp:term":[{"taxonomy":"category","embeddable":true,"href":"https:\/\/miltonmarchioli.com.br\/blog\/wp-json\/wp\/v2\/categories?post=4397"},{"taxonomy":"post_tag","embeddable":true,"href":"https:\/\/miltonmarchioli.com.br\/blog\/wp-json\/wp\/v2\/tags?post=4397"}],"curies":[{"name":"wp","href":"https:\/\/api.w.org\/{rel}","templated":true}]}}