{"id":4415,"date":"2012-12-14T19:45:35","date_gmt":"2012-12-14T21:45:35","guid":{"rendered":"http:\/\/miltonmarchioli.com.br\/blog\/?p=4415"},"modified":"2022-01-15T18:23:11","modified_gmt":"2022-01-15T21:23:11","slug":"cpi-da-fumes-aprovada-por-unanimidade-pelos-vereadores-da-camara-municipal-de-marilia","status":"publish","type":"post","link":"https:\/\/miltonmarchioli.com.br\/blog\/cpi-da-fumes-aprovada-por-unanimidade-pelos-vereadores-da-camara-municipal-de-marilia\/","title":{"rendered":"CPI da Fumes. Aprovada por unanimidade pelos vereadores da C\u00e2mara Municipal de Mar\u00edlia!"},"content":{"rendered":"<p><a href=\"https:\/\/miltonmarchioli.com.br\/blog\/wp-content\/uploads\/CPI-DA-FUMES-14-12-2012-A.jpg\"><img loading=\"lazy\" decoding=\"async\" class=\"alignleft wp-image-4416\" title=\"CPI DA FUMES 14 12 2012 A\" src=\"https:\/\/miltonmarchioli.com.br\/blog\/wp-content\/uploads\/CPI-DA-FUMES-14-12-2012-A-300x225.jpg\" alt=\"\" width=\"239\" height=\"179\" srcset=\"https:\/\/miltonmarchioli.com.br\/blog\/wp-content\/uploads\/CPI-DA-FUMES-14-12-2012-A-300x225.jpg 300w, https:\/\/miltonmarchioli.com.br\/blog\/wp-content\/uploads\/CPI-DA-FUMES-14-12-2012-A-1024x768.jpg 1024w\" sizes=\"auto, (max-width: 239px) 100vw, 239px\" \/><\/a>O Dia D chegou na cidade de Mar\u00edlia.<\/p>\n<p>E no Dia D a vit\u00f3ria da Sa\u00fade P\u00fablica.<\/p>\n<p>A CPI da Fumes foi aprovada por unanimidade pelos vereadores.<\/p>\n<p>A presen\u00e7a do povo mariliense foi numerosa nas galerias na C\u00e2mara Municipal de Mar\u00edlia pedindo a aprova\u00e7\u00e3o para a CPI da\u00a0 FUMES (Funda\u00e7\u00e3o Municipal de Ensino Superior de Mar\u00edlia ), a qual d\u00e1 suporte financeiro \u00e0 Famema (Faculdade de Medicina de Mar\u00edlia).<\/p>\n<p>Coberturas da TV Comunit\u00e1ria, TV Mar\u00edlia, TV Record e <a href=\"http:\/\/www.youtube.com\/watch?v=erxUwAuVux8\">TV Tem (Rede Globo).<\/a><\/p>\n<p>Cobertura dos jornais locais e regionais acompanharam a vota\u00e7\u00e3o da sess\u00e3o extraordin\u00e1ria da CPI da Fumes.<\/p>\n<p>As irregularidades apontadas pelo relator da CPI da Fumes, L\u00e1zaro J\u00fanior, foram apontadas em um extenso relat\u00f3rio com 27 p\u00e1ginas.<a href=\"https:\/\/miltonmarchioli.com.br\/blog\/wp-content\/uploads\/CPI-DA-FUMES-14-12-2012-B.jpg\"><img loading=\"lazy\" decoding=\"async\" class=\"alignright size-medium wp-image-4417\" title=\"CPI DA FUMES 14 12 2012 B\" src=\"https:\/\/miltonmarchioli.com.br\/blog\/wp-content\/uploads\/CPI-DA-FUMES-14-12-2012-B-300x225.jpg\" alt=\"\" width=\"300\" height=\"225\" srcset=\"https:\/\/miltonmarchioli.com.br\/blog\/wp-content\/uploads\/CPI-DA-FUMES-14-12-2012-B-300x225.jpg 300w, https:\/\/miltonmarchioli.com.br\/blog\/wp-content\/uploads\/CPI-DA-FUMES-14-12-2012-B-1024x768.jpg 1024w\" sizes=\"auto, (max-width: 300px) 100vw, 300px\" \/><\/a><\/p>\n<p>Al\u00e9m de L\u00e1zaro J\u00fanior (relator), os vereadores Wilson Damasceno e Eduardo Gimenes (presidente) compuseram a comiss\u00e3o parlamentar de inqu\u00e9rito.<\/p>\n<p>A Fumes negou as acusa\u00e7\u00f5es durante todo o per\u00edodo investigativo da CPI.<\/p>\n<p>A dire\u00e7\u00e3o geral\u00a0 da Famema n\u00e3o concordou com as investiga\u00e7\u00f5es\u00a0 da CPI da Fumes em junho de 2012.<\/p>\n<p>Contudo, no\u00a0 Dia D, os vereadores da\u00a0 C\u00e2mara Municipal de Mar\u00edlia n\u00e3o concordaram com as contesta\u00e7\u00f5es emanadas da Fumes, e por unanimidade votaram sim pela CPI da Fumes.<\/p>\n<p>Agora os documentos e a per\u00edcia cont\u00e1bil realizada pelo perito Dorival Venciguera, nos autos da CPI, seguem para o Minist\u00e9rio P\u00fablico Estadual\u00a0 e Federal para aprofundamento das investiga\u00e7\u00f5es.<\/p>\n<p>Os respons\u00e1veis pela malversa\u00e7\u00e3o do dinheiro p\u00fablico ser\u00e3o responsabilizados civilmente e criminalmente, segundo o pedido que consta nos autos da CPI.<\/p>\n<p><a href=\"https:\/\/miltonmarchioli.com.br\/blog\/wp-content\/uploads\/CPI-DA-FUMES-14-12-2012-C1.jpg\"><img loading=\"lazy\" decoding=\"async\" class=\"alignleft size-medium wp-image-4419\" title=\"CPI DA FUMES 14 12 2012 C\" src=\"https:\/\/miltonmarchioli.com.br\/blog\/wp-content\/uploads\/CPI-DA-FUMES-14-12-2012-C1-300x225.jpg\" alt=\"\" width=\"300\" height=\"225\" srcset=\"https:\/\/miltonmarchioli.com.br\/blog\/wp-content\/uploads\/CPI-DA-FUMES-14-12-2012-C1-300x225.jpg 300w, https:\/\/miltonmarchioli.com.br\/blog\/wp-content\/uploads\/CPI-DA-FUMES-14-12-2012-C1-1024x768.jpg 1024w\" sizes=\"auto, (max-width: 300px) 100vw, 300px\" \/><\/a>O autor do blog agradece a todos os vereadores que antes da vota\u00e7\u00e3o j\u00e1 tinham dado a inten\u00e7\u00e3o de votar pela aprova\u00e7\u00e1o na CPI da Fumes quando de nossa visita nos gabinetes dos vereadores na C\u00e2mara Municipal:<\/p>\n<p>Benedito Donizete Alves<\/p>\n<p>Carlos Eduardo Gimenes<\/p>\n<p>Eduardo Duarte do Nascimento<\/p>\n<p>Geraldo Cesar Lopes Martins<\/p>\n<p>Jos\u00e9 Expedito Coralino (Capacete)<\/p>\n<p>L\u00e1zaro da Cruz J\u00fanior<\/p>\n<p>Marcos Jos\u00e9 Cust\u00f3dio<\/p>\n<p>M\u00e1rio Cora\u00edni J\u00fanior<\/p>\n<p>Wilson Alves Damasceno<\/p>\n<p>Contudo, Yoshio S\u00e9rgio\u00a0 Takaoka,\u00a0 Jos\u00e9 Carlos Albuquerque e Herval Rosa Seabra lutaram nos bastidores pela n\u00e3o aprova\u00e7\u00e3o da CPI da Fumes.<\/p>\n<p>Perderam&#8230;<\/p>\n<p><a href=\"http:\/\/www.youtube.com\/watch?v=sEjBKGoyfCI\">O relat\u00f3rio final da CPI da Fumes j\u00e1 havia sido lido na sess\u00e3o ordin\u00e1ria do dia 10-12-2012.<\/a><\/p>\n<p><a href=\"https:\/\/miltonmarchioli.com.br\/blog\/wp-content\/uploads\/RELAT\u00d3RIO-FINAL-DA-CPI-DA-FUMES.pdf\">O relat\u00f3rio final tem 27 p\u00e1ginas na sua totalidade (paginas 13 a 39) do documento apresentado na sess\u00e3o extraordin\u00e1ria.<\/a><\/p>\n<p>A cidade de Mar\u00edlia venceu !<a href=\"https:\/\/miltonmarchioli.com.br\/blog\/wp-content\/uploads\/CPI-DA-FUMES-14-12-2012-D1.jpg\"><img loading=\"lazy\" decoding=\"async\" class=\"alignright size-medium wp-image-7337\" title=\"CPI DA FUMES 14 12 2012 D\" src=\"https:\/\/miltonmarchioli.com.br\/blog\/wp-content\/uploads\/CPI-DA-FUMES-14-12-2012-D1-300x225.jpg\" alt=\"\" width=\"300\" height=\"225\" srcset=\"https:\/\/miltonmarchioli.com.br\/blog\/wp-content\/uploads\/CPI-DA-FUMES-14-12-2012-D1-300x225.jpg 300w, https:\/\/miltonmarchioli.com.br\/blog\/wp-content\/uploads\/CPI-DA-FUMES-14-12-2012-D1-1024x768.jpg 1024w\" sizes=\"auto, (max-width: 300px) 100vw, 300px\" \/><\/a><\/p>\n<p>A sociedade de Mar\u00edlia venceu !<\/p>\n<p>A Sa\u00fade P\u00fablica venceu !<\/p>\n<p>As improbidades administrativas foram demonstradas ao final com o\u00a0 Relat\u00f3rio final da CPI da Fumes.<\/p>\n<p>Paradoxalmente ao perceberem que na galeria da C\u00e2mara Municipal e nas depend\u00eancias da C\u00e2mara Municipal (Sala Nassib Cury) que os mun\u00edcipes pediam o voto\u00a0<strong>SIM<\/strong> para aprova\u00e7\u00e3o do relat\u00f3rio final, Herval, Albuquerque e Takaoka mudaram seu voto no final, e votaram <strong>SIM<\/strong> pelo relat\u00f3rio da CPI da Fumes<a href=\"http:\/\/www.youtube.com\/watch?v=GfE9Pj0dRXs\">.<\/a><\/p>\n<p><a href=\"http:\/\/www.youtube.com\/watch?v=GfE9Pj0dRXs\">Assim foi a vota\u00e7\u00e3o no plen\u00e1rio da C\u00e2mara Municipal sobre a CPI da Fumes.<\/a><\/p>\n<p>Albuquerque, Herval Seabra e Takaoka\u00a0 devem ter prometido aos interessados que iriam votar pela <strong>N\u00c3O<\/strong> aprova\u00e7\u00e3o da CPI da Fumes, mas ap\u00f3s a vota\u00e7\u00e3o final, n\u00e3o agradaram nem mesmo os quais haviam prometido que n\u00e3o aprovariam a CPI da Fumes.<\/p>\n<p>O Relat\u00f3rio da CPI da Fumes dever\u00e1 ser encaminhado ao <strong>Minist\u00e9rio P\u00fablico<\/strong> pelo\u00a0 Presidente da C\u00e2mara Municipal da pr\u00f3xima legislatura para in\u00edcio de A\u00e7\u00e3o Civil P\u00fablica.<\/p>\n<p>Se n\u00e3o encaminhar&#8230;<\/p>\n<p>For\u00e7as ocultas nos bastidores.<\/p>\n<p>Fim das improbidades administrativas na Fumes !<\/p>\n<p id=\"ODgwMTE1\" style=\"text-align: center;\"><a href=\"https:\/\/miltonmarchioli.com.br\/blog\/wp-content\/uploads\/CPI-DA-FUMES-14-12-2012-E1.jpg\"><img loading=\"lazy\" decoding=\"async\" class=\"aligncenter wp-image-7338\" title=\"CPI DA FUMES 14 12 2012 E\" src=\"https:\/\/miltonmarchioli.com.br\/blog\/wp-content\/uploads\/CPI-DA-FUMES-14-12-2012-E1-1024x768.jpg\" alt=\"\" width=\"612\" height=\"456\" \/><\/a>&#8220;Eu lhe pe\u00e7o que me julgue pelos inimigos que fiz&#8221;<\/p>\n<p style=\"text-align: center;\">Franklin Roosevelt<\/p>\n","protected":false},"excerpt":{"rendered":"<p>O Dia D chegou na cidade de Mar\u00edlia. E no Dia D a vit\u00f3ria da Sa\u00fade P\u00fablica. A CPI da Fumes foi aprovada por unanimidade pelos vereadores. A presen\u00e7a do povo mariliense foi numerosa nas galerias na C\u00e2mara Municipal de Mar\u00edlia pedindo a aprova\u00e7\u00e3o para a CPI da\u00a0 FUMES (Funda\u00e7\u00e3o Municipal de Ensino Superior de &hellip; <a href=\"https:\/\/miltonmarchioli.com.br\/blog\/cpi-da-fumes-aprovada-por-unanimidade-pelos-vereadores-da-camara-municipal-de-marilia\/\" class=\"more-link\">Continue lendo <span class=\"screen-reader-text\">CPI da Fumes. Aprovada por unanimidade pelos vereadores da C\u00e2mara Municipal de Mar\u00edlia!<\/span> <span class=\"meta-nav\">&rarr;<\/span><\/a><\/p>\n","protected":false},"author":2,"featured_media":0,"comment_status":"closed","ping_status":"closed","sticky":false,"template":"","format":"standard","meta":{"rop_custom_images_group":[],"rop_custom_messages_group":[],"rop_publish_now":"initial","rop_publish_now_accounts":[],"rop_publish_now_history":[],"rop_publish_now_status":"pending","footnotes":""},"categories":[18,8,13,366,9],"tags":[1034,214,788],"class_list":["post-4415","post","type-post","status-publish","format-standard","hentry","category-direito","category-direito-e-saude","category-opiniao","category-politica","category-saude-publica","tag-camara-municipal-de-marilia","tag-cpi-da-fumes","tag-sessao-extraordinaria"],"_links":{"self":[{"href":"https:\/\/miltonmarchioli.com.br\/blog\/wp-json\/wp\/v2\/posts\/4415","targetHints":{"allow":["GET"]}}],"collection":[{"href":"https:\/\/miltonmarchioli.com.br\/blog\/wp-json\/wp\/v2\/posts"}],"about":[{"href":"https:\/\/miltonmarchioli.com.br\/blog\/wp-json\/wp\/v2\/types\/post"}],"author":[{"embeddable":true,"href":"https:\/\/miltonmarchioli.com.br\/blog\/wp-json\/wp\/v2\/users\/2"}],"replies":[{"embeddable":true,"href":"https:\/\/miltonmarchioli.com.br\/blog\/wp-json\/wp\/v2\/comments?post=4415"}],"version-history":[{"count":41,"href":"https:\/\/miltonmarchioli.com.br\/blog\/wp-json\/wp\/v2\/posts\/4415\/revisions"}],"predecessor-version":[{"id":13647,"href":"https:\/\/miltonmarchioli.com.br\/blog\/wp-json\/wp\/v2\/posts\/4415\/revisions\/13647"}],"wp:attachment":[{"href":"https:\/\/miltonmarchioli.com.br\/blog\/wp-json\/wp\/v2\/media?parent=4415"}],"wp:term":[{"taxonomy":"category","embeddable":true,"href":"https:\/\/miltonmarchioli.com.br\/blog\/wp-json\/wp\/v2\/categories?post=4415"},{"taxonomy":"post_tag","embeddable":true,"href":"https:\/\/miltonmarchioli.com.br\/blog\/wp-json\/wp\/v2\/tags?post=4415"}],"curies":[{"name":"wp","href":"https:\/\/api.w.org\/{rel}","templated":true}]}}