{"id":443,"date":"2011-05-14T03:55:26","date_gmt":"2011-05-14T03:55:26","guid":{"rendered":"http:\/\/miltonmarchioli.com.br\/blog\/?p=443"},"modified":"2022-01-07T10:59:59","modified_gmt":"2022-01-07T13:59:59","slug":"cefaleias-primarias-seminario-curso-de-medicina-da-famema-4","status":"publish","type":"post","link":"https:\/\/miltonmarchioli.com.br\/blog\/cefaleias-primarias-seminario-curso-de-medicina-da-famema-4\/","title":{"rendered":"Cefaleias Prim\u00e1rias. Semin\u00e1rio. Curso de Medicina da Famema"},"content":{"rendered":"<p><a href=\"https:\/\/miltonmarchioli.com.br\/blog\/wp-content\/uploads\/cefaleia-retrato.jpg\"><img loading=\"lazy\" decoding=\"async\" class=\"alignleft wp-image-10142\" src=\"https:\/\/miltonmarchioli.com.br\/blog\/wp-content\/uploads\/cefaleia-retrato-300x276.jpg\" alt=\"cefaleia - retrato\" width=\"249\" height=\"229\" srcset=\"https:\/\/miltonmarchioli.com.br\/blog\/wp-content\/uploads\/cefaleia-retrato-300x276.jpg 300w, https:\/\/miltonmarchioli.com.br\/blog\/wp-content\/uploads\/cefaleia-retrato.jpg 365w\" sizes=\"auto, (max-width: 249px) 100vw, 249px\" \/><\/a><a href=\"https:\/\/miltonmarchioli.com.br\/blog\/wp-content\/uploads\/CEFAL\u00c9IAS-PRIM\u00c1RIAS-NATALIA-PAPA.ppt\">Semin\u00e1rio apresentado pela aluna Nat\u00e1lia Papa &#8211; aluna do 4\u00ba do curso de medicina da Famema &#8211; Ambulat\u00f3rio de Cefaleia &#8211; Ambulat\u00f3rio M\u00e1rio Covas &#8211; disciplinas Neurologia e Educa\u00e7\u00e3o em Ci\u00eancias da Sa\u00fade sobre \u00a0Cefaleias Prim\u00e1rias.<\/a><\/p>\n<p>A dor de cabe\u00e7a \u00e9 queixa frequente em Unidades B\u00e1sicas de Sa\u00fade (UBS)\/Unidade de Sa\u00fade da Fam\u00edlia (USF), e principalmente\u00a0em Ambulat\u00f3rios de Cl\u00ednica M\u00e9dica.<\/p>\n<p>Seu diagn\u00f3stico \u00e9 cl\u00ednico, e os exames de imagem s\u00e3o necess\u00e1rios apenas para se afastar a hip\u00f3tese de cefaleia secund\u00e1ria.<\/p>\n<p>A cefaleia pode ter diversas formas de apresenta\u00e7\u00e3o cl\u00ednica que podemos ordenar, para fins did\u00e1ticos, mas sobretudo com objetivos cl\u00ednicos, de acordo com o seu perfil temporal.<\/p>\n<p>Reconhecem-se tr\u00eas tipos diferentes de perfil temporal de acordo com a forma e dura\u00e7\u00e3o da sua evolu\u00e7\u00e3o: agudo, que evolui em horas ou dias (h\/d); subagudo e progressivo que evolui em semanas (s) e cr\u00f4nico que evolui em meses ou anos (m\/a), este\u00a0 subdividido em epis\u00f3dico (intermitente ou parox\u00edstico) e cont\u00ednuo (sem intervalos livres de dor ou com curtos intervalos livres de dor).<\/p>\n<p>A import\u00e2ncia da defini\u00e7\u00e3o do perfil temporal adv\u00e9m da sua correla\u00e7\u00e3o f\u00e1cil com as causas da cefaleia, isto \u00e9, com a etiologia.<\/p>\n<p>O Ambulat\u00f3rio de Cefaleia instalado no Ambulat\u00f3rio M\u00e1rio Covas recebe encaminhamentos de usu\u00e1rios do SUS do\u00a0 Departamento Regional de Sa\u00fade IX do Estado de S\u00e3o Paulo.<\/p>\n<p>Lutemos por uma Sa\u00fade P\u00fablica com qualidade !<\/p>\n<p><a href=\"https:\/\/miltonmarchioli.com.br\/blog\/wp-content\/uploads\/cerebro-Davinci.jpg\"><img loading=\"lazy\" decoding=\"async\" class=\"aligncenter wp-image-6309\" title=\"cerebro- Davinci\" src=\"https:\/\/miltonmarchioli.com.br\/blog\/wp-content\/uploads\/cerebro-Davinci.jpg\" alt=\"\" width=\"607\" height=\"392\" srcset=\"https:\/\/miltonmarchioli.com.br\/blog\/wp-content\/uploads\/cerebro-Davinci.jpg 625w, https:\/\/miltonmarchioli.com.br\/blog\/wp-content\/uploads\/cerebro-Davinci-300x193.jpg 300w\" sizes=\"auto, (max-width: 607px) 100vw, 607px\" \/><\/a><\/p>\n","protected":false},"excerpt":{"rendered":"<p>Semin\u00e1rio apresentado pela aluna Nat\u00e1lia Papa &#8211; aluna do 4\u00ba do curso de medicina da Famema &#8211; Ambulat\u00f3rio de Cefaleia &#8211; Ambulat\u00f3rio M\u00e1rio Covas &#8211; disciplinas Neurologia e Educa\u00e7\u00e3o em Ci\u00eancias da Sa\u00fade sobre \u00a0Cefaleias Prim\u00e1rias. A dor de cabe\u00e7a \u00e9 queixa frequente em Unidades B\u00e1sicas de Sa\u00fade (UBS)\/Unidade de Sa\u00fade da Fam\u00edlia (USF), e &hellip; <a href=\"https:\/\/miltonmarchioli.com.br\/blog\/cefaleias-primarias-seminario-curso-de-medicina-da-famema-4\/\" class=\"more-link\">Continue lendo <span class=\"screen-reader-text\">Cefaleias Prim\u00e1rias. Semin\u00e1rio. Curso de Medicina da Famema<\/span> <span class=\"meta-nav\">&rarr;<\/span><\/a><\/p>\n","protected":false},"author":2,"featured_media":0,"comment_status":"open","ping_status":"open","sticky":false,"template":"","format":"standard","meta":{"rop_custom_images_group":[],"rop_custom_messages_group":[],"rop_publish_now":"initial","rop_publish_now_accounts":[],"rop_publish_now_history":[],"rop_publish_now_status":"pending","footnotes":""},"categories":[332,4,13,9],"tags":[591],"class_list":["post-443","post","type-post","status-publish","format-standard","hentry","category-educacao","category-neurologia","category-opiniao","category-saude-publica","tag-ambulatorio-cefaleia-ambulatorio-mario-covas-famema"],"_links":{"self":[{"href":"https:\/\/miltonmarchioli.com.br\/blog\/wp-json\/wp\/v2\/posts\/443","targetHints":{"allow":["GET"]}}],"collection":[{"href":"https:\/\/miltonmarchioli.com.br\/blog\/wp-json\/wp\/v2\/posts"}],"about":[{"href":"https:\/\/miltonmarchioli.com.br\/blog\/wp-json\/wp\/v2\/types\/post"}],"author":[{"embeddable":true,"href":"https:\/\/miltonmarchioli.com.br\/blog\/wp-json\/wp\/v2\/users\/2"}],"replies":[{"embeddable":true,"href":"https:\/\/miltonmarchioli.com.br\/blog\/wp-json\/wp\/v2\/comments?post=443"}],"version-history":[{"count":31,"href":"https:\/\/miltonmarchioli.com.br\/blog\/wp-json\/wp\/v2\/posts\/443\/revisions"}],"predecessor-version":[{"id":13478,"href":"https:\/\/miltonmarchioli.com.br\/blog\/wp-json\/wp\/v2\/posts\/443\/revisions\/13478"}],"wp:attachment":[{"href":"https:\/\/miltonmarchioli.com.br\/blog\/wp-json\/wp\/v2\/media?parent=443"}],"wp:term":[{"taxonomy":"category","embeddable":true,"href":"https:\/\/miltonmarchioli.com.br\/blog\/wp-json\/wp\/v2\/categories?post=443"},{"taxonomy":"post_tag","embeddable":true,"href":"https:\/\/miltonmarchioli.com.br\/blog\/wp-json\/wp\/v2\/tags?post=443"}],"curies":[{"name":"wp","href":"https:\/\/api.w.org\/{rel}","templated":true}]}}