{"id":450,"date":"2011-05-20T17:05:49","date_gmt":"2011-05-20T17:05:49","guid":{"rendered":"http:\/\/miltonmarchioli.com.br\/blog\/?p=450"},"modified":"2022-01-07T11:01:13","modified_gmt":"2022-01-07T14:01:13","slug":"cefaleias-primarias-seminario-curso-de-medicina-da-famema-5","status":"publish","type":"post","link":"https:\/\/miltonmarchioli.com.br\/blog\/cefaleias-primarias-seminario-curso-de-medicina-da-famema-5\/","title":{"rendered":"Cefaleias Prim\u00e1rias. Semin\u00e1rio. Curso de Medicina da Famema"},"content":{"rendered":"<p><a href=\"https:\/\/miltonmarchioli.com.br\/blog\/wp-content\/uploads\/cefaleia-morena.jpg\"><img loading=\"lazy\" decoding=\"async\" class=\"alignleft wp-image-10145\" src=\"https:\/\/miltonmarchioli.com.br\/blog\/wp-content\/uploads\/cefaleia-morena-231x300.jpg\" alt=\"cefaleia - morena\" width=\"202\" height=\"263\" srcset=\"https:\/\/miltonmarchioli.com.br\/blog\/wp-content\/uploads\/cefaleia-morena-231x300.jpg 231w, https:\/\/miltonmarchioli.com.br\/blog\/wp-content\/uploads\/cefaleia-morena.jpg 385w\" sizes=\"auto, (max-width: 202px) 100vw, 202px\" \/><\/a><a href=\"https:\/\/miltonmarchioli.com.br\/blog\/wp-content\/uploads\/Cefal\u00e9ias-prim\u00e1rias-4\u00ba-ANO-Mar\u00edlia-Victor.ppt\">Semin\u00e1rio\u00a0de Cefaleias Prim\u00e1rias apresentado pelos alunos\u00a0 Mar\u00edlia Aoki Settanni e\u00a0 Victor Augusto Leite Giorgenon &#8211; Ambulat\u00f3rio de Cefaleia &#8211;\u00a0 Ambulat\u00f3rio M\u00e1rio Covas -disciplinas de Neurologia e Educa\u00e7\u00e3o em Ci\u00eancias da Sa\u00fade no ano de 2011.<\/a><\/p>\n<p>As Cefaleias Prim\u00e1rias s\u00e3o mais prevalentes\u00a0 na popula\u00e7\u00e3o brasileira, e a Cefaleia Tensional \u00e9 a mais prevalente de todas as prim\u00e1rias, ficando a Enxaqueca ou Migr\u00e2nea em segundo lugar.<\/p>\n<p>As Cefaleias em Salvas s\u00e3o raras, e acomete mais homens na faixa et\u00e1ria de 50 anos.<\/p>\n<p>S\u00e3o cefaleias que ao serem investigadas n\u00e3o mostram altera\u00e7\u00f5es de imagem, e quando pedido o EEG (Eletroencefalograma) nesses indiv\u00edduos, o\u00a0 exame de EEG pode apresentar altera\u00e7\u00f5es associadas em indiv\u00edduos com Epilepsia, sintom\u00e1tica ou n\u00e3o, ou\u00a0 apenas achados sem correspond\u00eancia cl\u00ednica.<\/p>\n<p>Trata-se o\u00a0 indiv\u00edduo e n\u00e3o o EEG.<\/p>\n<p>A\u00a0 Cl\u00ednica \u00e9 soberana&#8230;<\/p>\n<p>A cefaleia \u00e9 um sintoma subjetivo e pode ser definida como uma sensa\u00e7\u00e3o de desconforto ou dor localizada na extremidade cef\u00e1lica.<\/p>\n<p>\u00c9 f\u00e1cil entender que a sua preval\u00eancia na popula\u00e7\u00e3o geral seja muito elevada, sendo uma das queixas mais comuns encontradas na pr\u00e1tica cl\u00ednica.<\/p>\n<p>A sua preval\u00eancia na popula\u00e7\u00e3o geral \u00e9 muito elevada, sendo uma das queixas mais comuns encontradas na pr\u00e1tica cl\u00ednica apesar de continuar a ser pouco valorizada pelos cl\u00ednicos, n\u00e3o sendo, muitas vezes, devidamente diagnosticada nem adequadamente tratada.<\/p>\n<p>A epidemiologia de qualquer doen\u00e7a tem importantes implica\u00e7\u00f5es no seu tratamento.<\/p>\n<p>As cefaleias n\u00e3o escapam a esta regra.<\/p>\n<p>Por sua vez, o diagn\u00f3stico correto \u00e9 crucial para a avalia\u00e7\u00e3o das caracter\u00edsticas s\u00f3cio-demogr\u00e1ficas de qualquer afec\u00e7\u00e3o e para o c\u00e1lculo da sua incid\u00eancia e preval\u00eancia.<\/p>\n<p>Em 1988, a International Headache Society publicou uma classifica\u00e7\u00e3o de cefaleias que estabeleceu uma terminologia consistente e crit\u00e9rios de diagn\u00f3stico para as cefaleias prim\u00e1rias e secund\u00e1rias.<\/p>\n<p>Estes foram quase universalmente aceitos e deram um novo impulso \u00e0 investiga\u00e7\u00e3o e \u00e0 pr\u00e1tica cl\u00ednica das cefaleias.<\/p>\n<p>A sua revis\u00e3o em 2004 traduz um aperfei\u00e7oamento na classifica\u00e7\u00e3o e nos crit\u00e9rios de diagn\u00f3stico, baseado na evid\u00eancia cient\u00edfica acumulada neste intervalo de tempo.<\/p>\n<p>Lutemos por uma Sa\u00fade P\u00fablica com qualidade !<\/p>\n<p><img loading=\"lazy\" decoding=\"async\" class=\"aligncenter size-full wp-image-11752\" src=\"https:\/\/miltonmarchioli.com.br\/blog\/wp-content\/uploads\/cabe\u00e7a-verde-vermelho-marron.jpg\" alt=\"cabe\u00e7a- verde-vermelho-marron\" width=\"205\" height=\"246\" \/><\/p>\n","protected":false},"excerpt":{"rendered":"<p>Semin\u00e1rio\u00a0de Cefaleias Prim\u00e1rias apresentado pelos alunos\u00a0 Mar\u00edlia Aoki Settanni e\u00a0 Victor Augusto Leite Giorgenon &#8211; Ambulat\u00f3rio de Cefaleia &#8211;\u00a0 Ambulat\u00f3rio M\u00e1rio Covas -disciplinas de Neurologia e Educa\u00e7\u00e3o em Ci\u00eancias da Sa\u00fade no ano de 2011. As Cefaleias Prim\u00e1rias s\u00e3o mais prevalentes\u00a0 na popula\u00e7\u00e3o brasileira, e a Cefaleia Tensional \u00e9 a mais prevalente de todas as &hellip; <a href=\"https:\/\/miltonmarchioli.com.br\/blog\/cefaleias-primarias-seminario-curso-de-medicina-da-famema-5\/\" class=\"more-link\">Continue lendo <span class=\"screen-reader-text\">Cefaleias Prim\u00e1rias. Semin\u00e1rio. Curso de Medicina da Famema<\/span> <span class=\"meta-nav\">&rarr;<\/span><\/a><\/p>\n","protected":false},"author":2,"featured_media":0,"comment_status":"open","ping_status":"open","sticky":false,"template":"","format":"standard","meta":{"rop_custom_images_group":[],"rop_custom_messages_group":[],"rop_publish_now":"initial","rop_publish_now_accounts":[],"rop_publish_now_history":[],"rop_publish_now_status":"pending","footnotes":""},"categories":[332,4,13,9],"tags":[591],"class_list":["post-450","post","type-post","status-publish","format-standard","hentry","category-educacao","category-neurologia","category-opiniao","category-saude-publica","tag-ambulatorio-cefaleia-ambulatorio-mario-covas-famema"],"_links":{"self":[{"href":"https:\/\/miltonmarchioli.com.br\/blog\/wp-json\/wp\/v2\/posts\/450","targetHints":{"allow":["GET"]}}],"collection":[{"href":"https:\/\/miltonmarchioli.com.br\/blog\/wp-json\/wp\/v2\/posts"}],"about":[{"href":"https:\/\/miltonmarchioli.com.br\/blog\/wp-json\/wp\/v2\/types\/post"}],"author":[{"embeddable":true,"href":"https:\/\/miltonmarchioli.com.br\/blog\/wp-json\/wp\/v2\/users\/2"}],"replies":[{"embeddable":true,"href":"https:\/\/miltonmarchioli.com.br\/blog\/wp-json\/wp\/v2\/comments?post=450"}],"version-history":[{"count":27,"href":"https:\/\/miltonmarchioli.com.br\/blog\/wp-json\/wp\/v2\/posts\/450\/revisions"}],"predecessor-version":[{"id":13479,"href":"https:\/\/miltonmarchioli.com.br\/blog\/wp-json\/wp\/v2\/posts\/450\/revisions\/13479"}],"wp:attachment":[{"href":"https:\/\/miltonmarchioli.com.br\/blog\/wp-json\/wp\/v2\/media?parent=450"}],"wp:term":[{"taxonomy":"category","embeddable":true,"href":"https:\/\/miltonmarchioli.com.br\/blog\/wp-json\/wp\/v2\/categories?post=450"},{"taxonomy":"post_tag","embeddable":true,"href":"https:\/\/miltonmarchioli.com.br\/blog\/wp-json\/wp\/v2\/tags?post=450"}],"curies":[{"name":"wp","href":"https:\/\/api.w.org\/{rel}","templated":true}]}}