{"id":4506,"date":"2013-01-05T13:20:37","date_gmt":"2013-01-05T15:20:37","guid":{"rendered":"http:\/\/miltonmarchioli.com.br\/blog\/?p=4506"},"modified":"2022-01-15T20:23:40","modified_gmt":"2022-01-15T23:23:40","slug":"marcio-travaglini-e-o-novo-secretario-municipal-de-saude-de-marilia","status":"publish","type":"post","link":"https:\/\/miltonmarchioli.com.br\/blog\/marcio-travaglini-e-o-novo-secretario-municipal-de-saude-de-marilia\/","title":{"rendered":"Marcio Travaglini \u00e9 o novo Secret\u00e1rio Municipal de Sa\u00fade de Mar\u00edlia"},"content":{"rendered":"<p><a href=\"https:\/\/miltonmarchioli.com.br\/blog\/wp-content\/uploads\/DR-MARCIO-TRAVAGLINI-CARVALHO-PEREIRA-30-01-20061.jpg\"><img loading=\"lazy\" decoding=\"async\" class=\"alignleft wp-image-4513\" title=\"DR MARCIO TRAVAGLINI CARVALHO PEREIRA 30-01-2006\" src=\"https:\/\/miltonmarchioli.com.br\/blog\/wp-content\/uploads\/DR-MARCIO-TRAVAGLINI-CARVALHO-PEREIRA-30-01-20061-300x179.jpg\" alt=\"\" width=\"265\" height=\"158\" srcset=\"https:\/\/miltonmarchioli.com.br\/blog\/wp-content\/uploads\/DR-MARCIO-TRAVAGLINI-CARVALHO-PEREIRA-30-01-20061-300x179.jpg 300w, https:\/\/miltonmarchioli.com.br\/blog\/wp-content\/uploads\/DR-MARCIO-TRAVAGLINI-CARVALHO-PEREIRA-30-01-20061.jpg 692w\" sizes=\"auto, (max-width: 265px) 100vw, 265px\" \/><\/a>Ap\u00f3s\u00a0 a posse do novo prefeito de Mar\u00edlia, Vinicius Camarinha, o novo Secret\u00e1rio de Sa\u00fade de Mar\u00edlia\u00a0 foi anunciado: M\u00e1rcio Travaglini Carvalho Pereira.<\/p>\n<p>Formado na Famema.<\/p>\n<p>Ser\u00e1 um desafio para o atual Secret\u00e1rio de Sa\u00fade de Mar\u00edlia.<\/p>\n<p>Mar\u00edlia conta com 32 USF(s).<\/p>\n<p>Na sess\u00e3o extraordin\u00e1ria da \u00faltima legislatura -12-12-2012- com as informa\u00e7\u00f5es prestadas pelo ex-Secret\u00e1rio de Sa\u00fade, J\u00falio Zorzetto, perguntei ao mesmo, do porqu\u00ea a cidade de Mar\u00edlia ter somente 32 USF(s).<\/p>\n<p>O mesmo garantiu que j\u00e1 teria projeto para se ter mais 8 USF(s).<\/p>\n<p>A verdade \u00e9 que a Portaria\u00a0 648 &#8211; Pol\u00edtica Nacional de Aten\u00e7\u00e3o B\u00e1sica- prev\u00ea uma USF para cada 4000 habitantes, e por isso,\u00a0 se considerarmos Mar\u00edlia com 230 mil habitantes, o c\u00e1lculo seria para aproximadamente 58 USF (s).<\/p>\n<p>Mar\u00edlia precisa urgentemente aumentar o n\u00famero de USF(s), gest\u00e3o administrativa com qualidade da atuais USF(s), e contrata\u00e7\u00e3o de m\u00e9dicos com sal\u00e1rio justo para o cumprimento da carga hor\u00e1ria estipulada pelo edital do concurso (4 ou 8 horas\/dia).<\/p>\n<p>Se n\u00e3o houver a\u00a0 valoriza\u00e7\u00e3o do profissional m\u00e9dico, poder\u00e1 haver a lament\u00e1vel <em>presta\u00e7\u00e3o de servi\u00e7o <\/em>no servi\u00e7o p\u00fablico.<\/p>\n<p>Paga-se pouco, e o profissional contratado para 4 horas ou 8 horas\/dia permanece 1 ou\u00a0 2 horas no local de trabalho<em>,<\/em><\/p>\n<p>Isso j\u00e1 acontece em Mar\u00edlia, com a autoriza\u00e7\u00e3o velada do ex-Secret\u00e1rio de Sa\u00fade J\u00falio Zorzetto, o qual permitia os m\u00e9dicos sa\u00edrem com 3 horas\/dia de servi\u00e7os prestados, ou menos, para n\u00e3o se aumentar os sal\u00e1rios dos profissionais.<\/p>\n<p>Vejamos a heran\u00e7a do ex-Secret\u00e1rio de Sa\u00fade J\u00falio Zorzetto:<\/p>\n<p>As USF(s) est\u00e3o sem medicamentos.<\/p>\n<p>As ambul\u00e2ncias est\u00e3o sucateadas.<\/p>\n<p>Os m\u00e9dicos insatisfeitos com os sal\u00e1rios nas UBS(s).<\/p>\n<p>Dif\u00edcil ser\u00e1 a solu\u00e7\u00e3o para o atual Secret\u00e1rio de Sa\u00fade M\u00e1rcio Travaglini.<\/p>\n<p>Em 30-01-2006, o atual Secret\u00e1rio de Sa\u00fade esteve no programa Sa\u00fade Mar\u00edlia, no qual convers\u00e1vamos sobre o tema acupuntura, especialidade m\u00e9dica definida pelo Conselho Federal de Medicina, na qual o atual secret\u00e1rio tamb\u00e9m exerce com muita\u00a0 dedica\u00e7\u00e3o e qualidade t\u00e9cnico-cient\u00edfica.<\/p>\n<p>Esperamos que n\u00e3o se espelhe no modelo de aten\u00e7\u00e3o b\u00e1sica em Cuba, na qual os m\u00e9dicos cubanos ganham aproximadamente 40 d\u00f3lares\/m\u00eas, e frequentemente s\u00e3o convidados pelos pa\u00edses bolivarianos\u00a0 da Am\u00e9rica Latina para trabalharem e ganharem sal\u00e1rios bem mais expressivos que em Cuba.<\/p>\n<p>No Brasil espero que isso n\u00e3o aconte\u00e7a.<\/p>\n<p>Meus sinceros votos de uma gest\u00e3o com padr\u00e3o excel\u00eancia nos recursos \u00e0 Sa\u00fade P\u00fablica de Mar\u00edlia.<\/p>\n<p style=\"text-align: center;\"><a style=\"text-align: center;\" href=\"https:\/\/miltonmarchioli.com.br\/blog\/wp-content\/uploads\/MARCHIOI-E-DR-MARCIO-TRAVAGLINI-CARVALHO-PEREIRA-30-01-20061.jpg\"><img loading=\"lazy\" decoding=\"async\" class=\"aligncenter wp-image-4514\" title=\"MARCHIOI E DR MARCIO TRAVAGLINI CARVALHO PEREIRA 30-01-2006\" src=\"https:\/\/miltonmarchioli.com.br\/blog\/wp-content\/uploads\/MARCHIOI-E-DR-MARCIO-TRAVAGLINI-CARVALHO-PEREIRA-30-01-20061.jpg\" alt=\"\" width=\"461\" height=\"276\" srcset=\"https:\/\/miltonmarchioli.com.br\/blog\/wp-content\/uploads\/MARCHIOI-E-DR-MARCIO-TRAVAGLINI-CARVALHO-PEREIRA-30-01-20061.jpg 708w, https:\/\/miltonmarchioli.com.br\/blog\/wp-content\/uploads\/MARCHIOI-E-DR-MARCIO-TRAVAGLINI-CARVALHO-PEREIRA-30-01-20061-300x179.jpg 300w\" sizes=\"auto, (max-width: 461px) 100vw, 461px\" \/><\/a><\/p>\n","protected":false},"excerpt":{"rendered":"<p>Ap\u00f3s\u00a0 a posse do novo prefeito de Mar\u00edlia, Vinicius Camarinha, o novo Secret\u00e1rio de Sa\u00fade de Mar\u00edlia\u00a0 foi anunciado: M\u00e1rcio Travaglini Carvalho Pereira. Formado na Famema. Ser\u00e1 um desafio para o atual Secret\u00e1rio de Sa\u00fade de Mar\u00edlia. Mar\u00edlia conta com 32 USF(s). Na sess\u00e3o extraordin\u00e1ria da \u00faltima legislatura -12-12-2012- com as informa\u00e7\u00f5es prestadas pelo ex-Secret\u00e1rio &hellip; <a href=\"https:\/\/miltonmarchioli.com.br\/blog\/marcio-travaglini-e-o-novo-secretario-municipal-de-saude-de-marilia\/\" class=\"more-link\">Continue lendo <span class=\"screen-reader-text\">Marcio Travaglini \u00e9 o novo Secret\u00e1rio Municipal de Sa\u00fade de Mar\u00edlia<\/span> <span class=\"meta-nav\">&rarr;<\/span><\/a><\/p>\n","protected":false},"author":2,"featured_media":0,"comment_status":"open","ping_status":"open","sticky":false,"template":"","format":"standard","meta":{"rop_custom_images_group":[],"rop_custom_messages_group":[],"rop_publish_now":"initial","rop_publish_now_accounts":[],"rop_publish_now_history":[],"rop_publish_now_status":"pending","footnotes":""},"categories":[8,13,9],"tags":[297,725],"class_list":["post-4506","post","type-post","status-publish","format-standard","hentry","category-direito-e-saude","category-opiniao","category-saude-publica","tag-milton-marchioli-e-marcio-travaglini","tag-secretario-municipal-de-saude-de-marilia"],"_links":{"self":[{"href":"https:\/\/miltonmarchioli.com.br\/blog\/wp-json\/wp\/v2\/posts\/4506","targetHints":{"allow":["GET"]}}],"collection":[{"href":"https:\/\/miltonmarchioli.com.br\/blog\/wp-json\/wp\/v2\/posts"}],"about":[{"href":"https:\/\/miltonmarchioli.com.br\/blog\/wp-json\/wp\/v2\/types\/post"}],"author":[{"embeddable":true,"href":"https:\/\/miltonmarchioli.com.br\/blog\/wp-json\/wp\/v2\/users\/2"}],"replies":[{"embeddable":true,"href":"https:\/\/miltonmarchioli.com.br\/blog\/wp-json\/wp\/v2\/comments?post=4506"}],"version-history":[{"count":17,"href":"https:\/\/miltonmarchioli.com.br\/blog\/wp-json\/wp\/v2\/posts\/4506\/revisions"}],"predecessor-version":[{"id":13652,"href":"https:\/\/miltonmarchioli.com.br\/blog\/wp-json\/wp\/v2\/posts\/4506\/revisions\/13652"}],"wp:attachment":[{"href":"https:\/\/miltonmarchioli.com.br\/blog\/wp-json\/wp\/v2\/media?parent=4506"}],"wp:term":[{"taxonomy":"category","embeddable":true,"href":"https:\/\/miltonmarchioli.com.br\/blog\/wp-json\/wp\/v2\/categories?post=4506"},{"taxonomy":"post_tag","embeddable":true,"href":"https:\/\/miltonmarchioli.com.br\/blog\/wp-json\/wp\/v2\/tags?post=4506"}],"curies":[{"name":"wp","href":"https:\/\/api.w.org\/{rel}","templated":true}]}}