{"id":4541,"date":"2013-02-11T23:01:54","date_gmt":"2013-02-12T01:01:54","guid":{"rendered":"http:\/\/miltonmarchioli.com.br\/blog\/?p=4541"},"modified":"2022-01-15T20:29:41","modified_gmt":"2022-01-15T23:29:41","slug":"a-igreja-de-laodiceia-do-seculo-xxi","status":"publish","type":"post","link":"https:\/\/miltonmarchioli.com.br\/blog\/a-igreja-de-laodiceia-do-seculo-xxi\/","title":{"rendered":"A  Igreja de Laodiceia do S\u00e9culo XXI"},"content":{"rendered":"<p><a href=\"https:\/\/miltonmarchioli.com.br\/blog\/wp-content\/uploads\/marchioli-pulpito.jpg\"><img loading=\"lazy\" decoding=\"async\" class=\"alignleft size-medium wp-image-4546\" title=\"marchioli pulpito\" src=\"https:\/\/miltonmarchioli.com.br\/blog\/wp-content\/uploads\/marchioli-pulpito-168x300.jpg\" alt=\"\" width=\"168\" height=\"300\" srcset=\"https:\/\/miltonmarchioli.com.br\/blog\/wp-content\/uploads\/marchioli-pulpito-168x300.jpg 168w, https:\/\/miltonmarchioli.com.br\/blog\/wp-content\/uploads\/marchioli-pulpito-576x1024.jpg 576w, https:\/\/miltonmarchioli.com.br\/blog\/wp-content\/uploads\/marchioli-pulpito.jpg 1080w\" sizes=\"auto, (max-width: 168px) 100vw, 168px\" \/><\/a>Estivemos ontem, no dia 10 de fevereiro de 2013, na Igreja Evang\u00e9lica Pentecostal &#8211; Fonte de \u00c1guas Vivas,\u00a0 sob a coordena\u00e7\u00e3o da Pastora Lourdes Domingos e do Presb\u00edtero Mauro Kiyoaki com a mensagem &#8211; A Igreja de Laodiceia do S\u00e9culo XXI.<\/p>\n<p>Igreja que apenas procura ben\u00e7\u00e3o materiais, mas nem sequer ensinam seus membros sobre o \u00fanico caminha da salva\u00e7\u00e3o &#8211; Jesus Cristo.<\/p>\n<p>Ontem apontei dez heresias toleradas pelos falsos mestres, que mais querem a l\u00e3 e gordura das ovelhas, ao inv\u00e9s de ensin\u00e1-las ao caminho da salva\u00e7\u00e3o.<\/p>\n<p>Esses falsos pastores,\u00a0 inclusive de lideran\u00e7as evang\u00e9licas, apenas pregam a teologia da prosperidade.<\/p>\n<p>Na segunda Carta de Pedro, cap\u00edtulo 2, vers\u00edculo 4 e 5, assim\u00a0 nos ensina\u00a0 a Palavra de Deus sobre a ira de Deus sobre o povo pr\u00e9-diluviano:<\/p>\n<p>4 Porque se Deus n\u00e3o poupou a anjos quando pecaram, mas lan\u00e7ou-os no inferno, e os entregou aos abismos da escurid\u00e3o, reservando-os para o ju\u00edzo;<\/p>\n<p>5 se n\u00e3o poupou ao mundo antigo, embora preservasse a No\u00e9, pregador da justi\u00e7a, com mais sete pessoas, ao trazer o dil\u00favio sobre o mundo dos \u00edmpios.<a href=\"https:\/\/miltonmarchioli.com.br\/blog\/wp-content\/uploads\/Pastora-Lourdes1.jpg\"><img loading=\"lazy\" decoding=\"async\" class=\"alignright size-medium wp-image-4547\" title=\"Pastora Lourdes\" src=\"https:\/\/miltonmarchioli.com.br\/blog\/wp-content\/uploads\/Pastora-Lourdes1-168x300.jpg\" alt=\"\" width=\"168\" height=\"300\" srcset=\"https:\/\/miltonmarchioli.com.br\/blog\/wp-content\/uploads\/Pastora-Lourdes1-168x300.jpg 168w, https:\/\/miltonmarchioli.com.br\/blog\/wp-content\/uploads\/Pastora-Lourdes1-576x1024.jpg 576w, https:\/\/miltonmarchioli.com.br\/blog\/wp-content\/uploads\/Pastora-Lourdes1.jpg 1080w\" sizes=\"auto, (max-width: 168px) 100vw, 168px\" \/><\/a><\/p>\n<p>Ent\u00e3o, apenas oito pessoas se salvaram.<\/p>\n<p>E nos dias de hoje ?<\/p>\n<p>Vivemos a Igreja de Laodic\u00e9ia.<\/p>\n<p>A famigerada teologia da prosperidade !<\/p>\n<p>A B\u00edblia diz em Ap 3:14-19<\/p>\n<p>14 Ao anjo da igreja em Laodic\u00e9ia escreve: Isto diz o Am\u00e9m, a testemunha fiel e verdadeira, o princ\u00edpio da cria\u00e7\u00e3o de Deus:<\/p>\n<p>15 Conhe\u00e7o as tuas obras, que nem \u00e9s frio nem quente; oxal\u00e1 foras frio ou quente!<\/p>\n<p>16 Assim, porque \u00e9s morno, e n\u00e3o \u00e9s quente nem frio, vomitar-te-ei da minha boca.<\/p>\n<p>17 Porquanto dizes: Rico sou, e estou enriquecido, e de nada tenho falta; e n\u00e3o sabes que \u00e9s um coitado, e miser\u00e1vel, e pobre, e cego, e nu;<\/p>\n<p>18 aconselho-te que de mim compres ouro refinado no fogo, para que te enrique\u00e7as; e vestes brancas, para que te vistas, e n\u00e3o seja manifesta a vergonha da tua nudez; e col\u00edrio, a fim de ungires os teus olhos, para que vejas.<\/p>\n<p>19 Eu repreendo e castigo a todos quantos amo: s\u00ea pois zeloso, e arrepende-te.<\/p>\n<p>Jesus, por meio do ap\u00f3stolo Jo\u00e3o, previu a Igreja de Laodiceia dos \u00faltimos tempos .<\/p>\n<p>S\u00e3o 10 heresias infiltradas no povo de Deus pelos falsos mestres.<\/p>\n<p>Vejamos em apertada s\u00edntese:<\/p>\n<p><strong><a href=\"https:\/\/miltonmarchioli.com.br\/blog\/wp-content\/uploads\/Filha-da-pastora-Lourdes-e-coral1.jpg\"><img loading=\"lazy\" decoding=\"async\" class=\"alignleft size-medium wp-image-4554\" title=\"Filha da pastora Lourdes e coral\" src=\"https:\/\/miltonmarchioli.com.br\/blog\/wp-content\/uploads\/Filha-da-pastora-Lourdes-e-coral1-300x168.jpg\" alt=\"\" width=\"300\" height=\"168\" srcset=\"https:\/\/miltonmarchioli.com.br\/blog\/wp-content\/uploads\/Filha-da-pastora-Lourdes-e-coral1-300x168.jpg 300w, https:\/\/miltonmarchioli.com.br\/blog\/wp-content\/uploads\/Filha-da-pastora-Lourdes-e-coral1-1024x576.jpg 1024w, https:\/\/miltonmarchioli.com.br\/blog\/wp-content\/uploads\/Filha-da-pastora-Lourdes-e-coral1.jpg 1920w\" sizes=\"auto, (max-width: 300px) 100vw, 300px\" \/><\/a>1-\u00a0 \u201cTodos os caminhos levam a Deus\u201d<\/strong><\/p>\n<p>A B\u00edblia diz que:<\/p>\n<p>Religi\u00e3o n\u00e3o salva.<\/p>\n<p>Igreja n\u00e3o salva.<\/p>\n<p>Pastor n\u00e3o salva.<\/p>\n<p>S\u00d3 JESUS CRISTO SALVA!<\/p>\n<p><em>\u00a0A PALAVRA DE DEUS<\/em><\/p>\n<p>Rm 1:16<\/p>\n<p>Porque n\u00e3o me envergonho do evangelho, pois \u00e9 o poder de Deus para salva\u00e7\u00e3o de todo aquele que cr\u00ea; primeiro do judeu, e tamb\u00e9m do grego.<\/p>\n<p><strong>\u00a0<\/strong>Jo 3:16<\/p>\n<p>Porque Deus amou o mundo de tal maneira que deu o seu Filho unig\u00eanito, para que todo aquele que nele cr\u00ea n\u00e3o pere\u00e7a, mas tenha a vida eterna.<\/p>\n<p>Jo 4:16<\/p>\n<p>Respondeu-lhe Jesus: Eu sou o caminho, e a verdade, e a vida; ningu\u00e9m vem ao Pai, sen\u00e3o por mim.<\/p>\n<p>CONCLUS\u00c3O<\/p>\n<p>A fun\u00e7\u00e3o da igreja \u00e9 religar a Deus \u2013 levar ao conhecimento da verdade, que \u00e9 Cristo Jesus, nosso Salvador \u2013 o \u00fanico caminho que leva ao Deus verdadeiro.<\/p>\n<p><strong><a href=\"https:\/\/miltonmarchioli.com.br\/blog\/wp-content\/uploads\/cantor-solo-coral.jpg\"><img loading=\"lazy\" decoding=\"async\" class=\"alignleft size-medium wp-image-4551\" title=\"cantor solo coral\" src=\"https:\/\/miltonmarchioli.com.br\/blog\/wp-content\/uploads\/cantor-solo-coral-300x225.jpg\" alt=\"\" width=\"300\" height=\"225\" srcset=\"https:\/\/miltonmarchioli.com.br\/blog\/wp-content\/uploads\/cantor-solo-coral-300x225.jpg 300w, https:\/\/miltonmarchioli.com.br\/blog\/wp-content\/uploads\/cantor-solo-coral-1024x768.jpg 1024w\" sizes=\"auto, (max-width: 300px) 100vw, 300px\" \/><\/a>2- \u201cEu sou bom; nunca matei ningu\u00e9m, nem roubei\u201d<\/strong><\/p>\n<p><em>A PALAVRA DE DEUS<\/em><\/p>\n<p>Marcos 10:18<\/p>\n<p>Respondeu-lhe Jesus: Por que me chamas bom? ningu\u00e9m \u00e9 bom, sen\u00e3o um que \u00e9 Deus.<\/p>\n<p>Romanos 3:23<\/p>\n<p>Porque todos pecaram e destitu\u00eddos est\u00e3o da gl\u00f3ria de Deus;<\/p>\n<p><strong>\u00a0<\/strong>I Jo\u00e3o 1:7<\/p>\n<p>mas, se andarmos na luz, como ele na luz est\u00e1, temos comunh\u00e3o uns com os outros, e o sangue de Jesus seu Filho nos purifica de todo pecado.<\/p>\n<p>CONCLUS\u00c3O<\/p>\n<p>N\u00e3o \u00e9 pelo seu m\u00e9rito, mas pelos m\u00e9ritos de Jesus que voc\u00ea \u00e9 salvo quando aceita a Jesus como seu salvador e passar a ter a certeza da vida eterna com Deus.<\/p>\n<p>Jo\u00e3o 3: 36 \u00a0\u201cQuem cr\u00ea no Filho tem a vida eterna; o que, por\u00e9m, desobedece ao Filho n\u00e3o ver\u00e1 a vida, mas sobre ele permanece a ira de Deus.\u201d<\/p>\n<p>Se fosse pelos seus m\u00e9ritos, ou meus m\u00e9ritos, nem esperan\u00e7a poder\u00edamos ter para a salva\u00e7\u00e3o.<\/p>\n<p><strong><a href=\"https:\/\/miltonmarchioli.com.br\/blog\/wp-content\/uploads\/filha-da-Pastora-Lourdes-e-marido1.jpg\"><img loading=\"lazy\" decoding=\"async\" class=\"alignleft size-medium wp-image-4555\" title=\"filha da Pastora Lourdes e marido\" src=\"https:\/\/miltonmarchioli.com.br\/blog\/wp-content\/uploads\/filha-da-Pastora-Lourdes-e-marido1-300x168.jpg\" alt=\"\" width=\"300\" height=\"168\" srcset=\"https:\/\/miltonmarchioli.com.br\/blog\/wp-content\/uploads\/filha-da-Pastora-Lourdes-e-marido1-300x168.jpg 300w, https:\/\/miltonmarchioli.com.br\/blog\/wp-content\/uploads\/filha-da-Pastora-Lourdes-e-marido1-1024x576.jpg 1024w, https:\/\/miltonmarchioli.com.br\/blog\/wp-content\/uploads\/filha-da-Pastora-Lourdes-e-marido1.jpg 1920w\" sizes=\"auto, (max-width: 300px) 100vw, 300px\" \/><\/a>3- \u201cah, mas eu pratico as boas obras\u201d<\/strong><\/p>\n<p><em> A PALAVRA DE DEUS<\/em><\/p>\n<p>II Tm 1:9<\/p>\n<p>que nos salvou, e chamou com uma santa voca\u00e7\u00e3o, n\u00e3o segundo as nossas obras, mas segundo o seu pr\u00f3prio prop\u00f3sito e a gra\u00e7a que nos foi dada em Cristo Jesus antes dos tempos eternos,<\/p>\n<p>Gl 2:16<\/p>\n<p>sabendo, contudo, que o homem n\u00e3o \u00e9 justificado por obras da lei, mas sim, pela f\u00e9 em Cristo Jesus, temos tamb\u00e9m crido em Cristo Jesus para sermos justificados pela f\u00e9 em Cristo, e n\u00e3o por obras da lei; pois por obras da lei nenhuma carne ser\u00e1 justificada.<\/p>\n<p style=\"text-align: left;\" align=\"center\">Ef 2:8-9<strong>\u00a0<\/strong><\/p>\n<p style=\"text-align: left;\" align=\"center\">8 Porque pela gra\u00e7a sois salvos, por meio da f\u00e9; e isto n\u00e3o vem de v\u00f3s, \u00e9 dom de Deus;<\/p>\n<p style=\"text-align: left;\" align=\"center\">\u00a09 n\u00e3o vem das obras, para que ningu\u00e9m se glorie.<\/p>\n<p>CONCLUS\u00c3O<\/p>\n<p>As obras s\u00e3o reflexos daquele que \u00e9 salvo, e n\u00e3o condi\u00e7\u00e3o para se salvar!<\/p>\n<p>No c\u00e9u haver\u00e1 galard\u00e3o para os salvos que tiverem praticado boas obras, como fruto do amor crist\u00e3o\u00a0 (Festa das Bodas do cordeiro para os salvos ap\u00f3s seu arrebatamento).<\/p>\n<p><strong><a href=\"https:\/\/miltonmarchioli.com.br\/blog\/wp-content\/uploads\/coral-dupla1.jpg\"><img loading=\"lazy\" decoding=\"async\" class=\"alignleft size-medium wp-image-4556\" title=\"coral dupla\" src=\"https:\/\/miltonmarchioli.com.br\/blog\/wp-content\/uploads\/coral-dupla1-300x225.jpg\" alt=\"\" width=\"300\" height=\"225\" srcset=\"https:\/\/miltonmarchioli.com.br\/blog\/wp-content\/uploads\/coral-dupla1-300x225.jpg 300w, https:\/\/miltonmarchioli.com.br\/blog\/wp-content\/uploads\/coral-dupla1-1024x768.jpg 1024w\" sizes=\"auto, (max-width: 300px) 100vw, 300px\" \/><\/a>4- \u201ceu volto em v\u00e1rias vidas para fazer o bem\u201d<\/strong><\/p>\n<p><em>\u00a0A PALAVRA DE DEUS<\/em><\/p>\n<p>J\u00f3 7: 9<\/p>\n<p>Tal como a nuvem se desfaz e some, aquele que desce \u00e0 sepultura nunca tornar\u00e1 a subir.<\/p>\n<p>Hb 9:27<\/p>\n<p>E, como aos homens est\u00e1 ordenado morrerem uma s\u00f3 vez, vindo depois o ju\u00edzo,<\/p>\n<p>Rm 6:23<\/p>\n<p>Porque o sal\u00e1rio do pecado \u00e9 a morte, mas o dom gratuito de Deus \u00e9 a vida eterna em Cristo Jesus nosso Senhor.<\/p>\n<p>Rm 8:1-2<\/p>\n<p style=\"text-align: left;\" align=\"center\">1 Portanto, agora nenhuma condena\u00e7\u00e3o h\u00e1 para os que est\u00e3o em Cristo Jesus.<\/p>\n<p style=\"text-align: left;\" align=\"center\">2 Porque a lei do Esp\u00edrito da vida, em Cristo Jesus, te livrou da lei do pecado e da morte.<\/p>\n<p>Dt 18 10-12<\/p>\n<p style=\"text-align: left;\" align=\"center\">10 N\u00e3o se achar\u00e1 no meio de ti quem fa\u00e7a passar pelo fogo o seu filho ou a sua filha, nem adivinhador, nem prognosticador, nem agoureiro, nem feiticeiro,<\/p>\n<p style=\"text-align: left;\" align=\"center\">11 nem encantador, nem quem consulte um esp\u00edrito adivinhador, nem m\u00e1gico, nem quem consulte os mortos;<\/p>\n<p style=\"text-align: left;\" align=\"center\">12 pois todo aquele que faz estas coisas \u00e9 abomin\u00e1vel ao Senhor, e \u00e9 por causa destas abomina\u00e7\u00f5es que o Senhor teu Deus os lan\u00e7a fora de diante de ti.<\/p>\n<p style=\"text-align: left;\">** N\u00e3o h\u00e1 cita\u00e7\u00e3o na b\u00edblia de reencarna\u00e7\u00e3o, ali\u00e1s se houvesse o mundo estaria melhor.<\/p>\n<p style=\"text-align: left;\">E os valores morais s\u00f3 t\u00eam piorado nos \u00faltimos 50 anos.<\/p>\n<p style=\"text-align: left;\">Lucas 23-43<\/p>\n<p>Respondeu-lhe Jesus: Em verdade te digo que hoje estar\u00e1s comigo no para\u00edso.<\/p>\n<p>Porque o ladr\u00e3o pediu a pessoa certa !<\/p>\n<p>Jesus \u00e9 Deus.<\/p>\n<p>Jo 1:1-3<\/p>\n<p style=\"text-align: left;\" align=\"center\">1 No princ\u00edpio era o Verbo, e o Verbo estava com Deus, e o Verbo era Deus.<\/p>\n<p style=\"text-align: left;\" align=\"center\">2 Ele estava no princ\u00edpio com Deus.<\/p>\n<p style=\"text-align: left;\" align=\"center\">3 Todas as coisas foram feitas por interm\u00e9dio dele, e sem ele nada do que foi feito se fez.<\/p>\n<p>CONCLUS\u00c3O<\/p>\n<p>Ladr\u00e3o na Cruz afasta essa hip\u00f3tese!<\/p>\n<p>A Cruz n\u00e3o significaria nada se houvesse reencarna\u00e7\u00e3o.<\/p>\n<p>Rm 3:10 -\u201ccomo est\u00e1 escrito: N\u00e3o h\u00e1 justo, nem sequer um.\u201d<\/p>\n<p>N\u00e3o h\u00e1 justo, mas somos justificados quando aceitamos o Senhor Jesus como \u00fanico e suficiente salvador.<\/p>\n<p>Advert\u00eancia para que os torcem as sagradas escrituras (exemplo: evangelho segundo o espiritismo)<\/p>\n<p>Ap 22:18<\/p>\n<p>Eu testifico a todo aquele que ouvir as palavras da profecia deste livro: Se algu\u00e9m lhes acrescentar alguma coisa, Deus lhe acrescentar\u00e1 as pragas que est\u00e3o escritas neste livro.<\/p>\n<p><strong><a href=\"https:\/\/miltonmarchioli.com.br\/blog\/wp-content\/uploads\/Cantora-solo.jpg\"><img loading=\"lazy\" decoding=\"async\" class=\"alignleft size-medium wp-image-4557\" title=\"Cantora - solo\" src=\"https:\/\/miltonmarchioli.com.br\/blog\/wp-content\/uploads\/Cantora-solo-300x225.jpg\" alt=\"\" width=\"300\" height=\"225\" srcset=\"https:\/\/miltonmarchioli.com.br\/blog\/wp-content\/uploads\/Cantora-solo-300x225.jpg 300w, https:\/\/miltonmarchioli.com.br\/blog\/wp-content\/uploads\/Cantora-solo-1024x768.jpg 1024w\" sizes=\"auto, (max-width: 300px) 100vw, 300px\" \/><\/a>5- \u201c eu passo pelo purgat\u00f3rio e depois vou para o c\u00e9u\u201d<\/strong><\/p>\n<p><em>\u00a0A PALAVRA DE DEUS<\/em><\/p>\n<p>Lucas 23-43<\/p>\n<p>Respondeu-lhe Jesus: Em verdade te digo que hoje estar\u00e1s comigo no para\u00edso.<\/p>\n<p>O purgat\u00f3rio significa que \u201cpurgar\u00edamos \u201c os nosso pecados gra\u00e7as a ora\u00e7\u00e3o dos nossos amigos vivos.<\/p>\n<p>A ideia do Purgat\u00f3rio s\u00f3 foi acrescentada pela religi\u00e3o dominante em 593.dC.<\/p>\n<p>O que a B\u00edblia diz:<\/p>\n<p>Eclesiastes 12:5-7<\/p>\n<p style=\"text-align: left;\" align=\"center\">5 como tamb\u00e9m quando temerem o que \u00e9 alto, e houver espantos no caminho; e florescer a amendoeira, e o gafanhoto for um peso, e falhar o desejo; porque o homem se vai \u00e0 sua casa eterna, e os pranteadores andar\u00e3o rodeando pela pra\u00e7a;<\/p>\n<p style=\"text-align: left;\" align=\"center\">6 antes que se rompa a cadeia de prata, ou se quebre o copo de ouro, ou se despedace o c\u00e2ntaro junto \u00e0 fonte, ou se desfa\u00e7a a roda junto \u00e0 cisterna,<\/p>\n<p style=\"text-align: left;\" align=\"center\">7 e o p\u00f3 volte para a terra como o era, e o esp\u00edrito volte a Deus que o deu.<\/p>\n<p>Filipenses 3:20<\/p>\n<p>Mas a nossa p\u00e1tria est\u00e1 nos c\u00e9us, donde tamb\u00e9m aguardamos um Salvador, o Senhor Jesus Cristo,<\/p>\n<p>CONCLUS\u00c3O<\/p>\n<p>Mt 22:29<\/p>\n<p>Jesus, por\u00e9m, lhes respondeu: Errais, n\u00e3o compreendendo as Escrituras nem o poder de Deus;<\/p>\n<p>Jo 8:32<\/p>\n<p>e conhecereis a verdade, e a verdade vos libertar\u00e1.<\/p>\n<p><strong><a href=\"https:\/\/miltonmarchioli.com.br\/blog\/wp-content\/uploads\/coral-igreja-assis.jpg\"><img loading=\"lazy\" decoding=\"async\" class=\"alignleft size-medium wp-image-4558\" title=\"coral - igreja assis\" src=\"https:\/\/miltonmarchioli.com.br\/blog\/wp-content\/uploads\/coral-igreja-assis-300x168.jpg\" alt=\"\" width=\"300\" height=\"168\" srcset=\"https:\/\/miltonmarchioli.com.br\/blog\/wp-content\/uploads\/coral-igreja-assis-300x168.jpg 300w, https:\/\/miltonmarchioli.com.br\/blog\/wp-content\/uploads\/coral-igreja-assis-1024x576.jpg 1024w, https:\/\/miltonmarchioli.com.br\/blog\/wp-content\/uploads\/coral-igreja-assis.jpg 1920w\" sizes=\"auto, (max-width: 300px) 100vw, 300px\" \/><\/a>6- \u201cCoitado de Jesus \u2013 eles o mataram! E olhe, se Ele voltasse, eles o matariam outra <em>vez\u201d<\/em><\/strong><\/p>\n<p><em>A PALAVRA DE DEUS<\/em><\/p>\n<p>Jo 19:10-11<\/p>\n<p style=\"text-align: left;\" align=\"center\">10 Disse-lhe, ent\u00e3o, Pilatos: N\u00e3o me respondes? n\u00e3o sabes que tenho autoridade para te soltar, e autoridade para te crucificar?<\/p>\n<p style=\"text-align: left;\" align=\"center\">11 Respondeu-lhe Jesus: Nenhuma autoridade terias sobre mim, se de cima n\u00e3o te fora dado; por isso aquele que me entregou a ti, maior pecado tem.<\/p>\n<p>Jo 10:17-18<\/p>\n<p style=\"text-align: left;\" align=\"center\">17 Por isto o Pai me ama, porque dou a minha vida para a retomar.<\/p>\n<p style=\"text-align: left;\" align=\"center\">18 Ningu\u00e9m me tira de mim, mas eu de mim mesmo a dou; tenho autoridade para a dar, e tenho autoridade para retom\u00e1-la. Este mandamento recebi de meu Pai.<\/p>\n<p>Mt 20:28<\/p>\n<p>assim como o Filho do homem n\u00e3o veio para ser servido, mas para servir, e para dar a sua vida em resgate de muitos.<\/p>\n<p>CONCLUS\u00c3O<\/p>\n<p>Jesus, ele mesmo anunciou que iria morrer para nos permitir a vida eterna com Deus. Ningu\u00e9m tirou a vida de Jesus: Ele mesmo a deu em resgate por muitos, e voltar\u00e1 em gl\u00f3ria para buscar os remidos do Senhor.<\/p>\n<p style=\"text-align: left;\" align=\"center\">\u00a0Tl 4:16-17<\/p>\n<p style=\"text-align: left;\" align=\"center\">16 Porque o Senhor mesmo descer\u00e1 do c\u00e9u com grande brado, \u00e0 voz do arcanjo, ao som da trombeta de Deus, e os que morreram em Cristo ressuscitar\u00e3o primeiro.<\/p>\n<p style=\"text-align: left;\" align=\"center\">17 Depois n\u00f3s, os que ficarmos vivos seremos arrebatados juntamente com eles, nas nuvens, ao encontro do Senhor nos ares, e assim estaremos para sempre com o Senhor.<\/p>\n<p><strong><a href=\"https:\/\/miltonmarchioli.com.br\/blog\/wp-content\/uploads\/Pastora-Lourdes-close.jpg\"><img loading=\"lazy\" decoding=\"async\" class=\"alignleft size-medium wp-image-4559\" title=\"Pastora Lourdes - close\" src=\"https:\/\/miltonmarchioli.com.br\/blog\/wp-content\/uploads\/Pastora-Lourdes-close-300x168.jpg\" alt=\"\" width=\"300\" height=\"168\" srcset=\"https:\/\/miltonmarchioli.com.br\/blog\/wp-content\/uploads\/Pastora-Lourdes-close-300x168.jpg 300w, https:\/\/miltonmarchioli.com.br\/blog\/wp-content\/uploads\/Pastora-Lourdes-close-1024x576.jpg 1024w, https:\/\/miltonmarchioli.com.br\/blog\/wp-content\/uploads\/Pastora-Lourdes-close.jpg 1920w\" sizes=\"auto, (max-width: 300px) 100vw, 300px\" \/><\/a>7- \u201c vou pedir perd\u00e3o ao l\u00edder da minha igreja \u2013 ele vai me mandar repetir umas ora\u00e7\u00f5es, assim, eu estarei com\u00a0 as contas acertadas com Deus \u201c<\/strong><\/p>\n<p><em>A PALAVRA DE DEUS<\/em><\/p>\n<p>Dn 9:9<\/p>\n<p>Ao Senhor, nosso Deus, pertencem \u00e0 miseric\u00f3rdia e o perd\u00e3o; pois nos rebelamos contra ele.<\/p>\n<p>II Cr 7:12-14<\/p>\n<p style=\"text-align: left;\" align=\"center\">12 E o Senhor apareceu de noite a Salom\u00e3o e lhe disse: Eu ouvi a tua ora\u00e7\u00e3o e escolhi para mim este lugar para casa de sacrif\u00edcio.<\/p>\n<p style=\"text-align: left;\" align=\"center\">13 Se eu cerrar o c\u00e9u de modo que n\u00e3o haja chuva, ou se ordenar aos gafanhotos que consumam a terra, ou se enviar a peste entre o meu povo;<\/p>\n<p style=\"text-align: left;\" align=\"center\">14 e se o meu povo, que se chama pelo meu nome, se humilhar, e orar, e buscar a minha face, e se desviar dos seus maus caminhos, ent\u00e3o eu ouvirei do c\u00e9u, e perdoarei os seus pecados, e sararei a sua terra.<\/p>\n<p>I Jo 1:9<\/p>\n<p>Se confessarmos os nossos pecados, ele \u00e9 fiel e justo para nos perdoar os pecados e nos purificar de toda injusti\u00e7a.<\/p>\n<p>CONCLUS\u00c3O<\/p>\n<p>Deus quer que voc\u00ea se converta dos seus pecados, ent\u00e3o,\u00a0 ore a Jesus.<\/p>\n<p>Pv 28:13<\/p>\n<p>O que encobre as suas transgress\u00f5es nunca prosperar\u00e1; mas o que as confessa e deixa, alcan\u00e7ar\u00e1 miseric\u00f3rdia.<\/p>\n<p><strong><a href=\"https:\/\/miltonmarchioli.com.br\/blog\/wp-content\/uploads\/Presbitero-Mauro.jpg\"><img loading=\"lazy\" decoding=\"async\" class=\"alignleft size-medium wp-image-4560\" title=\"Presbitero Mauro\" src=\"https:\/\/miltonmarchioli.com.br\/blog\/wp-content\/uploads\/Presbitero-Mauro-300x225.jpg\" alt=\"\" width=\"300\" height=\"225\" srcset=\"https:\/\/miltonmarchioli.com.br\/blog\/wp-content\/uploads\/Presbitero-Mauro-300x225.jpg 300w, https:\/\/miltonmarchioli.com.br\/blog\/wp-content\/uploads\/Presbitero-Mauro-1024x768.jpg 1024w\" sizes=\"auto, (max-width: 300px) 100vw, 300px\" \/><\/a>8- \u201cent\u00e3o vou pedir para o meu santo \u201c<\/strong><\/p>\n<p><em>A PALAVRA DE DEUS<\/em><\/p>\n<p>I Pe 1:16<\/p>\n<p>porquanto est\u00e1 escrito: Sereis santos, porque eu sou santo.<\/p>\n<p>Ex 20:4-5<\/p>\n<p style=\"text-align: left;\" align=\"center\">4 N\u00e3o far\u00e1s para ti imagem esculpida, nem figura alguma do que h\u00e1 em cima no c\u00e9u, nem em baixo na terra, nem nas \u00e1guas debaixo da terra.<\/p>\n<p style=\"text-align: left;\" align=\"center\">5 N\u00e3o te encurvar\u00e1s diante delas, nem as servir\u00e1s; porque eu, o Senhor teu Deus, sou Deus zeloso, que visito a iniq\u00fcidade dos pais nos filhos at\u00e9 a terceira e quarta gera\u00e7\u00e3o daqueles que me odeiam.<\/p>\n<p>I Tm 2:5<\/p>\n<p>Porque h\u00e1 um s\u00f3 Deus, e um s\u00f3 Mediador entre Deus e os homens, Cristo Jesus, homem.<\/p>\n<p>CONCLUS\u00c3O<\/p>\n<p>Santo quer dizer separado para o servi\u00e7o de Deus, e para ser disc\u00edpulo de Jesus.<\/p>\n<p>Nenhum santo pode ou deseja tomar o lugar de Jesus, que \u00e9 o \u00fanico mediador entre Deus e o homem.<\/p>\n<p>Rm 8:34<\/p>\n<p>Quem os condenar\u00e1? Cristo Jesus \u00e9 quem morreu, ou antes quem ressurgiu dentre os mortos, o qual est\u00e1 \u00e0 direita de Deus, e tamb\u00e9m intercede por n\u00f3s.<\/p>\n<p><strong><a href=\"https:\/\/miltonmarchioli.com.br\/blog\/wp-content\/uploads\/marchioli-e-pulpito-2.jpg\"><img loading=\"lazy\" decoding=\"async\" class=\"alignleft size-medium wp-image-4561\" title=\"marchioli e pulpito 2\" src=\"https:\/\/miltonmarchioli.com.br\/blog\/wp-content\/uploads\/marchioli-e-pulpito-2-146x300.jpg\" alt=\"\" width=\"146\" height=\"300\" srcset=\"https:\/\/miltonmarchioli.com.br\/blog\/wp-content\/uploads\/marchioli-e-pulpito-2-146x300.jpg 146w, https:\/\/miltonmarchioli.com.br\/blog\/wp-content\/uploads\/marchioli-e-pulpito-2.jpg 355w\" sizes=\"auto, (max-width: 146px) 100vw, 146px\" \/><\/a>9- \u201cah, mas todos s\u00e3o filhos de Deus&#8221;<\/strong><\/p>\n<p><em>A PALAVRA DE DEUS<\/em><\/p>\n<p>Jo 1:10-12<\/p>\n<p style=\"text-align: left;\" align=\"center\">10 Estava ele no mundo, e o mundo foi feito por interm\u00e9dio dele, e o mundo n\u00e3o o conheceu.<\/p>\n<p style=\"text-align: left;\" align=\"center\">11 Veio para o que era seu, e os seus n\u00e3o o receberam.<\/p>\n<p style=\"text-align: left;\" align=\"center\">12 Mas, a todos quantos o receberam, aos que creem no seu nome, deu-lhes o poder de se tornarem filhos de Deus;<\/p>\n<p>Mr 16:15<\/p>\n<p>E disse-lhes: Ide por todo o mundo, e pregai o evangelho a toda criatura.<\/p>\n<p>CONCLUS\u00c3O<\/p>\n<p>Todos s\u00e3o criaturas de Deus e os que recebem a JESUS, e creem n&#8217;Ele como seu Salvador, estes, sim, s\u00e3o filhos de Deus!!<\/p>\n<p>Jesus venceu a morte: ressuscitou ao terceiro dia, e est\u00e1 assentado no trono da gra\u00e7a para interceder por n\u00f3s.<\/p>\n<p>Jesus buscar\u00e1 a sua igreja, e ainda estar\u00e1 no julgamento do trono branco em Apocalipse 20 11-15 (nesse julgamento n\u00e3o estar\u00e1 \u00e0 igreja, mas os que n\u00e3o estiverem inscritos no Livro da Vida para a condena\u00e7\u00e3o).<\/p>\n<p><strong><a href=\"https:\/\/miltonmarchioli.com.br\/blog\/wp-content\/uploads\/marchioli-e-coral.jpg\"><img loading=\"lazy\" decoding=\"async\" class=\"alignleft size-medium wp-image-4562\" title=\"marchioli e coral\" src=\"https:\/\/miltonmarchioli.com.br\/blog\/wp-content\/uploads\/marchioli-e-coral-300x168.jpg\" alt=\"\" width=\"300\" height=\"168\" srcset=\"https:\/\/miltonmarchioli.com.br\/blog\/wp-content\/uploads\/marchioli-e-coral-300x168.jpg 300w, https:\/\/miltonmarchioli.com.br\/blog\/wp-content\/uploads\/marchioli-e-coral-1024x576.jpg 1024w, https:\/\/miltonmarchioli.com.br\/blog\/wp-content\/uploads\/marchioli-e-coral.jpg 1920w\" sizes=\"auto, (max-width: 300px) 100vw, 300px\" \/><\/a>10 \u201c a mesma voz do povo se manifestou para pedir a Pilatos que crucificasse Jesus e soltasse Barrab\u00e1s &#8220;<\/strong><\/p>\n<p><em>A PALAVRA DE DEUS<\/em><\/p>\n<p>Mt\u00a0 27:21-22<\/p>\n<p style=\"text-align: left;\" align=\"center\">\u00a021 O governador, pois, perguntou-lhes: Qual dos dois quereis que eu vos solte? E disseram: Barrab\u00e1s.<\/p>\n<p style=\"text-align: left;\" align=\"center\">22 Tornou-lhes Pilatos: Que farei ent\u00e3o de Jesus, que se chama Cristo? Disseram todos: Seja crucificado.<\/p>\n<p>Conclus\u00e3o final:<\/p>\n<p>A voz do povo n\u00e3o \u00e9 a Palavra de Deus.<\/p>\n<p>Ap 3:20<\/p>\n<p>Eis que estou \u00e0 porta e bato; se algu\u00e9m ouvir a minha voz, e abrir a porta, entrarei em sua casa, e com ele cearei, e ele comigo.<\/p>\n<p>Essa \u00e9 a voz que a Igreja de Cristo precisa ouvir: a do seu verdadeiro mestre.<\/p>\n<p>O que a Igreja de Esmirna tinha era o temor e rever\u00eancia ao Senhor Jesus.<\/p>\n<p>A Igreja de Esmirna est\u00e1 muito rara nos dias de hoje, e muito menos no S\u00e9culo 21&#8230;<\/p>\n<p>Muitas das igrejas crist\u00e3s est\u00e3o sendo coordenadas por falsos pastores,\u00a0 falsos mestres, os quais pregam heresias e apostasia\u00a0 no meio do povo de Deus.<\/p>\n<p>Aguardemos a Segunda Vinda do Senhor Jesus !!!<\/p>\n<p><a href=\"https:\/\/miltonmarchioli.com.br\/blog\/wp-content\/uploads\/marchioli-alda-emilia1.jpg\"><img loading=\"lazy\" decoding=\"async\" class=\"aligncenter wp-image-4566\" title=\"marchioli-alda-emilia\" src=\"https:\/\/miltonmarchioli.com.br\/blog\/wp-content\/uploads\/marchioli-alda-emilia1-300x225.jpg\" alt=\"\" width=\"444\" height=\"332\" srcset=\"https:\/\/miltonmarchioli.com.br\/blog\/wp-content\/uploads\/marchioli-alda-emilia1-300x225.jpg 300w, https:\/\/miltonmarchioli.com.br\/blog\/wp-content\/uploads\/marchioli-alda-emilia1-1024x768.jpg 1024w\" sizes=\"auto, (max-width: 444px) 100vw, 444px\" \/><\/a><\/p>\n","protected":false},"excerpt":{"rendered":"<p>Estivemos ontem, no dia 10 de fevereiro de 2013, na Igreja Evang\u00e9lica Pentecostal &#8211; Fonte de \u00c1guas Vivas,\u00a0 sob a coordena\u00e7\u00e3o da Pastora Lourdes Domingos e do Presb\u00edtero Mauro Kiyoaki com a mensagem &#8211; A Igreja de Laodiceia do S\u00e9culo XXI. Igreja que apenas procura ben\u00e7\u00e3o materiais, mas nem sequer ensinam seus membros sobre o &hellip; <a href=\"https:\/\/miltonmarchioli.com.br\/blog\/a-igreja-de-laodiceia-do-seculo-xxi\/\" class=\"more-link\">Continue lendo <span class=\"screen-reader-text\">A  Igreja de Laodiceia do S\u00e9culo XXI<\/span> <span class=\"meta-nav\">&rarr;<\/span><\/a><\/p>\n","protected":false},"author":2,"featured_media":0,"comment_status":"open","ping_status":"open","sticky":false,"template":"","format":"standard","meta":{"rop_custom_images_group":[],"rop_custom_messages_group":[],"rop_publish_now":"initial","rop_publish_now_accounts":[],"rop_publish_now_history":[],"rop_publish_now_status":"pending","footnotes":""},"categories":[13,298],"tags":[295,387,290],"class_list":["post-4541","post","type-post","status-publish","format-standard","hentry","category-opiniao","category-teologia","tag-eva-alda-vieira-coelho-milton-marchioli-emilia-sanches-marchioli","tag-igreja-evangelica-pentecostal-fonte-de-aguas-vivas","tag-pastora-lourdes-domingos"],"_links":{"self":[{"href":"https:\/\/miltonmarchioli.com.br\/blog\/wp-json\/wp\/v2\/posts\/4541","targetHints":{"allow":["GET"]}}],"collection":[{"href":"https:\/\/miltonmarchioli.com.br\/blog\/wp-json\/wp\/v2\/posts"}],"about":[{"href":"https:\/\/miltonmarchioli.com.br\/blog\/wp-json\/wp\/v2\/types\/post"}],"author":[{"embeddable":true,"href":"https:\/\/miltonmarchioli.com.br\/blog\/wp-json\/wp\/v2\/users\/2"}],"replies":[{"embeddable":true,"href":"https:\/\/miltonmarchioli.com.br\/blog\/wp-json\/wp\/v2\/comments?post=4541"}],"version-history":[{"count":21,"href":"https:\/\/miltonmarchioli.com.br\/blog\/wp-json\/wp\/v2\/posts\/4541\/revisions"}],"predecessor-version":[{"id":10718,"href":"https:\/\/miltonmarchioli.com.br\/blog\/wp-json\/wp\/v2\/posts\/4541\/revisions\/10718"}],"wp:attachment":[{"href":"https:\/\/miltonmarchioli.com.br\/blog\/wp-json\/wp\/v2\/media?parent=4541"}],"wp:term":[{"taxonomy":"category","embeddable":true,"href":"https:\/\/miltonmarchioli.com.br\/blog\/wp-json\/wp\/v2\/categories?post=4541"},{"taxonomy":"post_tag","embeddable":true,"href":"https:\/\/miltonmarchioli.com.br\/blog\/wp-json\/wp\/v2\/tags?post=4541"}],"curies":[{"name":"wp","href":"https:\/\/api.w.org\/{rel}","templated":true}]}}