{"id":4611,"date":"2013-03-04T09:52:50","date_gmt":"2013-03-04T12:52:50","guid":{"rendered":"http:\/\/miltonmarchioli.com.br\/blog\/?p=4611"},"modified":"2022-01-15T20:31:30","modified_gmt":"2022-01-15T23:31:30","slug":"cefaleias-primarias-seminario-curso-de-medicina-da-famema-10","status":"publish","type":"post","link":"https:\/\/miltonmarchioli.com.br\/blog\/cefaleias-primarias-seminario-curso-de-medicina-da-famema-10\/","title":{"rendered":"Cefaleias Prim\u00e1rias. Semin\u00e1rio. Curso de Medicina da Famema"},"content":{"rendered":"<p><img loading=\"lazy\" decoding=\"async\" class=\"alignleft wp-image-11770\" src=\"https:\/\/miltonmarchioli.com.br\/blog\/wp-content\/uploads\/dor-de-cabe\u00e7a-dores-de-colombia-300x192.jpg\" alt=\"dor de cabe\u00e7a- dores de colombia\" width=\"280\" height=\"179\" srcset=\"https:\/\/miltonmarchioli.com.br\/blog\/wp-content\/uploads\/dor-de-cabe\u00e7a-dores-de-colombia-300x192.jpg 300w, https:\/\/miltonmarchioli.com.br\/blog\/wp-content\/uploads\/dor-de-cabe\u00e7a-dores-de-colombia.jpg 360w\" sizes=\"auto, (max-width: 280px) 100vw, 280px\" \/>Semin\u00e1rio apresentado pelos acad\u00eamicos\u00a0 do 4\u00ba ano- curso de medicina Famema &#8211; Eduardo Perillo Mendes de Vasconcellos, Ana L\u00facia dos Santos Bianchini e Maiara Kanematsuno no Ambulat\u00f3rio de Cefaleia- Ambulat\u00f3rio M\u00e1rio Covas- disciplina Neurologia e Educa\u00e7\u00e3o em Ci\u00eancias da Sa\u00fade.<\/p>\n<p><a href=\"https:\/\/miltonmarchioli.com.br\/blog\/wp-content\/uploads\/Cefaleia-Fisiopatologia-e-Diagn\u00f3stico-e-Tratamento-Eduardo-Ana-L\u00facia-Maiara.ppt\">Revis\u00e3o destacando-se quadro cl\u00ednico, diagn\u00f3stico e tratamento das Cefaleias Prim\u00e1rias.<\/a><\/p>\n<p>As cefaleias s\u00e3o muito prevalentes na Neurologia, pois que a falta de tratamento adequado das Cefaleias Primarias determina o surgimento de\u00a0 Cefaleias Cr\u00f4nicas.<\/p>\n<p>O Ambulat\u00f3rio de Cefaleia- Faculdade de Medicina de Mar\u00edlia -recebe os usu\u00e1rios do SUS do Departamento Regional de Sa\u00fade IX do Estado de S\u00e3o Paulo.<\/p>\n<p>O Ambulat\u00f3rio de Cefaleia est\u00e1 em funcionamento desde 2009, e \u00e9 composto por dois Residentes em Neurologia, al\u00e9m do docente supervisor dos mesmos.<\/p>\n<p><img loading=\"lazy\" decoding=\"async\" class=\"aligncenter size-full wp-image-11771\" src=\"https:\/\/miltonmarchioli.com.br\/blog\/wp-content\/uploads\/dor-de-cabe\u00e7a-lampada.jpg\" alt=\"dor de cabe\u00e7a -lampada\" width=\"640\" height=\"480\" srcset=\"https:\/\/miltonmarchioli.com.br\/blog\/wp-content\/uploads\/dor-de-cabe\u00e7a-lampada.jpg 640w, https:\/\/miltonmarchioli.com.br\/blog\/wp-content\/uploads\/dor-de-cabe\u00e7a-lampada-300x225.jpg 300w\" sizes=\"auto, (max-width: 640px) 100vw, 640px\" \/><\/p>\n","protected":false},"excerpt":{"rendered":"<p>Semin\u00e1rio apresentado pelos acad\u00eamicos\u00a0 do 4\u00ba ano- curso de medicina Famema &#8211; Eduardo Perillo Mendes de Vasconcellos, Ana L\u00facia dos Santos Bianchini e Maiara Kanematsuno no Ambulat\u00f3rio de Cefaleia- Ambulat\u00f3rio M\u00e1rio Covas- disciplina Neurologia e Educa\u00e7\u00e3o em Ci\u00eancias da Sa\u00fade. Revis\u00e3o destacando-se quadro cl\u00ednico, diagn\u00f3stico e tratamento das Cefaleias Prim\u00e1rias. As cefaleias s\u00e3o muito prevalentes &hellip; <a href=\"https:\/\/miltonmarchioli.com.br\/blog\/cefaleias-primarias-seminario-curso-de-medicina-da-famema-10\/\" class=\"more-link\">Continue lendo <span class=\"screen-reader-text\">Cefaleias Prim\u00e1rias. Semin\u00e1rio. Curso de Medicina da Famema<\/span> <span class=\"meta-nav\">&rarr;<\/span><\/a><\/p>\n","protected":false},"author":2,"featured_media":0,"comment_status":"open","ping_status":"open","sticky":false,"template":"","format":"standard","meta":{"rop_custom_images_group":[],"rop_custom_messages_group":[],"rop_publish_now":"initial","rop_publish_now_accounts":[],"rop_publish_now_history":[],"rop_publish_now_status":"pending","footnotes":""},"categories":[4,13,9],"tags":[657,193],"class_list":["post-4611","post","type-post","status-publish","format-standard","hentry","category-neurologia","category-opiniao","category-saude-publica","tag-ambulatorio-de-cefaleia-ambulatorio-mario-covas-famema","tag-milton-marchioli"],"_links":{"self":[{"href":"https:\/\/miltonmarchioli.com.br\/blog\/wp-json\/wp\/v2\/posts\/4611","targetHints":{"allow":["GET"]}}],"collection":[{"href":"https:\/\/miltonmarchioli.com.br\/blog\/wp-json\/wp\/v2\/posts"}],"about":[{"href":"https:\/\/miltonmarchioli.com.br\/blog\/wp-json\/wp\/v2\/types\/post"}],"author":[{"embeddable":true,"href":"https:\/\/miltonmarchioli.com.br\/blog\/wp-json\/wp\/v2\/users\/2"}],"replies":[{"embeddable":true,"href":"https:\/\/miltonmarchioli.com.br\/blog\/wp-json\/wp\/v2\/comments?post=4611"}],"version-history":[{"count":17,"href":"https:\/\/miltonmarchioli.com.br\/blog\/wp-json\/wp\/v2\/posts\/4611\/revisions"}],"predecessor-version":[{"id":13654,"href":"https:\/\/miltonmarchioli.com.br\/blog\/wp-json\/wp\/v2\/posts\/4611\/revisions\/13654"}],"wp:attachment":[{"href":"https:\/\/miltonmarchioli.com.br\/blog\/wp-json\/wp\/v2\/media?parent=4611"}],"wp:term":[{"taxonomy":"category","embeddable":true,"href":"https:\/\/miltonmarchioli.com.br\/blog\/wp-json\/wp\/v2\/categories?post=4611"},{"taxonomy":"post_tag","embeddable":true,"href":"https:\/\/miltonmarchioli.com.br\/blog\/wp-json\/wp\/v2\/tags?post=4611"}],"curies":[{"name":"wp","href":"https:\/\/api.w.org\/{rel}","templated":true}]}}