{"id":4686,"date":"2013-03-16T13:37:53","date_gmt":"2013-03-16T16:37:53","guid":{"rendered":"http:\/\/miltonmarchioli.com.br\/blog\/?p=4686"},"modified":"2022-01-15T21:46:32","modified_gmt":"2022-01-16T00:46:32","slug":"ccefaleias-primarias-e-secundarias-seminario-curso-de-medicina-da-famema","status":"publish","type":"post","link":"https:\/\/miltonmarchioli.com.br\/blog\/ccefaleias-primarias-e-secundarias-seminario-curso-de-medicina-da-famema\/","title":{"rendered":"Cefaleias Prim\u00e1rias e Secund\u00e1rias. Semin\u00e1rio. Curso de Medicina da Famema"},"content":{"rendered":"<p><a href=\"https:\/\/miltonmarchioli.com.br\/blog\/wp-content\/uploads\/cefaleia-oculos1.jpg\"><img loading=\"lazy\" decoding=\"async\" class=\"alignleft wp-image-10736\" src=\"https:\/\/miltonmarchioli.com.br\/blog\/wp-content\/uploads\/cefaleia-oculos1-300x214.jpg\" alt=\"cefaleia - oculos\" width=\"268\" height=\"191\" srcset=\"https:\/\/miltonmarchioli.com.br\/blog\/wp-content\/uploads\/cefaleia-oculos1-300x214.jpg 300w, https:\/\/miltonmarchioli.com.br\/blog\/wp-content\/uploads\/cefaleia-oculos1.jpg 350w\" sizes=\"auto, (max-width: 268px) 100vw, 268px\" \/><\/a><a href=\"https:\/\/miltonmarchioli.com.br\/blog\/wp-content\/uploads\/CEFALEIAS-PRIM\u00c1RIAS-e-SECUND\u00c1RIAS-16-03-2013.pptx\">Semin\u00e1rio apresentado pelos acad\u00eamicos de medicina do 4\u00ba ano do curso de medicina da Famema Amanda Bittencourt, Bruno Nunes, Carolina Jehae Gustavo Reis- Cefaleias Prim\u00e1rias e Secund\u00e1rias &#8211; Ambulat\u00f3rio\u00a0 de Cefaleia &#8211; Ambulat\u00f3rio M\u00e1rio Covas- disciplinas de Neurologia e Educa\u00e7\u00e3o em Ci\u00eancias da Sa\u00fade.<\/a><\/p>\n<p>Os alunos fizeram revis\u00e3o abordando quadro\u00a0 cl\u00ednico,\u00a0 fisiopatologia, e tratamento das Cefaleias Prim\u00e1rias e Secund\u00e1rias.<\/p>\n<p>O Ambulat\u00f3rio de Cefaleia- Mario Covas- recebe encaminhamento do Departamento Regional de Sa\u00fade IX do Estado e S\u00e3o Paulo.<\/p>\n<p>O atendimento \u00e9 feito pelos alunos do 4\u00ba ano do curso de medicina e Residentes da Neurologia (R2 e R3) para os usu\u00e1rios do SUS.<\/p>\n<p>O ambulat\u00f3rio est\u00e1 em funcionamento desde 2010, e \u00e9 o \u00fanico da regi\u00e3o do Estado de S\u00e3o Paulo com atendimento especializado em cefaleias .<\/p>\n<p>O diagn\u00f3stico correto, e\u00a0 a institui\u00e7\u00e3o de terapia, profil\u00e1tica e nas crises, produzem melhoras importantes na qualidade de vida dos usu\u00e1rios do SUS.<\/p>\n<p>Outrossim, ap\u00f3s o usu\u00e1rio ter seu diagn\u00f3stico feito, e ap\u00f3s resposta satisfat\u00f3ria ao tratamento proposto, promove-se a contrarrefer\u00eancia com as sugest\u00f5es para acompanhamento na cidade de origem.<\/p>\n<p>Em defesa do SUS !<\/p>\n<p><a href=\"https:\/\/miltonmarchioli.com.br\/blog\/wp-content\/uploads\/a-dor-pablo-picasso.jpg\"><img loading=\"lazy\" decoding=\"async\" class=\"aligncenter size-full wp-image-10734\" src=\"https:\/\/miltonmarchioli.com.br\/blog\/wp-content\/uploads\/a-dor-pablo-picasso.jpg\" alt=\"a dor pablo picasso\" width=\"391\" height=\"500\" srcset=\"https:\/\/miltonmarchioli.com.br\/blog\/wp-content\/uploads\/a-dor-pablo-picasso.jpg 391w, https:\/\/miltonmarchioli.com.br\/blog\/wp-content\/uploads\/a-dor-pablo-picasso-235x300.jpg 235w\" sizes=\"auto, (max-width: 391px) 100vw, 391px\" \/><\/a><\/p>\n","protected":false},"excerpt":{"rendered":"<p>Semin\u00e1rio apresentado pelos acad\u00eamicos de medicina do 4\u00ba ano do curso de medicina da Famema Amanda Bittencourt, Bruno Nunes, Carolina Jehae Gustavo Reis- Cefaleias Prim\u00e1rias e Secund\u00e1rias &#8211; Ambulat\u00f3rio\u00a0 de Cefaleia &#8211; Ambulat\u00f3rio M\u00e1rio Covas- disciplinas de Neurologia e Educa\u00e7\u00e3o em Ci\u00eancias da Sa\u00fade. Os alunos fizeram revis\u00e3o abordando quadro\u00a0 cl\u00ednico,\u00a0 fisiopatologia, e tratamento das &hellip; <a href=\"https:\/\/miltonmarchioli.com.br\/blog\/ccefaleias-primarias-e-secundarias-seminario-curso-de-medicina-da-famema\/\" class=\"more-link\">Continue lendo <span class=\"screen-reader-text\">Cefaleias Prim\u00e1rias e Secund\u00e1rias. Semin\u00e1rio. Curso de Medicina da Famema<\/span> <span class=\"meta-nav\">&rarr;<\/span><\/a><\/p>\n","protected":false},"author":2,"featured_media":0,"comment_status":"open","ping_status":"open","sticky":false,"template":"","format":"standard","meta":{"rop_custom_images_group":[],"rop_custom_messages_group":[],"rop_publish_now":"initial","rop_publish_now_accounts":[],"rop_publish_now_history":[],"rop_publish_now_status":"pending","footnotes":""},"categories":[4,13,9],"tags":[304],"class_list":["post-4686","post","type-post","status-publish","format-standard","hentry","category-neurologia","category-opiniao","category-saude-publica","tag-ambulatorio-de-cefaleia-famema-milton-marchioli"],"_links":{"self":[{"href":"https:\/\/miltonmarchioli.com.br\/blog\/wp-json\/wp\/v2\/posts\/4686","targetHints":{"allow":["GET"]}}],"collection":[{"href":"https:\/\/miltonmarchioli.com.br\/blog\/wp-json\/wp\/v2\/posts"}],"about":[{"href":"https:\/\/miltonmarchioli.com.br\/blog\/wp-json\/wp\/v2\/types\/post"}],"author":[{"embeddable":true,"href":"https:\/\/miltonmarchioli.com.br\/blog\/wp-json\/wp\/v2\/users\/2"}],"replies":[{"embeddable":true,"href":"https:\/\/miltonmarchioli.com.br\/blog\/wp-json\/wp\/v2\/comments?post=4686"}],"version-history":[{"count":19,"href":"https:\/\/miltonmarchioli.com.br\/blog\/wp-json\/wp\/v2\/posts\/4686\/revisions"}],"predecessor-version":[{"id":13657,"href":"https:\/\/miltonmarchioli.com.br\/blog\/wp-json\/wp\/v2\/posts\/4686\/revisions\/13657"}],"wp:attachment":[{"href":"https:\/\/miltonmarchioli.com.br\/blog\/wp-json\/wp\/v2\/media?parent=4686"}],"wp:term":[{"taxonomy":"category","embeddable":true,"href":"https:\/\/miltonmarchioli.com.br\/blog\/wp-json\/wp\/v2\/categories?post=4686"},{"taxonomy":"post_tag","embeddable":true,"href":"https:\/\/miltonmarchioli.com.br\/blog\/wp-json\/wp\/v2\/tags?post=4686"}],"curies":[{"name":"wp","href":"https:\/\/api.w.org\/{rel}","templated":true}]}}