{"id":4700,"date":"2013-03-17T09:13:59","date_gmt":"2013-03-17T12:13:59","guid":{"rendered":"http:\/\/miltonmarchioli.com.br\/blog\/?p=4700"},"modified":"2022-01-15T21:52:38","modified_gmt":"2022-01-16T00:52:38","slug":"palavras-finais-de-jose-bitu-moreno-antes-da-votacao-nas-eleicoes-para-diretor-geral-da-famema-de-2013","status":"publish","type":"post","link":"https:\/\/miltonmarchioli.com.br\/blog\/palavras-finais-de-jose-bitu-moreno-antes-da-votacao-nas-eleicoes-para-diretor-geral-da-famema-de-2013\/","title":{"rendered":"Palavras finais de Jos\u00e9 Bitu Moreno antes da vota\u00e7\u00e3o nas elei\u00e7\u00f5es para Diretor Geral da Famema em 2013"},"content":{"rendered":"<p>&nbsp;<\/p>\n<p><a href=\"http:\/\/www.miltonmarchioli.com.br\/blog\/wp-content\/uploads\/JOSE-BITU-MORENO.jpg\"><img loading=\"lazy\" decoding=\"async\" class=\"alignleft size-full wp-image-13659\" src=\"http:\/\/www.miltonmarchioli.com.br\/blog\/wp-content\/uploads\/JOSE-BITU-MORENO.jpg\" alt=\"JOSE BITU MORENO\" width=\"300\" height=\"201\" \/><\/a>Palavras finais do candidato Jos\u00e9 Bitu Moreno antes das elei\u00e7\u00f5es para Diretor Geral da Famema:<\/p>\n<p><em>&#8220;Cansado.<\/em><\/p>\n<p><em>Extenuado.<\/em><\/p>\n<p><em>Essa disputa eleitoral na Famema gastou muito de mim, muito de n\u00f3s.<\/em><\/p>\n<p><em>Elei\u00e7\u00f5es s\u00e3o o \u00e1pice do movimento democr\u00e1tico.<\/em><\/p>\n<p><em>\u00c9 quando cada um tem voz igual, espa\u00e7o igual, independente de quaisquer diferen\u00e7as: social, cultural, econ\u00f4mica, etc.<\/em><\/p>\n<p><em>Da mesma forma, qualquer um pode se candidatar, desde que se enquadre nos requisitos adequados.<\/em><\/p>\n<p><em>Bem&#8230;deveria acontecer assim&#8230;mas n\u00e3o acontece, n\u00e3o tem acontecido conosco!!!<\/em><\/p>\n<p><em>Repete-se, repetiu-se, na micro o que tanto abominamos na macropol\u00edtica.<\/em><\/p>\n<p><em>A partir do momento em que me candidatei, e agora me reporto particularmente a mim, na v\u00e3 esperan\u00e7a de discutir argumentos, id\u00e9ias, propostas&#8230;tornei-me um inimigo da outra chapa &#8211; a do poder, a da situa\u00e7\u00e3o:\u00a0 tornei-me uma amea\u00e7a, um mal a ser extinguido, exterminado.<\/em><\/p>\n<p><em>Da\u00ed foi um passo para as ofensas, para as tentativas de desvirtuar nossas palavras, das a\u00e7\u00f5es para nos desestruturar com amea\u00e7as, com estrat\u00e9gias de implantar o medo, de semear a disc\u00f3rdia dentro do nosso pr\u00f3prio grupo, e o pior de tudo: disseminando mentiras para manchar a nossa hist\u00f3ria, a nossa constru\u00e7\u00e3o profissional, a nossa dignidade, e a nossa honra&#8230;respingando inclusive dentro do nosso pr\u00f3prio lar.<\/em><\/p>\n<p><em>Mas n\u00e3o desistimos, os enfrentamos em todas as inst\u00e2ncias.<\/em><\/p>\n<p><em>Na realidade eles subestimaram nossa intelig\u00eancia, nosso conte\u00fado, nossa seguran\u00e7a e capacidade de resist\u00eancia.<\/em><\/p>\n<p><em>E ademais ficou claro para todos o que se segue:<\/em><\/p>\n<p><em>-Se nesse momento \u00edmpar do processo democr\u00e1tico, eles n\u00e3o toleraram a opini\u00e3o e as ideias diversas, que gestores ser\u00e3o esses?<\/em><\/p>\n<p><em>-Que gestores ser\u00e3o esses que dentro de uma institui\u00e7\u00e3o superior de ensino n\u00e3o conviveram bem com a cr\u00edtica, com a diferen\u00e7a de opini\u00f5es?<\/em><\/p>\n<p><em>-Que gestores ser\u00e3o esses que semearam o medo para afugentar os que pensavam contr\u00e1rio?<\/em><\/p>\n<p><em>Pobre a institui\u00e7\u00e3o que admitir isso, triste o seu futuro &#8211; seco, \u00e1rido, sem inova\u00e7\u00e3o, sem criatividade, sem produ\u00e7\u00e3o do conhecimento, sem sa\u00fade, sem alegria e sem felicidade.<\/em><\/p>\n<p><em>Pois bem, amigos, fizemos o que dever\u00edamos ter sido feito: semeamos a d\u00favida, instigamos a cr\u00edtica, implantamos no cora\u00e7\u00e3o de cada um a perspectiva de um futuro melhor, uma r\u00e9stia de esperan\u00e7a nos seus cora\u00e7\u00f5es j\u00e1 t\u00e3o judiados, desesperan\u00e7ados, desmotivados.<\/em><\/p>\n<p><em>Somente isso j\u00e1 bastaria, mas avan\u00e7amos bem mais: a maioria decidiu por se erguer das cadeiras e se prontificaram a tamb\u00e9m construir o futuro: da institui\u00e7\u00e3o e de si pr\u00f3prios.<\/em><\/p>\n<p><em>Portanto, amigos, cansados mas satisfeitos.<\/em><\/p>\n<p><em>Estamos quase vencendo essa batalha.<\/em><\/p>\n<p><em>At\u00e9 l\u00e1 ainda restam dois dias, ficaremos atentos e n\u00e3o deixaremos de trabalhar at\u00e9 a apura\u00e7\u00e3o dos votos, at\u00e9 a vit\u00f3ria final!<\/em><\/p>\n<p><em>Muito obrigado a todos&#8221;<\/em><\/p>\n<p style=\"text-align: left;\"><a href=\"https:\/\/miltonmarchioli.com.br\/blog\/wp-content\/uploads\/BITU-HIOSPITAL-DE-ASSIS-1.jpg\"><img loading=\"lazy\" decoding=\"async\" class=\"aligncenter wp-image-4711\" title=\"BITU- HIOSPITAL DE ASSIS -\" src=\"https:\/\/miltonmarchioli.com.br\/blog\/wp-content\/uploads\/BITU-HIOSPITAL-DE-ASSIS-1-300x201.jpg\" alt=\"\" width=\"410\" height=\"274\" srcset=\"https:\/\/miltonmarchioli.com.br\/blog\/wp-content\/uploads\/BITU-HIOSPITAL-DE-ASSIS-1-300x200.jpg 300w, https:\/\/miltonmarchioli.com.br\/blog\/wp-content\/uploads\/BITU-HIOSPITAL-DE-ASSIS-1.jpg 960w\" sizes=\"auto, (max-width: 410px) 100vw, 410px\" \/><\/a>&#8220;Maior que a tristeza de n\u00e3o haver vencido \u00e9 a vergonha de n\u00e3o ter lutado&#8221;.<\/p>\n<p style=\"text-align: center;\">Rui Barbosa<\/p>\n","protected":false},"excerpt":{"rendered":"<p>&nbsp; Palavras finais do candidato Jos\u00e9 Bitu Moreno antes das elei\u00e7\u00f5es para Diretor Geral da Famema: &#8220;Cansado. Extenuado. Essa disputa eleitoral na Famema gastou muito de mim, muito de n\u00f3s. Elei\u00e7\u00f5es s\u00e3o o \u00e1pice do movimento democr\u00e1tico. \u00c9 quando cada um tem voz igual, espa\u00e7o igual, independente de quaisquer diferen\u00e7as: social, cultural, econ\u00f4mica, etc. Da &hellip; <a href=\"https:\/\/miltonmarchioli.com.br\/blog\/palavras-finais-de-jose-bitu-moreno-antes-da-votacao-nas-eleicoes-para-diretor-geral-da-famema-de-2013\/\" class=\"more-link\">Continue lendo <span class=\"screen-reader-text\">Palavras finais de Jos\u00e9 Bitu Moreno antes da vota\u00e7\u00e3o nas elei\u00e7\u00f5es para Diretor Geral da Famema em 2013<\/span> <span class=\"meta-nav\">&rarr;<\/span><\/a><\/p>\n","protected":false},"author":2,"featured_media":0,"comment_status":"open","ping_status":"open","sticky":false,"template":"","format":"standard","meta":{"rop_custom_images_group":[],"rop_custom_messages_group":[],"rop_publish_now":"initial","rop_publish_now_accounts":[],"rop_publish_now_history":[],"rop_publish_now_status":"pending","footnotes":""},"categories":[332,13,366,9],"tags":[523,305],"class_list":["post-4700","post","type-post","status-publish","format-standard","hentry","category-educacao","category-opiniao","category-politica","category-saude-publica","tag-eleicao-diretor-geral-da-famema-2013","tag-jose-bitu-moreno-famema"],"_links":{"self":[{"href":"https:\/\/miltonmarchioli.com.br\/blog\/wp-json\/wp\/v2\/posts\/4700","targetHints":{"allow":["GET"]}}],"collection":[{"href":"https:\/\/miltonmarchioli.com.br\/blog\/wp-json\/wp\/v2\/posts"}],"about":[{"href":"https:\/\/miltonmarchioli.com.br\/blog\/wp-json\/wp\/v2\/types\/post"}],"author":[{"embeddable":true,"href":"https:\/\/miltonmarchioli.com.br\/blog\/wp-json\/wp\/v2\/users\/2"}],"replies":[{"embeddable":true,"href":"https:\/\/miltonmarchioli.com.br\/blog\/wp-json\/wp\/v2\/comments?post=4700"}],"version-history":[{"count":17,"href":"https:\/\/miltonmarchioli.com.br\/blog\/wp-json\/wp\/v2\/posts\/4700\/revisions"}],"predecessor-version":[{"id":13660,"href":"https:\/\/miltonmarchioli.com.br\/blog\/wp-json\/wp\/v2\/posts\/4700\/revisions\/13660"}],"wp:attachment":[{"href":"https:\/\/miltonmarchioli.com.br\/blog\/wp-json\/wp\/v2\/media?parent=4700"}],"wp:term":[{"taxonomy":"category","embeddable":true,"href":"https:\/\/miltonmarchioli.com.br\/blog\/wp-json\/wp\/v2\/categories?post=4700"},{"taxonomy":"post_tag","embeddable":true,"href":"https:\/\/miltonmarchioli.com.br\/blog\/wp-json\/wp\/v2\/tags?post=4700"}],"curies":[{"name":"wp","href":"https:\/\/api.w.org\/{rel}","templated":true}]}}