{"id":4728,"date":"2013-03-26T08:05:50","date_gmt":"2013-03-26T11:05:50","guid":{"rendered":"http:\/\/miltonmarchioli.com.br\/blog\/?p=4728"},"modified":"2022-01-16T10:32:18","modified_gmt":"2022-01-16T13:32:18","slug":"servidores-alunos-e-docentes-da-fumes-e-famar-querem-jose-bitu-moreno-como-diretor-geral-da-famema","status":"publish","type":"post","link":"https:\/\/miltonmarchioli.com.br\/blog\/servidores-alunos-e-docentes-da-fumes-e-famar-querem-jose-bitu-moreno-como-diretor-geral-da-famema\/","title":{"rendered":"Servidores, alunos, e docentes da Fumes e Famar querem Jos\u00e9 Bitu Moreno como Diretor Geral da Famema"},"content":{"rendered":"<p><a href=\"https:\/\/miltonmarchioli.com.br\/blog\/wp-content\/uploads\/BITU-HIOSPITAL-DE-ASSIS-2.jpg\"><img loading=\"lazy\" decoding=\"async\" class=\"alignleft wp-image-4729\" title=\"BITU- HIOSPITAL DE ASSIS -\" src=\"https:\/\/miltonmarchioli.com.br\/blog\/wp-content\/uploads\/BITU-HIOSPITAL-DE-ASSIS-2-300x201.jpg\" alt=\"\" width=\"231\" height=\"155\" srcset=\"https:\/\/miltonmarchioli.com.br\/blog\/wp-content\/uploads\/BITU-HIOSPITAL-DE-ASSIS-2-300x200.jpg 300w, https:\/\/miltonmarchioli.com.br\/blog\/wp-content\/uploads\/BITU-HIOSPITAL-DE-ASSIS-2.jpg 960w\" sizes=\"auto, (max-width: 231px) 100vw, 231px\" \/><\/a>Nos dias 18 e 19 do m\u00eas de mar\u00e7o aconteceram as elei\u00e7\u00f5es para dire\u00e7\u00e3o geral da Famema.<\/p>\n<p>O professor Jos\u00e9 Bitu Moreno teve\u00a0 86 votos de docentes e de 613 funcion\u00e1rios da Fumes (Funda\u00e7\u00e3o Municipal de Ensino Superior de Mar\u00edlia).<\/p>\n<p>Detalhe&#8230;<\/p>\n<p>Os funcion\u00e1rios da Famar (Funda\u00e7\u00e3o de Apoio \u00e0 Faculdade de Medicina de Mar\u00edlia) n\u00e3o puderam votar nesse processo eleitoral.<\/p>\n<p>Por qu\u00ea ?<\/p>\n<p>Os atuais gestores devem ter uma explica\u00e7\u00e3o para tal situa\u00e7\u00e3o antidemocr\u00e1tica.<\/p>\n<p>Um estatuto que respinga sangue e exala aroma da ditadura militar.<\/p>\n<p>Docentes &#8211; peso 70%<\/p>\n<p>Alunos &#8211; peso 15%<\/p>\n<p>Funcion\u00e1rios &#8211; peso 15%<\/p>\n<p>Os funcion\u00e1rios da Fumes votaram, mas para cada voto de 1 docente equivale a 7 votos de funcion\u00e1rios.<\/p>\n<p>Uma luta que j\u00e1 tem um vencedor antes de se apurarem os votos.<\/p>\n<p><strong>A Constitui\u00e7\u00e3o Federal em seu artigo 5\u00ba diz:<\/strong><\/p>\n<p><strong><span style=\"font-family: Arial;\">Art. 5\u00ba &#8211; Todos s\u00e3o iguais perante a lei, sem distin\u00e7\u00e3o de qualquer natureza, garantindo-se aos brasileiros e aos estrangeiros residentes no Pa\u00eds a inviolabilidade do direito \u00e0 vida, \u00e0 liberdade, \u00e0 igualdade, \u00e0 seguran\u00e7a e \u00e0 propriedade (caput).<\/span><\/strong><\/p>\n<p><span style=\"font-family: Arial;\">Ent\u00e3o, por que os funcion\u00e1rios da Famar n\u00e3o puderam votar.?<\/span><\/p>\n<p><span style=\"font-family: Arial;\">S\u00e3o importantes no trabalho di\u00e1rio, mas n\u00e3o s\u00e3o no momento do processo eleitoral ?<\/span><\/p>\n<p><span style=\"font-family: Arial;\">Os alunos votaram em percentual de mais 80% de inten\u00e7\u00f5es de votos para o professor Bitu Moreno, mas n\u00e3o foram considerados.<\/span><\/p>\n<p><span style=\"font-family: Arial;\">Por qu\u00ea ?<\/span><\/p>\n<p><span style=\"font-family: Arial;\">Estatuto da Famema que afronta a Constitui\u00e7\u00e3o Federal em seu artigo 3\u00ba que aduz:<br \/>\n<\/span><\/p>\n<p><strong><span style=\"font-family: Arial;\">Art. 3\u00ba Constituem objetivos fundamentais da Rep\u00fablica Federativa do Brasil:<\/span><\/strong><\/p>\n<p><strong>I &#8211; construir uma sociedade livre, justa e solid\u00e1ria;<\/strong><\/p>\n<p>N\u00e3o foi justa a exclus\u00e3o dos votos dos alunos.<\/p>\n<p>Resultado legitimado politicamente:<\/p>\n<p>Docentes da Fumes:\u00a0 86 votos;\u00a0 funcion\u00e1rios da Fumes: 613 votos;\u00a0 alunos\u00a0 80% das inten\u00e7\u00f5es de votos (votos desconsiderados), e funcion\u00e1rios (docentes e funcion\u00e1rios) da Famar: 90% de inten\u00e7\u00f5es de votos (n\u00e3o puderam votar),\u00a0 para o professor Jos\u00e9 Bitu Moreno.<\/p>\n<p>Bitu tem legitimidade pol\u00edtica para ser o pr\u00f3ximo Diretor Geral da Famema.<\/p>\n<p>Que o governador Geraldo Alckmin fa\u00e7a a op\u00e7\u00e3o por aquele que a comunidade Famema-Fumes-Famar deseja !<\/p>\n<p>A comunidade Famema quer a homologa\u00e7\u00e3o de Jos\u00e9 Bitu Moreno.<\/p>\n<p><a href=\"https:\/\/miltonmarchioli.com.br\/blog\/wp-content\/uploads\/CARTA-AO-GOVERNADOR-POR-INTERM\u00c9DIO-DO-DEPUTADO-PEDRO-TOBIAS.pdf\">A Associa\u00e7\u00e3o dos\u00a0 Funcion\u00e1rios da Funda\u00e7\u00e3o Municipal de Ensino Superior de Mar\u00edlia enviou carta ao Governador do Estado de S\u00e3o Paulo- Geraldo Alckmin- por interm\u00e9dio do l\u00edder do PSDB- Deputado Pedro Tobias pedindo a nomea\u00e7\u00e3o do professor Jos\u00e9 Bitu Moreno.<\/a><\/p>\n<p>Bitu \u00e9 a melhor op\u00e7\u00e3o pol\u00edtica para o Complexo Famema-Fumes-Famar !<\/p>\n<p>O Hospital Regional de Assis ficou em 9\u00ba lugar em 2010, entre os melhores do Estado de S\u00e3o Paulo, na avalia\u00e7\u00e3o feita pelo SUS, que realizou pesquisa ouvindo 158 mil usu\u00e1rios que passaram por interna\u00e7\u00f5es e exames em 630 estabelecimentos conveniados pelo SUS.<\/p>\n<p><a href=\"https:\/\/miltonmarchioli.com.br\/blog\/wp-content\/uploads\/BITU-HOSPITAL-DE-ASSIS-2-1.jpg\"><img loading=\"lazy\" decoding=\"async\" class=\"aligncenter size-full wp-image-12111\" src=\"https:\/\/miltonmarchioli.com.br\/blog\/wp-content\/uploads\/BITU-HOSPITAL-DE-ASSIS-2-1.jpg\" alt=\"BITU- HOSPITAL DE ASSIS 2\" width=\"960\" height=\"644\" srcset=\"https:\/\/miltonmarchioli.com.br\/blog\/wp-content\/uploads\/BITU-HOSPITAL-DE-ASSIS-2-1.jpg 960w, https:\/\/miltonmarchioli.com.br\/blog\/wp-content\/uploads\/BITU-HOSPITAL-DE-ASSIS-2-1-300x201.jpg 300w, https:\/\/miltonmarchioli.com.br\/blog\/wp-content\/uploads\/BITU-HOSPITAL-DE-ASSIS-2-1-768x515.jpg 768w\" sizes=\"auto, (max-width: 960px) 100vw, 960px\" \/><\/a><\/p>\n<p id=\"MTU2NDQx\" class=\"frase fr\" style=\"text-align: left;\">&#8220;De tanto ver triunfar as nulidades; de tanto ver prosperar a desonra, de tanto ver crescer a injusti\u00e7a. De tanto ver agigantarem-se os poderes nas m\u00e3os dos maus, o homem chega a desanimar-se da virtude, a rir-se da honra e a ter vergonha de ser honesto&#8221;.<\/p>\n<p class=\"frase fr\" style=\"text-align: center;\">Rui Barbosa<\/p>\n<p>&nbsp;<\/p>\n","protected":false},"excerpt":{"rendered":"<p>Nos dias 18 e 19 do m\u00eas de mar\u00e7o aconteceram as elei\u00e7\u00f5es para dire\u00e7\u00e3o geral da Famema. O professor Jos\u00e9 Bitu Moreno teve\u00a0 86 votos de docentes e de 613 funcion\u00e1rios da Fumes (Funda\u00e7\u00e3o Municipal de Ensino Superior de Mar\u00edlia). Detalhe&#8230; Os funcion\u00e1rios da Famar (Funda\u00e7\u00e3o de Apoio \u00e0 Faculdade de Medicina de Mar\u00edlia) n\u00e3o &hellip; <a href=\"https:\/\/miltonmarchioli.com.br\/blog\/servidores-alunos-e-docentes-da-fumes-e-famar-querem-jose-bitu-moreno-como-diretor-geral-da-famema\/\" class=\"more-link\">Continue lendo <span class=\"screen-reader-text\">Servidores, alunos, e docentes da Fumes e Famar querem Jos\u00e9 Bitu Moreno como Diretor Geral da Famema<\/span> <span class=\"meta-nav\">&rarr;<\/span><\/a><\/p>\n","protected":false},"author":2,"featured_media":0,"comment_status":"open","ping_status":"open","sticky":false,"template":"","format":"standard","meta":{"rop_custom_images_group":[],"rop_custom_messages_group":[],"rop_publish_now":"initial","rop_publish_now_accounts":[],"rop_publish_now_history":[],"rop_publish_now_status":"pending","footnotes":""},"categories":[18,8,11,13,366,9],"tags":[791,232],"class_list":["post-4728","post","type-post","status-publish","format-standard","hentry","category-direito","category-direito-e-saude","category-economia","category-opiniao","category-politica","category-saude-publica","tag-eleicoes-famema-2013","tag-jose-bitu-moreno"],"_links":{"self":[{"href":"https:\/\/miltonmarchioli.com.br\/blog\/wp-json\/wp\/v2\/posts\/4728","targetHints":{"allow":["GET"]}}],"collection":[{"href":"https:\/\/miltonmarchioli.com.br\/blog\/wp-json\/wp\/v2\/posts"}],"about":[{"href":"https:\/\/miltonmarchioli.com.br\/blog\/wp-json\/wp\/v2\/types\/post"}],"author":[{"embeddable":true,"href":"https:\/\/miltonmarchioli.com.br\/blog\/wp-json\/wp\/v2\/users\/2"}],"replies":[{"embeddable":true,"href":"https:\/\/miltonmarchioli.com.br\/blog\/wp-json\/wp\/v2\/comments?post=4728"}],"version-history":[{"count":26,"href":"https:\/\/miltonmarchioli.com.br\/blog\/wp-json\/wp\/v2\/posts\/4728\/revisions"}],"predecessor-version":[{"id":13661,"href":"https:\/\/miltonmarchioli.com.br\/blog\/wp-json\/wp\/v2\/posts\/4728\/revisions\/13661"}],"wp:attachment":[{"href":"https:\/\/miltonmarchioli.com.br\/blog\/wp-json\/wp\/v2\/media?parent=4728"}],"wp:term":[{"taxonomy":"category","embeddable":true,"href":"https:\/\/miltonmarchioli.com.br\/blog\/wp-json\/wp\/v2\/categories?post=4728"},{"taxonomy":"post_tag","embeddable":true,"href":"https:\/\/miltonmarchioli.com.br\/blog\/wp-json\/wp\/v2\/tags?post=4728"}],"curies":[{"name":"wp","href":"https:\/\/api.w.org\/{rel}","templated":true}]}}